{"id":8469,"date":"2022-03-25T09:38:49","date_gmt":"2022-03-25T08:38:49","guid":{"rendered":"http:\/\/www.fvb.cat\/?p=8469"},"modified":"2023-12-07T11:25:44","modified_gmt":"2023-12-07T10:25:44","slug":"nfancia-adolescencia-noves-tecnologies","status":"publish","type":"post","link":"https:\/\/www.fvb.cat\/es\/infancia-adolescencia-y-nuevas-tecnologias\/","title":{"rendered":"Infancia, adolescencia y nuevas tecnolog\u00edas"},"content":{"rendered":"<section class=\"l-section wpb_row height_medium\"><div class=\"l-section-h i-cf\"><div class=\"g-cols type_default valign_top\"><div class=\"vc_col-sm-12 wpb_column vc_column_container\"><div class=\"vc_column-inner\"><div class=\"wpb_wrapper\"><div class=\"wpb_text_column \"><div class=\"wpb_wrapper\">\n<h3 style=\"text-align: center;\"><span style=\"color: #999999;\">Ya hace unos a\u00f1os entramos en la era de las nuevas tecnolog\u00edas. No cabe duda de que ha sido un cambio importante. Para algunos, puede despertar miedos y desconfianzas. Estos sentimientos, sin embargo,\u00a0pueden ser diferentes\u00a0en las nuevas generaciones, ya que han nacido con estas herramientas incorporadas y en estos pueden despertar ilusi\u00f3n e inter\u00e9s.<\/span><\/h3>\n<p><!--more--><\/p>\n<p>Hoy en d\u00eda ya no solo se juega con mu\u00f1ecos, plastilina, marionetas, etc. <strong>Los videojuegos son una nueva manera de jugar, y<\/strong> en algunos casos tambi\u00e9n <strong>de relacionarse<\/strong>. Ahora ya no solo nos relacionamos de manera presencial, por tel\u00e9fono o por carta. Sino que tambi\u00e9n lo hacemos Whatsapp, por Skype, por Instagram o por medio de un videojuego, (adquiriendo la forma de un avatar).<\/p>\n<p><strong>Lo importante es que las nuevas tecnolog\u00edas no sustituyan por completo el otro tipo de juego,<\/strong> otras actividades u otras maneras de relacionarse.\u00a0<strong>El riesgo ser\u00eda el uso abusivo, que desorganice la vida de nuestro hijo o hija.<\/strong>\u00a0Es crucial que puedan combinarlo con otras actividades como: hacer deporte, escuchar m\u00fasica, jugar con otro tipo de juegos, cenar con la familia, ir a la monta\u00f1a, quedar con amigos y amigas, salir al parque, ir a la playa, a la piscina, etc<strong>.\u00a0<\/strong><\/p>\n<h5 style=\"text-align: center;\"><span style=\"color: #808080;\">Ser\u00eda adecuado poder pactar con nuestro hijo o hija unos tiempos de utilizaci\u00f3n de las pantallas.<\/span><\/h5>\n<p>Durante su uso, <strong>ser\u00eda\u00a0recomendable<\/strong>\u00a0que\u00a0al menos al inicio, sobre todo en la infancia, hubiera <strong>un\u00a0adulto que pudiera\u00a0acompa\u00f1arles en <\/strong><strong>la<\/strong><strong> aventura de las nuevas tecnolog\u00edas<\/strong>.\u00a0A pesar de que probablemente tendr\u00e1n m\u00e1s habilidad que cualquiera de nosotros con las pantallas, <strong>habr\u00e1 ciertas im\u00e1genes<\/strong><strong> o <\/strong><strong>contenidos<\/strong> <strong>que todav\u00eda no est\u00e1n preparados emocionalmente para poder asimilar.<\/strong> Es importante que puedan consultar a alguien ante las dudas,\u00a0inquietudes o\u00a0sentimientos\u00a0dif\u00edciles de digerir que se van encontrando. Es necesario que se les pueda ayudar a pensar sobre aquello que est\u00e1n viendo y sintiendo. <strong>El adulto que <\/strong><strong>los<\/strong><strong> acompa\u00f1e debe acercarse con cuidado y sin descalificaciones,<\/strong> para evitar el rechazo ante dicho contacto tan valioso. Es importante vigilar los contenidos violentos que pueden surgir en videojuegos, pel\u00edculas, series o aplicaciones y poder comentarlo con el ni\u00f1o o ni\u00f1a interesados en ello.<\/p>\n<h5 style=\"text-align: center;\"><span style=\"color: #808080;\">Hay contenido para el que los ni\u00f1os y adolescentes a\u00fan no est\u00e1n preparados para asimilar<\/span><\/h5>\n<div id=\"attachment_13088\" style=\"width: 310px\" class=\"wp-caption aligncenter\"><a href=\"http:\/\/www.fvb.cat\"><img loading=\"lazy\" decoding=\"async\" aria-describedby=\"caption-attachment-13088\" class=\"wp-image-13088 size-medium\" src=\"https:\/\/www.fvb.cat\/wp-content\/uploads\/2022\/03\/07122023_IMG_NEN_AMB_MOBIL_A_FREEPICK-300x200.jpg\" alt=\"\" width=\"300\" height=\"200\" srcset=\"https:\/\/www.fvb.cat\/wp-content\/uploads\/2022\/03\/07122023_IMG_NEN_AMB_MOBIL_A_FREEPICK-300x200.jpg 300w, https:\/\/www.fvb.cat\/wp-content\/uploads\/2022\/03\/07122023_IMG_NEN_AMB_MOBIL_A_FREEPICK-1024x681.jpg 1024w, https:\/\/www.fvb.cat\/wp-content\/uploads\/2022\/03\/07122023_IMG_NEN_AMB_MOBIL_A_FREEPICK-768x511.jpg 768w, https:\/\/www.fvb.cat\/wp-content\/uploads\/2022\/03\/07122023_IMG_NEN_AMB_MOBIL_A_FREEPICK-1536x1022.jpg 1536w, https:\/\/www.fvb.cat\/wp-content\/uploads\/2022\/03\/07122023_IMG_NEN_AMB_MOBIL_A_FREEPICK-2048x1363.jpg 2048w, https:\/\/www.fvb.cat\/wp-content\/uploads\/2022\/03\/07122023_IMG_NEN_AMB_MOBIL_A_FREEPICK-600x399.jpg 600w\" sizes=\"(max-width: 300px) 100vw, 300px\" \/><\/a><p id=\"caption-attachment-13088\" class=\"wp-caption-text\">Ni\u00f1o mirando el m\u00f3vil. Foto v\u00eda: Freepick<\/p><\/div>\n<p><strong>En cuanto a los adolescentes, tienen\u00a0la necesidad de\u00a0relacionarse con sus iguales, hoy en d\u00eda <\/strong><strong>las<\/strong><strong> redes sociales<\/strong> (Whatsapp, Instagram, Facebook, etc.) son un canal m\u00e1s para conseguirlo. No permitirles utilizarlas ser\u00eda como no permitir a los adolescentes de antes enviarse cartas o hablar por tel\u00e9fono. <strong>Las nuevas tecnolog\u00edas son un elemento m\u00e1s para cubrir estas necesidades normales de la edad.\u00a0<\/strong><\/p>\n<p><strong>Se tiene que valorar qu\u00e9 otros beneficios aportan las nuevas tecnolog\u00edas:<\/strong> acceso a la informaci\u00f3n (pr\u00e1cticamente ilimitada) o el contacto a distancia (importante especialmente para las familias inmigradas). Es una manera de tener m\u00e1s cerca y estar conectado con amigos y familiares que viven lejos.<\/p>\n<h5 style=\"text-align: center;\"><span style=\"color: #808080;\">Lo m\u00e1s conveniente es aconsejar un mejor uso, m\u00e1s que una prohibici\u00f3n radical<\/span><\/h5>\n<p>Tenemos que acercarlos a lo que les interesa, informarles de los peligros que hay en la red. Como tambi\u00e9n orientarles d\u00e1ndoles pautas para un mejor uso. Pero sobre todo, compartir momentos de b\u00fasqueda, de juego, de diversi\u00f3n conjunta con vuestros hijos e hijas.<\/p>\n<p>A veces puede ser <a href=\"https:\/\/www.fvb.cat\/es\/centro-medico-psicologico-3\/familia\/\">dif\u00edcil<\/a> acercarse si los padres y madres se interesan por eso que hace o mira, seguramente el ni\u00f1o tendr\u00e1 m\u00e1s ganas de compartirlo. <strong>As\u00ed conoceremos\u00a0cu\u00e1les son sus miedos, intereses, angustias y necesidades.<\/strong><\/p>\n<p>Podr\u00eda parecer que \u00fanicamente ser\u00edan los adolescentes los que est\u00e1n enganchados a las pantallas, pero si nos miramos a nosotros mismos y pensamos en todo lo necesario que es el m\u00f3vil, tableta u ordenador en nuestro d\u00eda a d\u00eda seguramente nos sorprenderemos. Si deseamos que nuestros hijos no solo se interesen por las nuevas tecnolog\u00edas, deber\u00edamos pensar en que los ni\u00f1os y los adolescentes en gran parte aprenden por imitaci\u00f3n.<\/p>\n<h5 style=\"text-align: center;\"><span style=\"color: #808080;\">La manera de que los ni\u00f1os lean, estudien, hagan deporte, es que lo puedan ver y compartir con sus adultos referentes.<\/span><\/h5>\n<p>No cabe duda de que es un mundo todav\u00eda desconocido, en desarrollo y las soluciones no son sencillas. Debemos aprender de ello e intentar ayudar a nuestros hijos e hijas a poder usar las pantallas de la mejor manera posible<strong>.\u00a0Sabiendo que lo importante es compartir la experiencia en un clima de afecto ya sean nuevas tecnolog\u00edas o juegos de toda la vida.<\/strong><\/div> <\/div> <\/div><\/div><\/div><\/div><\/div><\/section><section class=\"l-section wpb_row height_medium\"><div class=\"l-section-h i-cf\"><div class=\"g-cols type_default valign_top\"><div class=\"vc_col-sm-12 wpb_column vc_column_container\"><div class=\"vc_column-inner\"><div class=\"wpb_wrapper\"><div class=\"w-iconbox iconpos_left style_default color_custom\"><div class=\"w-iconbox-icon\" style=\"color:#6b929d;\"><i class=\"fa fa-star\"><\/i><\/div><div class=\"w-iconbox-meta\"><h6 class=\"w-iconbox-title\">Por:<\/h6><div class=\"w-iconbox-text\">Amaia Zabaleta Razquin. Psic\u00f3loga cl\u00ednica.<br \/>\nCSMIJ Santa Coloma de Gramenet<\/div><\/div><\/div><\/div><\/div><\/div><\/div><\/div><\/section>","protected":false},"excerpt":{"rendered":"<p>Ya hace unos a\u00f1os entramos en la era de las nuevas tecnolog\u00edas&#8230;.<\/p>\n","protected":false},"author":8,"featured_media":8470,"comment_status":"open","ping_status":"open","sticky":false,"template":"","format":"standard","meta":{"footnotes":""},"categories":[46],"tags":[286,284,289,288,287,285],"yoast_head":"<!-- This site is optimized with the Yoast SEO plugin v22.6 - https:\/\/yoast.com\/wordpress\/plugins\/seo\/ -->\n<title>Inf\u00e0ncia, adolesc\u00e8ncia i noves tecnologies<\/title>\n<meta name=\"description\" content=\"Les noves tecnologies han estat un gran canvi. Per tant s&#039;ha d&#039;anar amb molta cura a l&#039;hora d&#039;introduir-les a la vida d&#039;infants i adolescents\" \/>\n<meta name=\"robots\" content=\"index, follow, max-snippet:-1, max-image-preview:large, max-video-preview:-1\" \/>\n<link rel=\"canonical\" href=\"https:\/\/www.fvb.cat\/es\/?p=8469\" \/>\n<meta property=\"og:locale\" content=\"es_ES\" \/>\n<meta property=\"og:type\" content=\"article\" \/>\n<meta property=\"og:title\" content=\"Inf\u00e0ncia, adolesc\u00e8ncia i noves tecnologies\" \/>\n<meta property=\"og:description\" content=\"Les noves tecnologies han estat un gran canvi. Per tant s&#039;ha d&#039;anar amb molta cura a l&#039;hora d&#039;introduir-les a la vida d&#039;infants i adolescents\" \/>\n<meta property=\"og:url\" content=\"https:\/\/www.fvb.cat\/es\/?p=8469\" \/>\n<meta property=\"og:site_name\" content=\"Fundaci\u00f3 Vidal i Barraquer\" \/>\n<meta property=\"article:published_time\" content=\"2022-03-25T08:38:49+00:00\" \/>\n<meta property=\"article:modified_time\" content=\"2023-12-07T10:25:44+00:00\" \/>\n<meta property=\"og:image\" content=\"https:\/\/www.fvb.cat\/wp-content\/uploads\/2019\/05\/alone-2477761_960_720.jpg\" \/>\n\t<meta property=\"og:image:width\" content=\"960\" \/>\n\t<meta property=\"og:image:height\" content=\"640\" \/>\n\t<meta property=\"og:image:type\" content=\"image\/jpeg\" \/>\n<meta name=\"author\" content=\"Eul\u00e0lia Sayrach\" \/>\n<meta name=\"twitter:card\" content=\"summary_large_image\" \/>\n<meta name=\"twitter:label1\" content=\"Escrito por\" \/>\n\t<meta name=\"twitter:data1\" content=\"Eul\u00e0lia Sayrach\" \/>\n\t<meta name=\"twitter:label2\" content=\"Tiempo de lectura\" \/>\n\t<meta name=\"twitter:data2\" content=\"4 minutos\" \/>\n<script type=\"application\/ld+json\" class=\"yoast-schema-graph\">{\"@context\":\"https:\/\/schema.org\",\"@graph\":[{\"@type\":\"Article\",\"@id\":\"https:\/\/www.fvb.cat\/es\/?p=8469#article\",\"isPartOf\":{\"@id\":\"https:\/\/www.fvb.cat\/es\/?p=8469\"},\"author\":{\"name\":\"Eul\u00e0lia Sayrach\",\"@id\":\"https:\/\/www.fvb.cat\/es\/#\/schema\/person\/54e643cec1b77650bc6412b0c7be70af\"},\"headline\":\"Infancia, adolescencia y nuevas tecnolog\u00edas\",\"datePublished\":\"2022-03-25T08:38:49+00:00\",\"dateModified\":\"2023-12-07T10:25:44+00:00\",\"mainEntityOfPage\":{\"@id\":\"https:\/\/www.fvb.cat\/es\/?p=8469\"},\"wordCount\":1710,\"commentCount\":0,\"publisher\":{\"@id\":\"https:\/\/www.fvb.cat\/es\/#organization\"},\"image\":{\"@id\":\"https:\/\/www.fvb.cat\/es\/?p=8469#primaryimage\"},\"thumbnailUrl\":\"https:\/\/www.fvb.cat\/wp-content\/uploads\/2019\/05\/alone-2477761_960_720.jpg\",\"keywords\":[\"#Adolescentes\",\"#Internet\",\"#Ni\u00f1as\",\"#Ni\u00f1os\",\"#Pantallas\",\"#Tecnolog\u00eda\"],\"articleSection\":[\"Internet\"],\"inLanguage\":\"es\"},{\"@type\":\"WebPage\",\"@id\":\"https:\/\/www.fvb.cat\/es\/?p=8469\",\"url\":\"https:\/\/www.fvb.cat\/es\/?p=8469\",\"name\":\"Inf\u00e0ncia, adolesc\u00e8ncia i noves tecnologies\",\"isPartOf\":{\"@id\":\"https:\/\/www.fvb.cat\/es\/#website\"},\"primaryImageOfPage\":{\"@id\":\"https:\/\/www.fvb.cat\/es\/?p=8469#primaryimage\"},\"image\":{\"@id\":\"https:\/\/www.fvb.cat\/es\/?p=8469#primaryimage\"},\"thumbnailUrl\":\"https:\/\/www.fvb.cat\/wp-content\/uploads\/2019\/05\/alone-2477761_960_720.jpg\",\"datePublished\":\"2022-03-25T08:38:49+00:00\",\"dateModified\":\"2023-12-07T10:25:44+00:00\",\"description\":\"Les noves tecnologies han estat un gran canvi. Per tant s'ha d'anar amb molta cura a l'hora d'introduir-les a la vida d'infants i adolescents\",\"breadcrumb\":{\"@id\":\"https:\/\/www.fvb.cat\/es\/?p=8469#breadcrumb\"},\"inLanguage\":\"es\",\"potentialAction\":[{\"@type\":\"ReadAction\",\"target\":[\"https:\/\/www.fvb.cat\/es\/?p=8469\"]}]},{\"@type\":\"ImageObject\",\"inLanguage\":\"es\",\"@id\":\"https:\/\/www.fvb.cat\/es\/?p=8469#primaryimage\",\"url\":\"https:\/\/www.fvb.cat\/wp-content\/uploads\/2019\/05\/alone-2477761_960_720.jpg\",\"contentUrl\":\"https:\/\/www.fvb.cat\/wp-content\/uploads\/2019\/05\/alone-2477761_960_720.jpg\",\"width\":960,\"height\":640},{\"@type\":\"BreadcrumbList\",\"@id\":\"https:\/\/www.fvb.cat\/es\/?p=8469#breadcrumb\",\"itemListElement\":[{\"@type\":\"ListItem\",\"position\":1,\"name\":\"Inici\",\"item\":\"https:\/\/www.fvb.cat\/es\/\"},{\"@type\":\"ListItem\",\"position\":2,\"name\":\"Infancia, adolescencia y nuevas tecnolog\u00edas\"}]},{\"@type\":\"WebSite\",\"@id\":\"https:\/\/www.fvb.cat\/es\/#website\",\"url\":\"https:\/\/www.fvb.cat\/es\/\",\"name\":\"Fundaci\u00f3 Vidal i Barraquer\",\"description\":\"Asistencia, docencia e investigaci\u00f3n en Salud Mental\",\"publisher\":{\"@id\":\"https:\/\/www.fvb.cat\/es\/#organization\"},\"potentialAction\":[{\"@type\":\"SearchAction\",\"target\":{\"@type\":\"EntryPoint\",\"urlTemplate\":\"https:\/\/www.fvb.cat\/es\/?s={search_term_string}\"},\"query-input\":\"required name=search_term_string\"}],\"inLanguage\":\"es\"},{\"@type\":\"Organization\",\"@id\":\"https:\/\/www.fvb.cat\/es\/#organization\",\"name\":\"Fundaci\u00f3 Vidal i Barraquer\",\"url\":\"https:\/\/www.fvb.cat\/es\/\",\"logo\":{\"@type\":\"ImageObject\",\"inLanguage\":\"es\",\"@id\":\"https:\/\/www.fvb.cat\/es\/#\/schema\/logo\/image\/\",\"url\":\"https:\/\/www.fvb.cat\/wp-content\/uploads\/2024\/05\/logo-vidal-i-barrauqer-60-aniversari.jpg\",\"contentUrl\":\"https:\/\/www.fvb.cat\/wp-content\/uploads\/2024\/05\/logo-vidal-i-barrauqer-60-aniversari.jpg\",\"width\":2125,\"height\":703,\"caption\":\"Fundaci\u00f3 Vidal i Barraquer\"},\"image\":{\"@id\":\"https:\/\/www.fvb.cat\/es\/#\/schema\/logo\/image\/\"}},{\"@type\":\"Person\",\"@id\":\"https:\/\/www.fvb.cat\/es\/#\/schema\/person\/54e643cec1b77650bc6412b0c7be70af\",\"name\":\"Eul\u00e0lia Sayrach\",\"image\":{\"@type\":\"ImageObject\",\"inLanguage\":\"es\",\"@id\":\"https:\/\/www.fvb.cat\/es\/#\/schema\/person\/image\/\",\"url\":\"https:\/\/secure.gravatar.com\/avatar\/f55c3fb668f232d5ed3e474d0b4e6f76?s=96&d=mm&r=g\",\"contentUrl\":\"https:\/\/secure.gravatar.com\/avatar\/f55c3fb668f232d5ed3e474d0b4e6f76?s=96&d=mm&r=g\",\"caption\":\"Eul\u00e0lia Sayrach\"},\"url\":\"https:\/\/www.fvb.cat\/es\/author\/eulalia-sayrach\/\"}]}<\/script>\n<!-- \/ Yoast SEO plugin. -->","yoast_head_json":{"title":"Inf\u00e0ncia, adolesc\u00e8ncia i noves tecnologies","description":"Les noves tecnologies han estat un gran canvi. Per tant s'ha d'anar amb molta cura a l'hora d'introduir-les a la vida d'infants i adolescents","robots":{"index":"index","follow":"follow","max-snippet":"max-snippet:-1","max-image-preview":"max-image-preview:large","max-video-preview":"max-video-preview:-1"},"canonical":"https:\/\/www.fvb.cat\/es\/?p=8469","og_locale":"es_ES","og_type":"article","og_title":"Inf\u00e0ncia, adolesc\u00e8ncia i noves tecnologies","og_description":"Les noves tecnologies han estat un gran canvi. Per tant s'ha d'anar amb molta cura a l'hora d'introduir-les a la vida d'infants i adolescents","og_url":"https:\/\/www.fvb.cat\/es\/?p=8469","og_site_name":"Fundaci\u00f3 Vidal i Barraquer","article_published_time":"2022-03-25T08:38:49+00:00","article_modified_time":"2023-12-07T10:25:44+00:00","og_image":[{"width":960,"height":640,"url":"https:\/\/www.fvb.cat\/wp-content\/uploads\/2019\/05\/alone-2477761_960_720.jpg","type":"image\/jpeg"}],"author":"Eul\u00e0lia Sayrach","twitter_card":"summary_large_image","twitter_misc":{"Escrito por":"Eul\u00e0lia Sayrach","Tiempo de lectura":"4 minutos"},"schema":{"@context":"https:\/\/schema.org","@graph":[{"@type":"Article","@id":"https:\/\/www.fvb.cat\/es\/?p=8469#article","isPartOf":{"@id":"https:\/\/www.fvb.cat\/es\/?p=8469"},"author":{"name":"Eul\u00e0lia Sayrach","@id":"https:\/\/www.fvb.cat\/es\/#\/schema\/person\/54e643cec1b77650bc6412b0c7be70af"},"headline":"Infancia, adolescencia y nuevas tecnolog\u00edas","datePublished":"2022-03-25T08:38:49+00:00","dateModified":"2023-12-07T10:25:44+00:00","mainEntityOfPage":{"@id":"https:\/\/www.fvb.cat\/es\/?p=8469"},"wordCount":1710,"commentCount":0,"publisher":{"@id":"https:\/\/www.fvb.cat\/es\/#organization"},"image":{"@id":"https:\/\/www.fvb.cat\/es\/?p=8469#primaryimage"},"thumbnailUrl":"https:\/\/www.fvb.cat\/wp-content\/uploads\/2019\/05\/alone-2477761_960_720.jpg","keywords":["#Adolescentes","#Internet","#Ni\u00f1as","#Ni\u00f1os","#Pantallas","#Tecnolog\u00eda"],"articleSection":["Internet"],"inLanguage":"es"},{"@type":"WebPage","@id":"https:\/\/www.fvb.cat\/es\/?p=8469","url":"https:\/\/www.fvb.cat\/es\/?p=8469","name":"Inf\u00e0ncia, adolesc\u00e8ncia i noves tecnologies","isPartOf":{"@id":"https:\/\/www.fvb.cat\/es\/#website"},"primaryImageOfPage":{"@id":"https:\/\/www.fvb.cat\/es\/?p=8469#primaryimage"},"image":{"@id":"https:\/\/www.fvb.cat\/es\/?p=8469#primaryimage"},"thumbnailUrl":"https:\/\/www.fvb.cat\/wp-content\/uploads\/2019\/05\/alone-2477761_960_720.jpg","datePublished":"2022-03-25T08:38:49+00:00","dateModified":"2023-12-07T10:25:44+00:00","description":"Les noves tecnologies han estat un gran canvi. Per tant s'ha d'anar amb molta cura a l'hora d'introduir-les a la vida d'infants i adolescents","breadcrumb":{"@id":"https:\/\/www.fvb.cat\/es\/?p=8469#breadcrumb"},"inLanguage":"es","potentialAction":[{"@type":"ReadAction","target":["https:\/\/www.fvb.cat\/es\/?p=8469"]}]},{"@type":"ImageObject","inLanguage":"es","@id":"https:\/\/www.fvb.cat\/es\/?p=8469#primaryimage","url":"https:\/\/www.fvb.cat\/wp-content\/uploads\/2019\/05\/alone-2477761_960_720.jpg","contentUrl":"https:\/\/www.fvb.cat\/wp-content\/uploads\/2019\/05\/alone-2477761_960_720.jpg","width":960,"height":640},{"@type":"BreadcrumbList","@id":"https:\/\/www.fvb.cat\/es\/?p=8469#breadcrumb","itemListElement":[{"@type":"ListItem","position":1,"name":"Inici","item":"https:\/\/www.fvb.cat\/es\/"},{"@type":"ListItem","position":2,"name":"Infancia, adolescencia y nuevas tecnolog\u00edas"}]},{"@type":"WebSite","@id":"https:\/\/www.fvb.cat\/es\/#website","url":"https:\/\/www.fvb.cat\/es\/","name":"Fundaci\u00f3 Vidal i Barraquer","description":"Asistencia, docencia e investigaci\u00f3n en Salud Mental","publisher":{"@id":"https:\/\/www.fvb.cat\/es\/#organization"},"potentialAction":[{"@type":"SearchAction","target":{"@type":"EntryPoint","urlTemplate":"https:\/\/www.fvb.cat\/es\/?s={search_term_string}"},"query-input":"required name=search_term_string"}],"inLanguage":"es"},{"@type":"Organization","@id":"https:\/\/www.fvb.cat\/es\/#organization","name":"Fundaci\u00f3 Vidal i Barraquer","url":"https:\/\/www.fvb.cat\/es\/","logo":{"@type":"ImageObject","inLanguage":"es","@id":"https:\/\/www.fvb.cat\/es\/#\/schema\/logo\/image\/","url":"https:\/\/www.fvb.cat\/wp-content\/uploads\/2024\/05\/logo-vidal-i-barrauqer-60-aniversari.jpg","contentUrl":"https:\/\/www.fvb.cat\/wp-content\/uploads\/2024\/05\/logo-vidal-i-barrauqer-60-aniversari.jpg","width":2125,"height":703,"caption":"Fundaci\u00f3 Vidal i Barraquer"},"image":{"@id":"https:\/\/www.fvb.cat\/es\/#\/schema\/logo\/image\/"}},{"@type":"Person","@id":"https:\/\/www.fvb.cat\/es\/#\/schema\/person\/54e643cec1b77650bc6412b0c7be70af","name":"Eul\u00e0lia Sayrach","image":{"@type":"ImageObject","inLanguage":"es","@id":"https:\/\/www.fvb.cat\/es\/#\/schema\/person\/image\/","url":"https:\/\/secure.gravatar.com\/avatar\/f55c3fb668f232d5ed3e474d0b4e6f76?s=96&d=mm&r=g","contentUrl":"https:\/\/secure.gravatar.com\/avatar\/f55c3fb668f232d5ed3e474d0b4e6f76?s=96&d=mm&r=g","caption":"Eul\u00e0lia Sayrach"},"url":"https:\/\/www.fvb.cat\/es\/author\/eulalia-sayrach\/"}]}},"_links":{"self":[{"href":"https:\/\/www.fvb.cat\/es\/wp-json\/wp\/v2\/posts\/8469"}],"collection":[{"href":"https:\/\/www.fvb.cat\/es\/wp-json\/wp\/v2\/posts"}],"about":[{"href":"https:\/\/www.fvb.cat\/es\/wp-json\/wp\/v2\/types\/post"}],"author":[{"embeddable":true,"href":"https:\/\/www.fvb.cat\/es\/wp-json\/wp\/v2\/users\/8"}],"replies":[{"embeddable":true,"href":"https:\/\/www.fvb.cat\/es\/wp-json\/wp\/v2\/comments?post=8469"}],"version-history":[{"count":10,"href":"https:\/\/www.fvb.cat\/es\/wp-json\/wp\/v2\/posts\/8469\/revisions"}],"predecessor-version":[{"id":15222,"href":"https:\/\/www.fvb.cat\/es\/wp-json\/wp\/v2\/posts\/8469\/revisions\/15222"}],"wp:featuredmedia":[{"embeddable":true,"href":"https:\/\/www.fvb.cat\/es\/wp-json\/wp\/v2\/media\/8470"}],"wp:attachment":[{"href":"https:\/\/www.fvb.cat\/es\/wp-json\/wp\/v2\/media?parent=8469"}],"wp:term":[{"taxonomy":"category","embeddable":true,"href":"https:\/\/www.fvb.cat\/es\/wp-json\/wp\/v2\/categories?post=8469"},{"taxonomy":"post_tag","embeddable":true,"href":"https:\/\/www.fvb.cat\/es\/wp-json\/wp\/v2\/tags?post=8469"}],"curies":[{"name":"wp","href":"https:\/\/api.w.org\/{rel}","templated":true}]}}