{"id":7119,"date":"2017-10-23T10:56:48","date_gmt":"2017-10-23T09:56:48","guid":{"rendered":"http:\/\/www.fvb.cat\/?p=7119"},"modified":"2023-12-05T10:57:01","modified_gmt":"2023-12-05T09:57:01","slug":"jornada-esportiva-organitzativa-pel-centre-de-rehabilitacio-de-sant-andreu-2-2-2-2-2-2-2-2-2-2-2-2-2-2-2-2-2-2","status":"publish","type":"post","link":"https:\/\/www.fvb.cat\/es\/cuando-nosotros-nos-separamos\/","title":{"rendered":"\u00bfCu\u00e1ndo nosotros nos separamos, que pasa con ellos?"},"content":{"rendered":"<section class=\"l-section wpb_row height_medium\"><div class=\"l-section-h i-cf\"><div class=\"g-cols type_default valign_top\"><div class=\"vc_col-sm-12 wpb_column vc_column_container\"><div class=\"vc_column-inner\"><div class=\"wpb_wrapper\"><div class=\"wpb_text_column \"><div class=\"wpb_wrapper\">\n<h3 style=\"text-align: center;\"><span style=\"color: #808080;\">La separaci\u00f3n de la pareja es una de aquellas situaciones complejas que podemos vivir las personas a lo largo de la vida. Pero es tambi\u00e9n una de aquellas vivencias que nos puedan ayudar a crecer<\/span><\/h3>\n<p>La separaci\u00f3n de la pareja es una de esas situaciones complejas y dif\u00edciles que podemos vivir las personas a lo largo de la vida. Pero es tambi\u00e9n una de esas vivencias que nos pueden ayudar a crecer. Cuando una persona se separa no s\u00f3lo debe hacer frente al sufrimiento que produce la p\u00e9rdida de la convivencia con la otra persona, sino a la renuncia de un proyecto de futuro personal compartido.<\/p>\n<p>La ruptura de pareja, es, en definitiva, un momento duro. Si, adem\u00e1s, la pareja tiene hijos en com\u00fan, entonces tenemos que afrontar una gran paradoja, ya que por un lado tenemos que vivir el \u00abluto\u00bb por el final de la pareja conyugal, y por otro el nacimiento de una nueva forma de relaci\u00f3n como pareja parental.<\/p>\n<p>Fuente: Hoja de asesoramiento de la escuela de padres de la FAPAC donde se aborda como acompa\u00f1ar a los hijos en el proceso de separaci\u00f3n. <strong>FEDERACI\u00d3N DE ASOCIACIONES DE PADRES DE ALUMNOS DE CATALU\u00d1A (FAPAC)<\/strong>. Autora del texto: <em>Susanna Fern\u00e1ndez<\/em> (psic\u00f3loga).<\/p>\n<p>Acceso al <a href=\"http:\/\/www.fapac.cat\/sites\/all\/files\/file\/Publicacions\/Fulls%20d'assessorament\/full%20054.pdf\">documento<\/a>.<\/div> <\/div> <\/div><\/div><\/div><\/div><\/div><\/section>","protected":false},"excerpt":{"rendered":"<p>Disculpa, pero esta entrada est\u00e1 disponible s\u00f3lo en Catal\u00e0. For the sake&#8230;<\/p>\n","protected":false},"author":1,"featured_media":7120,"comment_status":"open","ping_status":"open","sticky":false,"template":"","format":"standard","meta":{"footnotes":""},"categories":[43],"tags":[160,159,157,158],"yoast_head":"<!-- This site is optimized with the Yoast SEO plugin v22.6 - https:\/\/yoast.com\/wordpress\/plugins\/seo\/ -->\n<title>Quan nosaltres ens separem, qu\u00e8 passa amb ells?<\/title>\n<meta name=\"description\" content=\"Quan una parella es separa, els fills viuen un moment complexe. Per tant, hem de saber com abordar l&#039;acompanyament dels fills.\" \/>\n<meta name=\"robots\" content=\"index, follow, max-snippet:-1, max-image-preview:large, max-video-preview:-1\" \/>\n<link rel=\"canonical\" href=\"https:\/\/www.fvb.cat\/ca\/quan-nosaltres-ens-separem\/\" \/>\n<meta property=\"og:locale\" content=\"es_ES\" \/>\n<meta property=\"og:type\" content=\"article\" \/>\n<meta property=\"og:title\" content=\"Quan nosaltres ens separem, qu\u00e8 passa amb ells?\" \/>\n<meta property=\"og:description\" content=\"Quan una parella es separa, els fills viuen un moment complexe. Per tant, hem de saber com abordar l&#039;acompanyament dels fills.\" \/>\n<meta property=\"og:url\" content=\"https:\/\/www.fvb.cat\/ca\/quan-nosaltres-ens-separem\/\" \/>\n<meta property=\"og:site_name\" content=\"Fundaci\u00f3 Vidal i Barraquer\" \/>\n<meta property=\"article:published_time\" content=\"2017-10-23T09:56:48+00:00\" \/>\n<meta property=\"article:modified_time\" content=\"2023-12-05T09:57:01+00:00\" \/>\n<meta property=\"og:image\" content=\"https:\/\/www.fvb.cat\/wp-content\/uploads\/2017\/10\/POST21.jpg\" \/>\n\t<meta property=\"og:image:width\" content=\"734\" \/>\n\t<meta property=\"og:image:height\" content=\"480\" \/>\n\t<meta property=\"og:image:type\" content=\"image\/jpeg\" \/>\n<meta name=\"author\" content=\"Administrador\" \/>\n<meta name=\"twitter:card\" content=\"summary_large_image\" \/>\n<meta name=\"twitter:label1\" content=\"Escrito por\" \/>\n\t<meta name=\"twitter:data1\" content=\"Administrador\" \/>\n\t<meta name=\"twitter:label2\" content=\"Tiempo de lectura\" \/>\n\t<meta name=\"twitter:data2\" content=\"3 minutos\" \/>\n<script type=\"application\/ld+json\" class=\"yoast-schema-graph\">{\"@context\":\"https:\/\/schema.org\",\"@graph\":[{\"@type\":[\"Article\",\"BlogPosting\"],\"@id\":\"https:\/\/www.fvb.cat\/ca\/quan-nosaltres-ens-separem\/#article\",\"isPartOf\":{\"@id\":\"https:\/\/www.fvb.cat\/ca\/quan-nosaltres-ens-separem\/\"},\"author\":{\"name\":\"Administrador\",\"@id\":\"https:\/\/www.fvb.cat\/es\/#\/schema\/person\/03b4a958dc6fab0dbafb778050b52637\"},\"headline\":\"\u00bfCu\u00e1ndo nosotros nos separamos, que pasa con ellos?\",\"datePublished\":\"2017-10-23T09:56:48+00:00\",\"dateModified\":\"2023-12-05T09:57:01+00:00\",\"mainEntityOfPage\":{\"@id\":\"https:\/\/www.fvb.cat\/ca\/quan-nosaltres-ens-separem\/\"},\"wordCount\":489,\"commentCount\":0,\"publisher\":{\"@id\":\"https:\/\/www.fvb.cat\/es\/#organization\"},\"image\":{\"@id\":\"https:\/\/www.fvb.cat\/ca\/quan-nosaltres-ens-separem\/#primaryimage\"},\"thumbnailUrl\":\"https:\/\/www.fvb.cat\/wp-content\/uploads\/2017\/10\/POST21.jpg\",\"keywords\":[\"custodia compartida.\",\"divorci amb fills\",\"Mediador\",\"trencament de la parella\"],\"articleSection\":[\"Separaci\u00f3n\"],\"inLanguage\":\"es\"},{\"@type\":\"WebPage\",\"@id\":\"https:\/\/www.fvb.cat\/ca\/quan-nosaltres-ens-separem\/\",\"url\":\"https:\/\/www.fvb.cat\/ca\/quan-nosaltres-ens-separem\/\",\"name\":\"Quan nosaltres ens separem, qu\u00e8 passa amb ells?\",\"isPartOf\":{\"@id\":\"https:\/\/www.fvb.cat\/es\/#website\"},\"primaryImageOfPage\":{\"@id\":\"https:\/\/www.fvb.cat\/ca\/quan-nosaltres-ens-separem\/#primaryimage\"},\"image\":{\"@id\":\"https:\/\/www.fvb.cat\/ca\/quan-nosaltres-ens-separem\/#primaryimage\"},\"thumbnailUrl\":\"https:\/\/www.fvb.cat\/wp-content\/uploads\/2017\/10\/POST21.jpg\",\"datePublished\":\"2017-10-23T09:56:48+00:00\",\"dateModified\":\"2023-12-05T09:57:01+00:00\",\"description\":\"Quan una parella es separa, els fills viuen un moment complexe. Per tant, hem de saber com abordar l'acompanyament dels fills.\",\"breadcrumb\":{\"@id\":\"https:\/\/www.fvb.cat\/ca\/quan-nosaltres-ens-separem\/#breadcrumb\"},\"inLanguage\":\"es\",\"potentialAction\":[{\"@type\":\"ReadAction\",\"target\":[\"https:\/\/www.fvb.cat\/ca\/quan-nosaltres-ens-separem\/\"]}]},{\"@type\":\"ImageObject\",\"inLanguage\":\"es\",\"@id\":\"https:\/\/www.fvb.cat\/ca\/quan-nosaltres-ens-separem\/#primaryimage\",\"url\":\"https:\/\/www.fvb.cat\/wp-content\/uploads\/2017\/10\/POST21.jpg\",\"contentUrl\":\"https:\/\/www.fvb.cat\/wp-content\/uploads\/2017\/10\/POST21.jpg\",\"width\":734,\"height\":480},{\"@type\":\"BreadcrumbList\",\"@id\":\"https:\/\/www.fvb.cat\/ca\/quan-nosaltres-ens-separem\/#breadcrumb\",\"itemListElement\":[{\"@type\":\"ListItem\",\"position\":1,\"name\":\"Inici\",\"item\":\"https:\/\/www.fvb.cat\/es\/\"},{\"@type\":\"ListItem\",\"position\":2,\"name\":\"Quan nosaltres ens separem, qu\u00e8 passa amb ells?\"}]},{\"@type\":\"WebSite\",\"@id\":\"https:\/\/www.fvb.cat\/es\/#website\",\"url\":\"https:\/\/www.fvb.cat\/es\/\",\"name\":\"Fundaci\u00f3 Vidal i Barraquer\",\"description\":\"Asistencia, docencia e investigaci\u00f3n en Salud Mental\",\"publisher\":{\"@id\":\"https:\/\/www.fvb.cat\/es\/#organization\"},\"potentialAction\":[{\"@type\":\"SearchAction\",\"target\":{\"@type\":\"EntryPoint\",\"urlTemplate\":\"https:\/\/www.fvb.cat\/es\/?s={search_term_string}\"},\"query-input\":\"required name=search_term_string\"}],\"inLanguage\":\"es\"},{\"@type\":\"Organization\",\"@id\":\"https:\/\/www.fvb.cat\/es\/#organization\",\"name\":\"Fundaci\u00f3 Vidal i Barraquer\",\"url\":\"https:\/\/www.fvb.cat\/es\/\",\"logo\":{\"@type\":\"ImageObject\",\"inLanguage\":\"es\",\"@id\":\"https:\/\/www.fvb.cat\/es\/#\/schema\/logo\/image\/\",\"url\":\"https:\/\/www.fvb.cat\/wp-content\/uploads\/2024\/05\/logo-vidal-i-barrauqer-60-aniversari.jpg\",\"contentUrl\":\"https:\/\/www.fvb.cat\/wp-content\/uploads\/2024\/05\/logo-vidal-i-barrauqer-60-aniversari.jpg\",\"width\":2125,\"height\":703,\"caption\":\"Fundaci\u00f3 Vidal i Barraquer\"},\"image\":{\"@id\":\"https:\/\/www.fvb.cat\/es\/#\/schema\/logo\/image\/\"}},{\"@type\":\"Person\",\"@id\":\"https:\/\/www.fvb.cat\/es\/#\/schema\/person\/03b4a958dc6fab0dbafb778050b52637\",\"name\":\"Administrador\",\"image\":{\"@type\":\"ImageObject\",\"inLanguage\":\"es\",\"@id\":\"https:\/\/www.fvb.cat\/es\/#\/schema\/person\/image\/\",\"url\":\"https:\/\/secure.gravatar.com\/avatar\/3359dacc7c1fd5ba1c01139108f9e4b9?s=96&d=mm&r=g\",\"contentUrl\":\"https:\/\/secure.gravatar.com\/avatar\/3359dacc7c1fd5ba1c01139108f9e4b9?s=96&d=mm&r=g\",\"caption\":\"Administrador\"},\"url\":\"https:\/\/www.fvb.cat\/es\/author\/admin\/\"}]}<\/script>\n<!-- \/ Yoast SEO plugin. -->","yoast_head_json":{"title":"Quan nosaltres ens separem, qu\u00e8 passa amb ells?","description":"Quan una parella es separa, els fills viuen un moment complexe. Per tant, hem de saber com abordar l'acompanyament dels fills.","robots":{"index":"index","follow":"follow","max-snippet":"max-snippet:-1","max-image-preview":"max-image-preview:large","max-video-preview":"max-video-preview:-1"},"canonical":"https:\/\/www.fvb.cat\/ca\/quan-nosaltres-ens-separem\/","og_locale":"es_ES","og_type":"article","og_title":"Quan nosaltres ens separem, qu\u00e8 passa amb ells?","og_description":"Quan una parella es separa, els fills viuen un moment complexe. Per tant, hem de saber com abordar l'acompanyament dels fills.","og_url":"https:\/\/www.fvb.cat\/ca\/quan-nosaltres-ens-separem\/","og_site_name":"Fundaci\u00f3 Vidal i Barraquer","article_published_time":"2017-10-23T09:56:48+00:00","article_modified_time":"2023-12-05T09:57:01+00:00","og_image":[{"width":734,"height":480,"url":"https:\/\/www.fvb.cat\/wp-content\/uploads\/2017\/10\/POST21.jpg","type":"image\/jpeg"}],"author":"Administrador","twitter_card":"summary_large_image","twitter_misc":{"Escrito por":"Administrador","Tiempo de lectura":"3 minutos"},"schema":{"@context":"https:\/\/schema.org","@graph":[{"@type":["Article","BlogPosting"],"@id":"https:\/\/www.fvb.cat\/ca\/quan-nosaltres-ens-separem\/#article","isPartOf":{"@id":"https:\/\/www.fvb.cat\/ca\/quan-nosaltres-ens-separem\/"},"author":{"name":"Administrador","@id":"https:\/\/www.fvb.cat\/es\/#\/schema\/person\/03b4a958dc6fab0dbafb778050b52637"},"headline":"\u00bfCu\u00e1ndo nosotros nos separamos, que pasa con ellos?","datePublished":"2017-10-23T09:56:48+00:00","dateModified":"2023-12-05T09:57:01+00:00","mainEntityOfPage":{"@id":"https:\/\/www.fvb.cat\/ca\/quan-nosaltres-ens-separem\/"},"wordCount":489,"commentCount":0,"publisher":{"@id":"https:\/\/www.fvb.cat\/es\/#organization"},"image":{"@id":"https:\/\/www.fvb.cat\/ca\/quan-nosaltres-ens-separem\/#primaryimage"},"thumbnailUrl":"https:\/\/www.fvb.cat\/wp-content\/uploads\/2017\/10\/POST21.jpg","keywords":["custodia compartida.","divorci amb fills","Mediador","trencament de la parella"],"articleSection":["Separaci\u00f3n"],"inLanguage":"es"},{"@type":"WebPage","@id":"https:\/\/www.fvb.cat\/ca\/quan-nosaltres-ens-separem\/","url":"https:\/\/www.fvb.cat\/ca\/quan-nosaltres-ens-separem\/","name":"Quan nosaltres ens separem, qu\u00e8 passa amb ells?","isPartOf":{"@id":"https:\/\/www.fvb.cat\/es\/#website"},"primaryImageOfPage":{"@id":"https:\/\/www.fvb.cat\/ca\/quan-nosaltres-ens-separem\/#primaryimage"},"image":{"@id":"https:\/\/www.fvb.cat\/ca\/quan-nosaltres-ens-separem\/#primaryimage"},"thumbnailUrl":"https:\/\/www.fvb.cat\/wp-content\/uploads\/2017\/10\/POST21.jpg","datePublished":"2017-10-23T09:56:48+00:00","dateModified":"2023-12-05T09:57:01+00:00","description":"Quan una parella es separa, els fills viuen un moment complexe. Per tant, hem de saber com abordar l'acompanyament dels fills.","breadcrumb":{"@id":"https:\/\/www.fvb.cat\/ca\/quan-nosaltres-ens-separem\/#breadcrumb"},"inLanguage":"es","potentialAction":[{"@type":"ReadAction","target":["https:\/\/www.fvb.cat\/ca\/quan-nosaltres-ens-separem\/"]}]},{"@type":"ImageObject","inLanguage":"es","@id":"https:\/\/www.fvb.cat\/ca\/quan-nosaltres-ens-separem\/#primaryimage","url":"https:\/\/www.fvb.cat\/wp-content\/uploads\/2017\/10\/POST21.jpg","contentUrl":"https:\/\/www.fvb.cat\/wp-content\/uploads\/2017\/10\/POST21.jpg","width":734,"height":480},{"@type":"BreadcrumbList","@id":"https:\/\/www.fvb.cat\/ca\/quan-nosaltres-ens-separem\/#breadcrumb","itemListElement":[{"@type":"ListItem","position":1,"name":"Inici","item":"https:\/\/www.fvb.cat\/es\/"},{"@type":"ListItem","position":2,"name":"Quan nosaltres ens separem, qu\u00e8 passa amb ells?"}]},{"@type":"WebSite","@id":"https:\/\/www.fvb.cat\/es\/#website","url":"https:\/\/www.fvb.cat\/es\/","name":"Fundaci\u00f3 Vidal i Barraquer","description":"Asistencia, docencia e investigaci\u00f3n en Salud Mental","publisher":{"@id":"https:\/\/www.fvb.cat\/es\/#organization"},"potentialAction":[{"@type":"SearchAction","target":{"@type":"EntryPoint","urlTemplate":"https:\/\/www.fvb.cat\/es\/?s={search_term_string}"},"query-input":"required name=search_term_string"}],"inLanguage":"es"},{"@type":"Organization","@id":"https:\/\/www.fvb.cat\/es\/#organization","name":"Fundaci\u00f3 Vidal i Barraquer","url":"https:\/\/www.fvb.cat\/es\/","logo":{"@type":"ImageObject","inLanguage":"es","@id":"https:\/\/www.fvb.cat\/es\/#\/schema\/logo\/image\/","url":"https:\/\/www.fvb.cat\/wp-content\/uploads\/2024\/05\/logo-vidal-i-barrauqer-60-aniversari.jpg","contentUrl":"https:\/\/www.fvb.cat\/wp-content\/uploads\/2024\/05\/logo-vidal-i-barrauqer-60-aniversari.jpg","width":2125,"height":703,"caption":"Fundaci\u00f3 Vidal i Barraquer"},"image":{"@id":"https:\/\/www.fvb.cat\/es\/#\/schema\/logo\/image\/"}},{"@type":"Person","@id":"https:\/\/www.fvb.cat\/es\/#\/schema\/person\/03b4a958dc6fab0dbafb778050b52637","name":"Administrador","image":{"@type":"ImageObject","inLanguage":"es","@id":"https:\/\/www.fvb.cat\/es\/#\/schema\/person\/image\/","url":"https:\/\/secure.gravatar.com\/avatar\/3359dacc7c1fd5ba1c01139108f9e4b9?s=96&d=mm&r=g","contentUrl":"https:\/\/secure.gravatar.com\/avatar\/3359dacc7c1fd5ba1c01139108f9e4b9?s=96&d=mm&r=g","caption":"Administrador"},"url":"https:\/\/www.fvb.cat\/es\/author\/admin\/"}]}},"_links":{"self":[{"href":"https:\/\/www.fvb.cat\/es\/wp-json\/wp\/v2\/posts\/7119"}],"collection":[{"href":"https:\/\/www.fvb.cat\/es\/wp-json\/wp\/v2\/posts"}],"about":[{"href":"https:\/\/www.fvb.cat\/es\/wp-json\/wp\/v2\/types\/post"}],"author":[{"embeddable":true,"href":"https:\/\/www.fvb.cat\/es\/wp-json\/wp\/v2\/users\/1"}],"replies":[{"embeddable":true,"href":"https:\/\/www.fvb.cat\/es\/wp-json\/wp\/v2\/comments?post=7119"}],"version-history":[{"count":7,"href":"https:\/\/www.fvb.cat\/es\/wp-json\/wp\/v2\/posts\/7119\/revisions"}],"predecessor-version":[{"id":13036,"href":"https:\/\/www.fvb.cat\/es\/wp-json\/wp\/v2\/posts\/7119\/revisions\/13036"}],"wp:featuredmedia":[{"embeddable":true,"href":"https:\/\/www.fvb.cat\/es\/wp-json\/wp\/v2\/media\/7120"}],"wp:attachment":[{"href":"https:\/\/www.fvb.cat\/es\/wp-json\/wp\/v2\/media?parent=7119"}],"wp:term":[{"taxonomy":"category","embeddable":true,"href":"https:\/\/www.fvb.cat\/es\/wp-json\/wp\/v2\/categories?post=7119"},{"taxonomy":"post_tag","embeddable":true,"href":"https:\/\/www.fvb.cat\/es\/wp-json\/wp\/v2\/tags?post=7119"}],"curies":[{"name":"wp","href":"https:\/\/api.w.org\/{rel}","templated":true}]}}