{"id":18508,"date":"2026-04-30T15:16:45","date_gmt":"2026-04-30T14:16:45","guid":{"rendered":"https:\/\/www.fvb.cat\/es\/?p=18508"},"modified":"2026-04-30T15:17:14","modified_gmt":"2026-04-30T14:17:14","slug":"aquest-sant-jordi-deixat-inspirar-per-les-recomanacions-literaries-dels-professionals-de-vidal-i-barraquer","status":"publish","type":"post","link":"https:\/\/www.fvb.cat\/es\/este-sant-jordi-recomienda\/","title":{"rendered":"Este Sant Jordi, d\u00e9jate inspirar por las recomendaciones literarias de los profesionales de Vidal i Barraquer"},"content":{"rendered":"La diada de Sant Jordi es una de las celebraciones m\u00e1s queridas del calendario, una jornada para compartir rosas, cultura y, sobre todo, el placer de la lectura. Con el objetivo de facilitar la elecci\u00f3n entre la gran diversidad de libros disponibles, la Fundaci\u00f3n Vidal i Barraquer ha impulsado una iniciativa colaborativa en la que sus profesionales comparten recomendaciones literarias personales.<\/p>\n<div>\n<p>A trav\u00e9s de esta propuesta, los profesionales han seleccionado libros que les han marcado o que han disfrutado especialmente, acompa\u00f1ando cada t\u00edtulo de una breve reflexi\u00f3n. El resultado es una recopilaci\u00f3n variada e inspiradora, con obras que invitan a la reflexi\u00f3n, al disfrute literario y al pensamiento cr\u00edtico.<\/p>\n<p>Entre las recomendaciones recogidas encontramos <em>Pan de lim\u00f3n con semillas de amapola<\/em>, de Cristina Campos, una novela de f\u00e1cil lectura sobre la amistad, el amor y la vida en general. Otro de los libros recomendados por una profesional es <em>Nuestra parte de la noche<\/em>, una autobiograf\u00eda de la autora Tara Westover, que creci\u00f3 en una familia mormona fundamentalista en Estados Unidos. Con la participaci\u00f3n de todo el mundo, esta iniciativa se ha convertido en una fuente de inspiraci\u00f3n colectiva para encontrar la lectura ideal este Sant Jordi.<\/p>\n<p>Todas las recomendaciones han participado en un sorteo de libros de la colecci\u00f3n de Salud Mental de la Fundaci\u00f3n Vidal i Barraquer con la editorial Herder. El libro ganador del sorteo ha sido <em>Antes de que se enfr\u00ede el caf\u00e9<\/em>, recomendado por Bego\u00f1a Trujillo, enfermera especializada en salud mental del Centro de Atenci\u00f3n y Seguimiento Grabivent, a quien felicitamos y agradecemos su participaci\u00f3n en esta iniciativa.<\/p>\n<p>Con esta acci\u00f3n, la Fundaci\u00f3n Vidal i Barraquer reafirma su compromiso con la cultura, el bienestar emocional y la promoci\u00f3n de la lectura como herramienta de crecimiento personal y colectivo.<\/p>\n<\/div>","protected":false},"excerpt":{"rendered":"<p>La diada de Sant Jordi es una de las celebraciones m\u00e1s queridas&#8230;<\/p>\n","protected":false},"author":33,"featured_media":18509,"comment_status":"closed","ping_status":"closed","sticky":false,"template":"","format":"standard","meta":{"footnotes":""},"categories":[56],"tags":[],"yoast_head":"<!-- This site is optimized with the Yoast SEO plugin v22.6 - https:\/\/yoast.com\/wordpress\/plugins\/seo\/ -->\n<title>Este Sant Jordi, d\u00e9jate inspirar por las recomendaciones literarias de los profesionales de Vidal i Barraquer - Fundaci\u00f3 Vidal i Barraquer<\/title>\n<meta name=\"robots\" content=\"index, follow, max-snippet:-1, max-image-preview:large, max-video-preview:-1\" \/>\n<link rel=\"canonical\" href=\"https:\/\/www.fvb.cat\/es\/?p=18508\" \/>\n<meta property=\"og:locale\" content=\"es_ES\" \/>\n<meta property=\"og:type\" content=\"article\" \/>\n<meta property=\"og:title\" content=\"[:ca]Aquest Sant Jordi, deixa\u2019t inspirar per les recomanacions liter\u00e0ries dels professionals de Vidal i Barraquer[:es]Este Sant Jordi, d\u00e9jate inspirar por las recomendaciones literarias de los profesionales de Vidal i Barraquer[:] - Fundaci\u00f3 Vidal i Barraquer\" \/>\n<meta property=\"og:description\" content=\"La diada de Sant Jordi es una de las celebraciones m\u00e1s queridas...\" \/>\n<meta property=\"og:url\" content=\"https:\/\/www.fvb.cat\/es\/?p=18508\" \/>\n<meta property=\"og:site_name\" content=\"Fundaci\u00f3 Vidal i Barraquer\" \/>\n<meta property=\"article:published_time\" content=\"2026-04-30T14:16:45+00:00\" \/>\n<meta property=\"article:modified_time\" content=\"2026-04-30T14:17:14+00:00\" \/>\n<meta property=\"og:image\" content=\"https:\/\/www.fvb.cat\/wp-content\/uploads\/2026\/04\/IG_FVB-1.png\" \/>\n\t<meta property=\"og:image:width\" content=\"1080\" \/>\n\t<meta property=\"og:image:height\" content=\"1080\" \/>\n\t<meta property=\"og:image:type\" content=\"image\/png\" \/>\n<meta name=\"author\" content=\"Incidencies FVB\" \/>\n<meta name=\"twitter:card\" content=\"summary_large_image\" \/>\n<meta name=\"twitter:label1\" content=\"Escrito por\" \/>\n\t<meta name=\"twitter:data1\" content=\"Incidencies FVB\" \/>\n\t<meta name=\"twitter:label2\" content=\"Tiempo de lectura\" \/>\n\t<meta name=\"twitter:data2\" content=\"2 minutos\" \/>\n<script type=\"application\/ld+json\" class=\"yoast-schema-graph\">{\"@context\":\"https:\/\/schema.org\",\"@graph\":[{\"@type\":\"Article\",\"@id\":\"https:\/\/www.fvb.cat\/es\/?p=18508#article\",\"isPartOf\":{\"@id\":\"https:\/\/www.fvb.cat\/es\/?p=18508\"},\"author\":{\"name\":\"Incidencies FVB\",\"@id\":\"https:\/\/www.fvb.cat\/es\/#\/schema\/person\/83a51a8cdae04bb9ed05ac117cc725eb\"},\"headline\":\"Este Sant Jordi, d\u00e9jate inspirar por las recomendaciones literarias de los profesionales de Vidal i Barraquer\",\"datePublished\":\"2026-04-30T14:16:45+00:00\",\"dateModified\":\"2026-04-30T14:17:14+00:00\",\"mainEntityOfPage\":{\"@id\":\"https:\/\/www.fvb.cat\/es\/?p=18508\"},\"wordCount\":670,\"publisher\":{\"@id\":\"https:\/\/www.fvb.cat\/es\/#organization\"},\"image\":{\"@id\":\"https:\/\/www.fvb.cat\/es\/?p=18508#primaryimage\"},\"thumbnailUrl\":\"https:\/\/www.fvb.cat\/wp-content\/uploads\/2026\/04\/IG_FVB-1.png\",\"articleSection\":[\"Actualidad\"],\"inLanguage\":\"es\"},{\"@type\":\"WebPage\",\"@id\":\"https:\/\/www.fvb.cat\/es\/?p=18508\",\"url\":\"https:\/\/www.fvb.cat\/es\/?p=18508\",\"name\":\"[:ca]Aquest Sant Jordi, deixa\u2019t inspirar per les recomanacions liter\u00e0ries dels professionals de Vidal i Barraquer[:es]Este Sant Jordi, d\u00e9jate inspirar por las recomendaciones literarias de los profesionales de Vidal i Barraquer[:] - Fundaci\u00f3 Vidal i Barraquer\",\"isPartOf\":{\"@id\":\"https:\/\/www.fvb.cat\/es\/#website\"},\"primaryImageOfPage\":{\"@id\":\"https:\/\/www.fvb.cat\/es\/?p=18508#primaryimage\"},\"image\":{\"@id\":\"https:\/\/www.fvb.cat\/es\/?p=18508#primaryimage\"},\"thumbnailUrl\":\"https:\/\/www.fvb.cat\/wp-content\/uploads\/2026\/04\/IG_FVB-1.png\",\"datePublished\":\"2026-04-30T14:16:45+00:00\",\"dateModified\":\"2026-04-30T14:17:14+00:00\",\"breadcrumb\":{\"@id\":\"https:\/\/www.fvb.cat\/es\/?p=18508#breadcrumb\"},\"inLanguage\":\"es\",\"potentialAction\":[{\"@type\":\"ReadAction\",\"target\":[\"https:\/\/www.fvb.cat\/es\/?p=18508\"]}]},{\"@type\":\"ImageObject\",\"inLanguage\":\"es\",\"@id\":\"https:\/\/www.fvb.cat\/es\/?p=18508#primaryimage\",\"url\":\"https:\/\/www.fvb.cat\/wp-content\/uploads\/2026\/04\/IG_FVB-1.png\",\"contentUrl\":\"https:\/\/www.fvb.cat\/wp-content\/uploads\/2026\/04\/IG_FVB-1.png\",\"width\":1080,\"height\":1080},{\"@type\":\"BreadcrumbList\",\"@id\":\"https:\/\/www.fvb.cat\/es\/?p=18508#breadcrumb\",\"itemListElement\":[{\"@type\":\"ListItem\",\"position\":1,\"name\":\"Inici\",\"item\":\"https:\/\/www.fvb.cat\/es\/\"},{\"@type\":\"ListItem\",\"position\":2,\"name\":\"Este Sant Jordi, d\u00e9jate inspirar por las recomendaciones literarias de los profesionales de Vidal i Barraquer\"}]},{\"@type\":\"WebSite\",\"@id\":\"https:\/\/www.fvb.cat\/es\/#website\",\"url\":\"https:\/\/www.fvb.cat\/es\/\",\"name\":\"Fundaci\u00f3 Vidal i Barraquer\",\"description\":\"Asistencia, docencia e investigaci\u00f3n en Salud Mental\",\"publisher\":{\"@id\":\"https:\/\/www.fvb.cat\/es\/#organization\"},\"potentialAction\":[{\"@type\":\"SearchAction\",\"target\":{\"@type\":\"EntryPoint\",\"urlTemplate\":\"https:\/\/www.fvb.cat\/es\/?s={search_term_string}\"},\"query-input\":\"required name=search_term_string\"}],\"inLanguage\":\"es\"},{\"@type\":\"Organization\",\"@id\":\"https:\/\/www.fvb.cat\/es\/#organization\",\"name\":\"Fundaci\u00f3 Vidal i Barraquer\",\"url\":\"https:\/\/www.fvb.cat\/es\/\",\"logo\":{\"@type\":\"ImageObject\",\"inLanguage\":\"es\",\"@id\":\"https:\/\/www.fvb.cat\/es\/#\/schema\/logo\/image\/\",\"url\":\"https:\/\/www.fvb.cat\/wp-content\/uploads\/2024\/05\/logo-vidal-i-barrauqer-60-aniversari.jpg\",\"contentUrl\":\"https:\/\/www.fvb.cat\/wp-content\/uploads\/2024\/05\/logo-vidal-i-barrauqer-60-aniversari.jpg\",\"width\":2125,\"height\":703,\"caption\":\"Fundaci\u00f3 Vidal i Barraquer\"},\"image\":{\"@id\":\"https:\/\/www.fvb.cat\/es\/#\/schema\/logo\/image\/\"}},{\"@type\":\"Person\",\"@id\":\"https:\/\/www.fvb.cat\/es\/#\/schema\/person\/83a51a8cdae04bb9ed05ac117cc725eb\",\"name\":\"Incidencies FVB\",\"image\":{\"@type\":\"ImageObject\",\"inLanguage\":\"es\",\"@id\":\"https:\/\/www.fvb.cat\/es\/#\/schema\/person\/image\/\",\"url\":\"https:\/\/secure.gravatar.com\/avatar\/e273473f44d68622f3c121bdf3d64154?s=96&d=mm&r=g\",\"contentUrl\":\"https:\/\/secure.gravatar.com\/avatar\/e273473f44d68622f3c121bdf3d64154?s=96&d=mm&r=g\",\"caption\":\"Incidencies FVB\"},\"url\":\"https:\/\/www.fvb.cat\/es\/author\/incidencies-fvb\/\"}]}<\/script>\n<!-- \/ Yoast SEO plugin. -->","yoast_head_json":{"title":"[:ca]Aquest Sant Jordi, deixa\u2019t inspirar per les recomanacions liter\u00e0ries dels professionals de Vidal i Barraquer[:es]Este Sant Jordi, d\u00e9jate inspirar por las recomendaciones literarias de los profesionales de Vidal i Barraquer[:] - Fundaci\u00f3 Vidal i Barraquer","robots":{"index":"index","follow":"follow","max-snippet":"max-snippet:-1","max-image-preview":"max-image-preview:large","max-video-preview":"max-video-preview:-1"},"canonical":"https:\/\/www.fvb.cat\/es\/?p=18508","og_locale":"es_ES","og_type":"article","og_title":"[:ca]Aquest Sant Jordi, deixa\u2019t inspirar per les recomanacions liter\u00e0ries dels professionals de Vidal i Barraquer[:es]Este Sant Jordi, d\u00e9jate inspirar por las recomendaciones literarias de los profesionales de Vidal i Barraquer[:] - Fundaci\u00f3 Vidal i Barraquer","og_description":"La diada de Sant Jordi es una de las celebraciones m\u00e1s queridas...","og_url":"https:\/\/www.fvb.cat\/es\/?p=18508","og_site_name":"Fundaci\u00f3 Vidal i Barraquer","article_published_time":"2026-04-30T14:16:45+00:00","article_modified_time":"2026-04-30T14:17:14+00:00","og_image":[{"width":1080,"height":1080,"url":"https:\/\/www.fvb.cat\/wp-content\/uploads\/2026\/04\/IG_FVB-1.png","type":"image\/png"}],"author":"Incidencies FVB","twitter_card":"summary_large_image","twitter_misc":{"Escrito por":"Incidencies FVB","Tiempo de lectura":"2 minutos"},"schema":{"@context":"https:\/\/schema.org","@graph":[{"@type":"Article","@id":"https:\/\/www.fvb.cat\/es\/?p=18508#article","isPartOf":{"@id":"https:\/\/www.fvb.cat\/es\/?p=18508"},"author":{"name":"Incidencies FVB","@id":"https:\/\/www.fvb.cat\/es\/#\/schema\/person\/83a51a8cdae04bb9ed05ac117cc725eb"},"headline":"Este Sant Jordi, d\u00e9jate inspirar por las recomendaciones literarias de los profesionales de Vidal i Barraquer","datePublished":"2026-04-30T14:16:45+00:00","dateModified":"2026-04-30T14:17:14+00:00","mainEntityOfPage":{"@id":"https:\/\/www.fvb.cat\/es\/?p=18508"},"wordCount":670,"publisher":{"@id":"https:\/\/www.fvb.cat\/es\/#organization"},"image":{"@id":"https:\/\/www.fvb.cat\/es\/?p=18508#primaryimage"},"thumbnailUrl":"https:\/\/www.fvb.cat\/wp-content\/uploads\/2026\/04\/IG_FVB-1.png","articleSection":["Actualidad"],"inLanguage":"es"},{"@type":"WebPage","@id":"https:\/\/www.fvb.cat\/es\/?p=18508","url":"https:\/\/www.fvb.cat\/es\/?p=18508","name":"[:ca]Aquest Sant Jordi, deixa\u2019t inspirar per les recomanacions liter\u00e0ries dels professionals de Vidal i Barraquer[:es]Este Sant Jordi, d\u00e9jate inspirar por las recomendaciones literarias de los profesionales de Vidal i Barraquer[:] - Fundaci\u00f3 Vidal i Barraquer","isPartOf":{"@id":"https:\/\/www.fvb.cat\/es\/#website"},"primaryImageOfPage":{"@id":"https:\/\/www.fvb.cat\/es\/?p=18508#primaryimage"},"image":{"@id":"https:\/\/www.fvb.cat\/es\/?p=18508#primaryimage"},"thumbnailUrl":"https:\/\/www.fvb.cat\/wp-content\/uploads\/2026\/04\/IG_FVB-1.png","datePublished":"2026-04-30T14:16:45+00:00","dateModified":"2026-04-30T14:17:14+00:00","breadcrumb":{"@id":"https:\/\/www.fvb.cat\/es\/?p=18508#breadcrumb"},"inLanguage":"es","potentialAction":[{"@type":"ReadAction","target":["https:\/\/www.fvb.cat\/es\/?p=18508"]}]},{"@type":"ImageObject","inLanguage":"es","@id":"https:\/\/www.fvb.cat\/es\/?p=18508#primaryimage","url":"https:\/\/www.fvb.cat\/wp-content\/uploads\/2026\/04\/IG_FVB-1.png","contentUrl":"https:\/\/www.fvb.cat\/wp-content\/uploads\/2026\/04\/IG_FVB-1.png","width":1080,"height":1080},{"@type":"BreadcrumbList","@id":"https:\/\/www.fvb.cat\/es\/?p=18508#breadcrumb","itemListElement":[{"@type":"ListItem","position":1,"name":"Inici","item":"https:\/\/www.fvb.cat\/es\/"},{"@type":"ListItem","position":2,"name":"Este Sant Jordi, d\u00e9jate inspirar por las recomendaciones literarias de los profesionales de Vidal i Barraquer"}]},{"@type":"WebSite","@id":"https:\/\/www.fvb.cat\/es\/#website","url":"https:\/\/www.fvb.cat\/es\/","name":"Fundaci\u00f3 Vidal i Barraquer","description":"Asistencia, docencia e investigaci\u00f3n en Salud Mental","publisher":{"@id":"https:\/\/www.fvb.cat\/es\/#organization"},"potentialAction":[{"@type":"SearchAction","target":{"@type":"EntryPoint","urlTemplate":"https:\/\/www.fvb.cat\/es\/?s={search_term_string}"},"query-input":"required name=search_term_string"}],"inLanguage":"es"},{"@type":"Organization","@id":"https:\/\/www.fvb.cat\/es\/#organization","name":"Fundaci\u00f3 Vidal i Barraquer","url":"https:\/\/www.fvb.cat\/es\/","logo":{"@type":"ImageObject","inLanguage":"es","@id":"https:\/\/www.fvb.cat\/es\/#\/schema\/logo\/image\/","url":"https:\/\/www.fvb.cat\/wp-content\/uploads\/2024\/05\/logo-vidal-i-barrauqer-60-aniversari.jpg","contentUrl":"https:\/\/www.fvb.cat\/wp-content\/uploads\/2024\/05\/logo-vidal-i-barrauqer-60-aniversari.jpg","width":2125,"height":703,"caption":"Fundaci\u00f3 Vidal i Barraquer"},"image":{"@id":"https:\/\/www.fvb.cat\/es\/#\/schema\/logo\/image\/"}},{"@type":"Person","@id":"https:\/\/www.fvb.cat\/es\/#\/schema\/person\/83a51a8cdae04bb9ed05ac117cc725eb","name":"Incidencies FVB","image":{"@type":"ImageObject","inLanguage":"es","@id":"https:\/\/www.fvb.cat\/es\/#\/schema\/person\/image\/","url":"https:\/\/secure.gravatar.com\/avatar\/e273473f44d68622f3c121bdf3d64154?s=96&d=mm&r=g","contentUrl":"https:\/\/secure.gravatar.com\/avatar\/e273473f44d68622f3c121bdf3d64154?s=96&d=mm&r=g","caption":"Incidencies FVB"},"url":"https:\/\/www.fvb.cat\/es\/author\/incidencies-fvb\/"}]}},"_links":{"self":[{"href":"https:\/\/www.fvb.cat\/es\/wp-json\/wp\/v2\/posts\/18508"}],"collection":[{"href":"https:\/\/www.fvb.cat\/es\/wp-json\/wp\/v2\/posts"}],"about":[{"href":"https:\/\/www.fvb.cat\/es\/wp-json\/wp\/v2\/types\/post"}],"author":[{"embeddable":true,"href":"https:\/\/www.fvb.cat\/es\/wp-json\/wp\/v2\/users\/33"}],"replies":[{"embeddable":true,"href":"https:\/\/www.fvb.cat\/es\/wp-json\/wp\/v2\/comments?post=18508"}],"version-history":[{"count":1,"href":"https:\/\/www.fvb.cat\/es\/wp-json\/wp\/v2\/posts\/18508\/revisions"}],"predecessor-version":[{"id":18511,"href":"https:\/\/www.fvb.cat\/es\/wp-json\/wp\/v2\/posts\/18508\/revisions\/18511"}],"wp:featuredmedia":[{"embeddable":true,"href":"https:\/\/www.fvb.cat\/es\/wp-json\/wp\/v2\/media\/18509"}],"wp:attachment":[{"href":"https:\/\/www.fvb.cat\/es\/wp-json\/wp\/v2\/media?parent=18508"}],"wp:term":[{"taxonomy":"category","embeddable":true,"href":"https:\/\/www.fvb.cat\/es\/wp-json\/wp\/v2\/categories?post=18508"},{"taxonomy":"post_tag","embeddable":true,"href":"https:\/\/www.fvb.cat\/es\/wp-json\/wp\/v2\/tags?post=18508"}],"curies":[{"name":"wp","href":"https:\/\/api.w.org\/{rel}","templated":true}]}}