{"id":18505,"date":"2026-04-30T15:12:21","date_gmt":"2026-04-30T14:12:21","guid":{"rendered":"https:\/\/www.fvb.cat\/es\/?p=18505"},"modified":"2026-04-30T15:12:21","modified_gmt":"2026-04-30T14:12:21","slug":"tolerancia-zero-a-la-violencia-contra-els-professionals-de-la-salut","status":"publish","type":"post","link":"https:\/\/www.fvb.cat\/es\/tolerancia-cero-a-la-violencia-contra-los-profesionales-de-la-salud\/","title":{"rendered":"Tolerancia cero a la violencia contra los profesionales de la salud"},"content":{"rendered":"<strong>El OSVASC impulsa una nueva campa\u00f1a despu\u00e9s de registrar m\u00e1s de 3.000 agresiones en 2025 a Catalunya<\/strong><\/p>\n<p>Con motivo del D\u00eda Europeo contra las Agresiones a Profesionales Sanitarios, celebrado el 12 de marzo, las instituciones sanitarias ponen el foco en una problem\u00e1tica creciente: la violencia contra los profesionales de la sanidad.<\/p>\n<p>El Observatorio para Situaciones de Violencia en el \u00c1mbito Sanitario de Catalu\u00f1a (OSVASC) ha hecho p\u00fablicos recientemente los datos correspondientes a 2025, que evidencian una situaci\u00f3n preocupante. Seg\u00fan el informe, se registraron un total de 3.039 agresiones, un 12% m\u00e1s que el a\u00f1o anterior. Las mujeres fueron las principales afectadas, concentrando un 78% de los casos.<\/p>\n<p>Ante este escenario, el Departamento de Salud ha puesto en marcha la campa\u00f1a \u201c<strong>Tolerancia Cero a la Violencia<\/strong>\u201d, una iniciativa que se enmarca en el conjunto de acciones para prevenir y combatir estas situaciones dentro del sistema sanitario.<\/p>\n<p>El director general de Profesionales de la Salud, Jordi Vilana, ha anunciado que se est\u00e1 trabajando en un nuevo instrumento legislativo que permita desplegar un sistema integral de protecci\u00f3n, prevenci\u00f3n y respuesta ante la violencia en los centros sanitarios. Este marco tambi\u00e9n incluir\u00e1 un r\u00e9gimen sancionador.<\/p>\n<p>El informe del OSVASC tambi\u00e9n destaca que la violencia no afecta exclusivamente al personal sanitario. El personal administrativo sufre el 23% de las agresiones registradas. En la mayor\u00eda de los casos, estas se manifiestan en forma de insultos, injurias o amenazas.<\/p>\n<p>Las instituciones remarcan que garantizar entornos asistenciales seguros es esencial tanto para el bienestar de los profesionales como para el buen funcionamiento del sistema de salud. Cuando un profesional se siente seguro, apoyado y valorado, el sistema deviene m\u00e1s eficiente y humano.<\/p>\n<p>En este contexto, se hace un llamamiento a reforzar los valores de respeto y convivencia dentro del \u00e1mbito sanitario, recordando que cualquier forma de violencia vulnera los principios fundamentales de la tarea asistencial: cuidar, acompa\u00f1ar y dar respuesta a las necesidades de las personas.<\/p>\n<p>Todas las instituciones y agentes del sistema de salud de Catalu\u00f1a han reiterado su compromiso firme con la tolerancia cero ante cualquier tipo de violencia contra los profesionales.","protected":false},"excerpt":{"rendered":"<p>El OSVASC impulsa una nueva campa\u00f1a despu\u00e9s de registrar m\u00e1s de 3.000&#8230;<\/p>\n","protected":false},"author":33,"featured_media":18506,"comment_status":"closed","ping_status":"closed","sticky":false,"template":"","format":"standard","meta":{"footnotes":""},"categories":[56],"tags":[],"yoast_head":"<!-- This site is optimized with the Yoast SEO plugin v22.6 - https:\/\/yoast.com\/wordpress\/plugins\/seo\/ -->\n<title>Augmenten les agressions a sanitaris a Catalunya: m\u00e9s de 3.000 casos el 2025<\/title>\n<meta name=\"description\" content=\"Salut impulsa la campanya \u201cToler\u00e0ncia Zero\u201d per la viol\u00e8ncia als centres sanitaris.\" \/>\n<meta name=\"robots\" content=\"index, follow, max-snippet:-1, max-image-preview:large, max-video-preview:-1\" \/>\n<link rel=\"canonical\" href=\"https:\/\/www.fvb.cat\/es\/?p=18505\" \/>\n<meta property=\"og:locale\" content=\"es_ES\" \/>\n<meta property=\"og:type\" content=\"article\" \/>\n<meta property=\"og:title\" content=\"Augmenten les agressions a sanitaris a Catalunya: m\u00e9s de 3.000 casos el 2025\" \/>\n<meta property=\"og:description\" content=\"Salut impulsa la campanya \u201cToler\u00e0ncia Zero\u201d per la viol\u00e8ncia als centres sanitaris.\" \/>\n<meta property=\"og:url\" content=\"https:\/\/www.fvb.cat\/es\/?p=18505\" \/>\n<meta property=\"og:site_name\" content=\"Fundaci\u00f3 Vidal i Barraquer\" \/>\n<meta property=\"article:published_time\" content=\"2026-04-30T14:12:21+00:00\" \/>\n<meta property=\"og:image\" content=\"https:\/\/www.fvb.cat\/wp-content\/uploads\/2026\/04\/img-tolerancia-zero_page-0001.jpg\" \/>\n\t<meta property=\"og:image:width\" content=\"1238\" \/>\n\t<meta property=\"og:image:height\" content=\"1756\" \/>\n\t<meta property=\"og:image:type\" content=\"image\/jpeg\" \/>\n<meta name=\"author\" content=\"Incidencies FVB\" \/>\n<meta name=\"twitter:card\" content=\"summary_large_image\" \/>\n<meta name=\"twitter:label1\" content=\"Escrito por\" \/>\n\t<meta name=\"twitter:data1\" content=\"Incidencies FVB\" \/>\n\t<meta name=\"twitter:label2\" content=\"Tiempo de lectura\" \/>\n\t<meta name=\"twitter:data2\" content=\"2 minutos\" \/>\n<script type=\"application\/ld+json\" class=\"yoast-schema-graph\">{\"@context\":\"https:\/\/schema.org\",\"@graph\":[{\"@type\":\"Article\",\"@id\":\"https:\/\/www.fvb.cat\/es\/?p=18505#article\",\"isPartOf\":{\"@id\":\"https:\/\/www.fvb.cat\/es\/?p=18505\"},\"author\":{\"name\":\"Incidencies FVB\",\"@id\":\"https:\/\/www.fvb.cat\/es\/#\/schema\/person\/83a51a8cdae04bb9ed05ac117cc725eb\"},\"headline\":\"Tolerancia cero a la violencia contra los profesionales de la salud\",\"datePublished\":\"2026-04-30T14:12:21+00:00\",\"dateModified\":\"2026-04-30T14:12:21+00:00\",\"mainEntityOfPage\":{\"@id\":\"https:\/\/www.fvb.cat\/es\/?p=18505\"},\"wordCount\":749,\"publisher\":{\"@id\":\"https:\/\/www.fvb.cat\/es\/#organization\"},\"image\":{\"@id\":\"https:\/\/www.fvb.cat\/es\/?p=18505#primaryimage\"},\"thumbnailUrl\":\"https:\/\/www.fvb.cat\/wp-content\/uploads\/2026\/04\/img-tolerancia-zero_page-0001.jpg\",\"articleSection\":[\"Actualidad\"],\"inLanguage\":\"es\"},{\"@type\":\"WebPage\",\"@id\":\"https:\/\/www.fvb.cat\/es\/?p=18505\",\"url\":\"https:\/\/www.fvb.cat\/es\/?p=18505\",\"name\":\"Augmenten les agressions a sanitaris a Catalunya: m\u00e9s de 3.000 casos el 2025\",\"isPartOf\":{\"@id\":\"https:\/\/www.fvb.cat\/es\/#website\"},\"primaryImageOfPage\":{\"@id\":\"https:\/\/www.fvb.cat\/es\/?p=18505#primaryimage\"},\"image\":{\"@id\":\"https:\/\/www.fvb.cat\/es\/?p=18505#primaryimage\"},\"thumbnailUrl\":\"https:\/\/www.fvb.cat\/wp-content\/uploads\/2026\/04\/img-tolerancia-zero_page-0001.jpg\",\"datePublished\":\"2026-04-30T14:12:21+00:00\",\"dateModified\":\"2026-04-30T14:12:21+00:00\",\"description\":\"Salut impulsa la campanya \u201cToler\u00e0ncia Zero\u201d per la viol\u00e8ncia als centres sanitaris.\",\"breadcrumb\":{\"@id\":\"https:\/\/www.fvb.cat\/es\/?p=18505#breadcrumb\"},\"inLanguage\":\"es\",\"potentialAction\":[{\"@type\":\"ReadAction\",\"target\":[\"https:\/\/www.fvb.cat\/es\/?p=18505\"]}]},{\"@type\":\"ImageObject\",\"inLanguage\":\"es\",\"@id\":\"https:\/\/www.fvb.cat\/es\/?p=18505#primaryimage\",\"url\":\"https:\/\/www.fvb.cat\/wp-content\/uploads\/2026\/04\/img-tolerancia-zero_page-0001.jpg\",\"contentUrl\":\"https:\/\/www.fvb.cat\/wp-content\/uploads\/2026\/04\/img-tolerancia-zero_page-0001.jpg\",\"width\":1238,\"height\":1756},{\"@type\":\"BreadcrumbList\",\"@id\":\"https:\/\/www.fvb.cat\/es\/?p=18505#breadcrumb\",\"itemListElement\":[{\"@type\":\"ListItem\",\"position\":1,\"name\":\"Inici\",\"item\":\"https:\/\/www.fvb.cat\/es\/\"},{\"@type\":\"ListItem\",\"position\":2,\"name\":\"Tolerancia cero a la violencia contra los profesionales de la salud\"}]},{\"@type\":\"WebSite\",\"@id\":\"https:\/\/www.fvb.cat\/es\/#website\",\"url\":\"https:\/\/www.fvb.cat\/es\/\",\"name\":\"Fundaci\u00f3 Vidal i Barraquer\",\"description\":\"Asistencia, docencia e investigaci\u00f3n en Salud Mental\",\"publisher\":{\"@id\":\"https:\/\/www.fvb.cat\/es\/#organization\"},\"potentialAction\":[{\"@type\":\"SearchAction\",\"target\":{\"@type\":\"EntryPoint\",\"urlTemplate\":\"https:\/\/www.fvb.cat\/es\/?s={search_term_string}\"},\"query-input\":\"required name=search_term_string\"}],\"inLanguage\":\"es\"},{\"@type\":\"Organization\",\"@id\":\"https:\/\/www.fvb.cat\/es\/#organization\",\"name\":\"Fundaci\u00f3 Vidal i Barraquer\",\"url\":\"https:\/\/www.fvb.cat\/es\/\",\"logo\":{\"@type\":\"ImageObject\",\"inLanguage\":\"es\",\"@id\":\"https:\/\/www.fvb.cat\/es\/#\/schema\/logo\/image\/\",\"url\":\"https:\/\/www.fvb.cat\/wp-content\/uploads\/2024\/05\/logo-vidal-i-barrauqer-60-aniversari.jpg\",\"contentUrl\":\"https:\/\/www.fvb.cat\/wp-content\/uploads\/2024\/05\/logo-vidal-i-barrauqer-60-aniversari.jpg\",\"width\":2125,\"height\":703,\"caption\":\"Fundaci\u00f3 Vidal i Barraquer\"},\"image\":{\"@id\":\"https:\/\/www.fvb.cat\/es\/#\/schema\/logo\/image\/\"}},{\"@type\":\"Person\",\"@id\":\"https:\/\/www.fvb.cat\/es\/#\/schema\/person\/83a51a8cdae04bb9ed05ac117cc725eb\",\"name\":\"Incidencies FVB\",\"image\":{\"@type\":\"ImageObject\",\"inLanguage\":\"es\",\"@id\":\"https:\/\/www.fvb.cat\/es\/#\/schema\/person\/image\/\",\"url\":\"https:\/\/secure.gravatar.com\/avatar\/e273473f44d68622f3c121bdf3d64154?s=96&d=mm&r=g\",\"contentUrl\":\"https:\/\/secure.gravatar.com\/avatar\/e273473f44d68622f3c121bdf3d64154?s=96&d=mm&r=g\",\"caption\":\"Incidencies FVB\"},\"url\":\"https:\/\/www.fvb.cat\/es\/author\/incidencies-fvb\/\"}]}<\/script>\n<!-- \/ Yoast SEO plugin. -->","yoast_head_json":{"title":"Augmenten les agressions a sanitaris a Catalunya: m\u00e9s de 3.000 casos el 2025","description":"Salut impulsa la campanya \u201cToler\u00e0ncia Zero\u201d per la viol\u00e8ncia als centres sanitaris.","robots":{"index":"index","follow":"follow","max-snippet":"max-snippet:-1","max-image-preview":"max-image-preview:large","max-video-preview":"max-video-preview:-1"},"canonical":"https:\/\/www.fvb.cat\/es\/?p=18505","og_locale":"es_ES","og_type":"article","og_title":"Augmenten les agressions a sanitaris a Catalunya: m\u00e9s de 3.000 casos el 2025","og_description":"Salut impulsa la campanya \u201cToler\u00e0ncia Zero\u201d per la viol\u00e8ncia als centres sanitaris.","og_url":"https:\/\/www.fvb.cat\/es\/?p=18505","og_site_name":"Fundaci\u00f3 Vidal i Barraquer","article_published_time":"2026-04-30T14:12:21+00:00","og_image":[{"width":1238,"height":1756,"url":"https:\/\/www.fvb.cat\/wp-content\/uploads\/2026\/04\/img-tolerancia-zero_page-0001.jpg","type":"image\/jpeg"}],"author":"Incidencies FVB","twitter_card":"summary_large_image","twitter_misc":{"Escrito por":"Incidencies FVB","Tiempo de lectura":"2 minutos"},"schema":{"@context":"https:\/\/schema.org","@graph":[{"@type":"Article","@id":"https:\/\/www.fvb.cat\/es\/?p=18505#article","isPartOf":{"@id":"https:\/\/www.fvb.cat\/es\/?p=18505"},"author":{"name":"Incidencies FVB","@id":"https:\/\/www.fvb.cat\/es\/#\/schema\/person\/83a51a8cdae04bb9ed05ac117cc725eb"},"headline":"Tolerancia cero a la violencia contra los profesionales de la salud","datePublished":"2026-04-30T14:12:21+00:00","dateModified":"2026-04-30T14:12:21+00:00","mainEntityOfPage":{"@id":"https:\/\/www.fvb.cat\/es\/?p=18505"},"wordCount":749,"publisher":{"@id":"https:\/\/www.fvb.cat\/es\/#organization"},"image":{"@id":"https:\/\/www.fvb.cat\/es\/?p=18505#primaryimage"},"thumbnailUrl":"https:\/\/www.fvb.cat\/wp-content\/uploads\/2026\/04\/img-tolerancia-zero_page-0001.jpg","articleSection":["Actualidad"],"inLanguage":"es"},{"@type":"WebPage","@id":"https:\/\/www.fvb.cat\/es\/?p=18505","url":"https:\/\/www.fvb.cat\/es\/?p=18505","name":"Augmenten les agressions a sanitaris a Catalunya: m\u00e9s de 3.000 casos el 2025","isPartOf":{"@id":"https:\/\/www.fvb.cat\/es\/#website"},"primaryImageOfPage":{"@id":"https:\/\/www.fvb.cat\/es\/?p=18505#primaryimage"},"image":{"@id":"https:\/\/www.fvb.cat\/es\/?p=18505#primaryimage"},"thumbnailUrl":"https:\/\/www.fvb.cat\/wp-content\/uploads\/2026\/04\/img-tolerancia-zero_page-0001.jpg","datePublished":"2026-04-30T14:12:21+00:00","dateModified":"2026-04-30T14:12:21+00:00","description":"Salut impulsa la campanya \u201cToler\u00e0ncia Zero\u201d per la viol\u00e8ncia als centres sanitaris.","breadcrumb":{"@id":"https:\/\/www.fvb.cat\/es\/?p=18505#breadcrumb"},"inLanguage":"es","potentialAction":[{"@type":"ReadAction","target":["https:\/\/www.fvb.cat\/es\/?p=18505"]}]},{"@type":"ImageObject","inLanguage":"es","@id":"https:\/\/www.fvb.cat\/es\/?p=18505#primaryimage","url":"https:\/\/www.fvb.cat\/wp-content\/uploads\/2026\/04\/img-tolerancia-zero_page-0001.jpg","contentUrl":"https:\/\/www.fvb.cat\/wp-content\/uploads\/2026\/04\/img-tolerancia-zero_page-0001.jpg","width":1238,"height":1756},{"@type":"BreadcrumbList","@id":"https:\/\/www.fvb.cat\/es\/?p=18505#breadcrumb","itemListElement":[{"@type":"ListItem","position":1,"name":"Inici","item":"https:\/\/www.fvb.cat\/es\/"},{"@type":"ListItem","position":2,"name":"Tolerancia cero a la violencia contra los profesionales de la salud"}]},{"@type":"WebSite","@id":"https:\/\/www.fvb.cat\/es\/#website","url":"https:\/\/www.fvb.cat\/es\/","name":"Fundaci\u00f3 Vidal i Barraquer","description":"Asistencia, docencia e investigaci\u00f3n en Salud Mental","publisher":{"@id":"https:\/\/www.fvb.cat\/es\/#organization"},"potentialAction":[{"@type":"SearchAction","target":{"@type":"EntryPoint","urlTemplate":"https:\/\/www.fvb.cat\/es\/?s={search_term_string}"},"query-input":"required name=search_term_string"}],"inLanguage":"es"},{"@type":"Organization","@id":"https:\/\/www.fvb.cat\/es\/#organization","name":"Fundaci\u00f3 Vidal i Barraquer","url":"https:\/\/www.fvb.cat\/es\/","logo":{"@type":"ImageObject","inLanguage":"es","@id":"https:\/\/www.fvb.cat\/es\/#\/schema\/logo\/image\/","url":"https:\/\/www.fvb.cat\/wp-content\/uploads\/2024\/05\/logo-vidal-i-barrauqer-60-aniversari.jpg","contentUrl":"https:\/\/www.fvb.cat\/wp-content\/uploads\/2024\/05\/logo-vidal-i-barrauqer-60-aniversari.jpg","width":2125,"height":703,"caption":"Fundaci\u00f3 Vidal i Barraquer"},"image":{"@id":"https:\/\/www.fvb.cat\/es\/#\/schema\/logo\/image\/"}},{"@type":"Person","@id":"https:\/\/www.fvb.cat\/es\/#\/schema\/person\/83a51a8cdae04bb9ed05ac117cc725eb","name":"Incidencies FVB","image":{"@type":"ImageObject","inLanguage":"es","@id":"https:\/\/www.fvb.cat\/es\/#\/schema\/person\/image\/","url":"https:\/\/secure.gravatar.com\/avatar\/e273473f44d68622f3c121bdf3d64154?s=96&d=mm&r=g","contentUrl":"https:\/\/secure.gravatar.com\/avatar\/e273473f44d68622f3c121bdf3d64154?s=96&d=mm&r=g","caption":"Incidencies FVB"},"url":"https:\/\/www.fvb.cat\/es\/author\/incidencies-fvb\/"}]}},"_links":{"self":[{"href":"https:\/\/www.fvb.cat\/es\/wp-json\/wp\/v2\/posts\/18505"}],"collection":[{"href":"https:\/\/www.fvb.cat\/es\/wp-json\/wp\/v2\/posts"}],"about":[{"href":"https:\/\/www.fvb.cat\/es\/wp-json\/wp\/v2\/types\/post"}],"author":[{"embeddable":true,"href":"https:\/\/www.fvb.cat\/es\/wp-json\/wp\/v2\/users\/33"}],"replies":[{"embeddable":true,"href":"https:\/\/www.fvb.cat\/es\/wp-json\/wp\/v2\/comments?post=18505"}],"version-history":[{"count":1,"href":"https:\/\/www.fvb.cat\/es\/wp-json\/wp\/v2\/posts\/18505\/revisions"}],"predecessor-version":[{"id":18507,"href":"https:\/\/www.fvb.cat\/es\/wp-json\/wp\/v2\/posts\/18505\/revisions\/18507"}],"wp:featuredmedia":[{"embeddable":true,"href":"https:\/\/www.fvb.cat\/es\/wp-json\/wp\/v2\/media\/18506"}],"wp:attachment":[{"href":"https:\/\/www.fvb.cat\/es\/wp-json\/wp\/v2\/media?parent=18505"}],"wp:term":[{"taxonomy":"category","embeddable":true,"href":"https:\/\/www.fvb.cat\/es\/wp-json\/wp\/v2\/categories?post=18505"},{"taxonomy":"post_tag","embeddable":true,"href":"https:\/\/www.fvb.cat\/es\/wp-json\/wp\/v2\/tags?post=18505"}],"curies":[{"name":"wp","href":"https:\/\/api.w.org\/{rel}","templated":true}]}}