{"id":18502,"date":"2026-04-30T15:07:35","date_gmt":"2026-04-30T14:07:35","guid":{"rendered":"https:\/\/www.fvb.cat\/es\/?p=18502"},"modified":"2026-04-30T15:07:35","modified_gmt":"2026-04-30T14:07:35","slug":"vint-i-dos-professionals-de-la-fundacio-participen-a-la-31a-cursa-de-la-sanitat-catalana","status":"publish","type":"post","link":"https:\/\/www.fvb.cat\/es\/la-fvb-participa-en-la-31a-carrera-atletica-sannidad-catalana\/","title":{"rendered":"Veintid\u00f3s profesionales de la Fundaci\u00f3n participan en la 31\u00aa Carrera de la Sanidad Catalana"},"content":{"rendered":"Un a\u00f1o m\u00e1s, la Fundaci\u00f3n Vidal i Barraquer ha estado presente en la 31\u00aa edici\u00f3n de la Carrera Atl\u00e9tica de la Sanidad Catalana, con la participaci\u00f3n de veintid\u00f3s profesionales de la instituci\u00f3n. Esta prueba deportiva se ha consolidado como una cita de referencia dentro del calendario del sector sanitario, promoviendo la actividad f\u00edsica y los valores de convivencia y salud.<\/p>\n<p>La carrera, organizada por el Hospital Germans Trias i Pujol, ha reunido este a\u00f1o a m\u00e1s de 720 participantes, que han compartido una jornada marcada por el buen ambiente y el esp\u00edritu deportivo. El evento ha contado tambi\u00e9n con animaci\u00f3n y una batucada, gracias a la implicaci\u00f3n de los voluntarios del hospital, que han contribuido a hacer de la jornada una experiencia din\u00e1mica y festiva.<\/p>\n<p>Los participantes han podido escoger entre dos recorridos, de 5,5 km o de 10 km. Ambos itinerarios han tenido como punto de salida y llegada el Campus Can Ruti, con un trazado que ha recorrido la Serralada de Marina, en Badalona, en un entorno natural privilegiado.","protected":false},"excerpt":{"rendered":"<p>Un a\u00f1o m\u00e1s, la Fundaci\u00f3n Vidal i Barraquer ha estado presente en&#8230;<\/p>\n","protected":false},"author":33,"featured_media":18503,"comment_status":"closed","ping_status":"closed","sticky":false,"template":"","format":"standard","meta":{"footnotes":""},"categories":[56],"tags":[],"yoast_head":"<!-- This site is optimized with the Yoast SEO plugin v22.6 - https:\/\/yoast.com\/wordpress\/plugins\/seo\/ -->\n<title>Veintid\u00f3s profesionales de la Fundaci\u00f3n participan en la 31\u00aa Carrera de la Sanidad Catalana - Fundaci\u00f3 Vidal i Barraquer<\/title>\n<meta name=\"robots\" content=\"index, follow, max-snippet:-1, max-image-preview:large, max-video-preview:-1\" \/>\n<link rel=\"canonical\" href=\"https:\/\/www.fvb.cat\/es\/?p=18502\" \/>\n<meta property=\"og:locale\" content=\"es_ES\" \/>\n<meta property=\"og:type\" content=\"article\" \/>\n<meta property=\"og:title\" content=\"[:ca]Vint-i-dos professionals de la Fundaci\u00f3 participen a la 31a cursa de la Sanitat Catalana [:es]Veintid\u00f3s profesionales de la Fundaci\u00f3n participan en la 31\u00aa Carrera de la Sanidad Catalana[:] - Fundaci\u00f3 Vidal i Barraquer\" \/>\n<meta property=\"og:description\" content=\"Un a\u00f1o m\u00e1s, la Fundaci\u00f3n Vidal i Barraquer ha estado presente en...\" \/>\n<meta property=\"og:url\" content=\"https:\/\/www.fvb.cat\/es\/?p=18502\" \/>\n<meta property=\"og:site_name\" content=\"Fundaci\u00f3 Vidal i Barraquer\" \/>\n<meta property=\"article:published_time\" content=\"2026-04-30T14:07:35+00:00\" \/>\n<meta property=\"og:image\" content=\"https:\/\/www.fvb.cat\/wp-content\/uploads\/2026\/04\/IMATGE-PROFESSIONALS-PARTICIPANTS-A-LA-CURSA.jpeg\" \/>\n\t<meta property=\"og:image:width\" content=\"1600\" \/>\n\t<meta property=\"og:image:height\" content=\"1200\" \/>\n\t<meta property=\"og:image:type\" content=\"image\/jpeg\" \/>\n<meta name=\"author\" content=\"Incidencies FVB\" \/>\n<meta name=\"twitter:card\" content=\"summary_large_image\" \/>\n<meta name=\"twitter:label1\" content=\"Escrito por\" \/>\n\t<meta name=\"twitter:data1\" content=\"Incidencies FVB\" \/>\n\t<meta name=\"twitter:label2\" content=\"Tiempo de lectura\" \/>\n\t<meta name=\"twitter:data2\" content=\"1 minuto\" \/>\n<script type=\"application\/ld+json\" class=\"yoast-schema-graph\">{\"@context\":\"https:\/\/schema.org\",\"@graph\":[{\"@type\":\"Article\",\"@id\":\"https:\/\/www.fvb.cat\/es\/?p=18502#article\",\"isPartOf\":{\"@id\":\"https:\/\/www.fvb.cat\/es\/?p=18502\"},\"author\":{\"name\":\"Incidencies FVB\",\"@id\":\"https:\/\/www.fvb.cat\/es\/#\/schema\/person\/83a51a8cdae04bb9ed05ac117cc725eb\"},\"headline\":\"Veintid\u00f3s profesionales de la Fundaci\u00f3n participan en la 31\u00aa Carrera de la Sanidad Catalana\",\"datePublished\":\"2026-04-30T14:07:35+00:00\",\"dateModified\":\"2026-04-30T14:07:35+00:00\",\"mainEntityOfPage\":{\"@id\":\"https:\/\/www.fvb.cat\/es\/?p=18502\"},\"wordCount\":394,\"publisher\":{\"@id\":\"https:\/\/www.fvb.cat\/es\/#organization\"},\"image\":{\"@id\":\"https:\/\/www.fvb.cat\/es\/?p=18502#primaryimage\"},\"thumbnailUrl\":\"https:\/\/www.fvb.cat\/wp-content\/uploads\/2026\/04\/IMATGE-PROFESSIONALS-PARTICIPANTS-A-LA-CURSA.jpeg\",\"articleSection\":[\"Actualidad\"],\"inLanguage\":\"es\"},{\"@type\":\"WebPage\",\"@id\":\"https:\/\/www.fvb.cat\/es\/?p=18502\",\"url\":\"https:\/\/www.fvb.cat\/es\/?p=18502\",\"name\":\"[:ca]Vint-i-dos professionals de la Fundaci\u00f3 participen a la 31a cursa de la Sanitat Catalana [:es]Veintid\u00f3s profesionales de la Fundaci\u00f3n participan en la 31\u00aa Carrera de la Sanidad Catalana[:] - Fundaci\u00f3 Vidal i Barraquer\",\"isPartOf\":{\"@id\":\"https:\/\/www.fvb.cat\/es\/#website\"},\"primaryImageOfPage\":{\"@id\":\"https:\/\/www.fvb.cat\/es\/?p=18502#primaryimage\"},\"image\":{\"@id\":\"https:\/\/www.fvb.cat\/es\/?p=18502#primaryimage\"},\"thumbnailUrl\":\"https:\/\/www.fvb.cat\/wp-content\/uploads\/2026\/04\/IMATGE-PROFESSIONALS-PARTICIPANTS-A-LA-CURSA.jpeg\",\"datePublished\":\"2026-04-30T14:07:35+00:00\",\"dateModified\":\"2026-04-30T14:07:35+00:00\",\"breadcrumb\":{\"@id\":\"https:\/\/www.fvb.cat\/es\/?p=18502#breadcrumb\"},\"inLanguage\":\"es\",\"potentialAction\":[{\"@type\":\"ReadAction\",\"target\":[\"https:\/\/www.fvb.cat\/es\/?p=18502\"]}]},{\"@type\":\"ImageObject\",\"inLanguage\":\"es\",\"@id\":\"https:\/\/www.fvb.cat\/es\/?p=18502#primaryimage\",\"url\":\"https:\/\/www.fvb.cat\/wp-content\/uploads\/2026\/04\/IMATGE-PROFESSIONALS-PARTICIPANTS-A-LA-CURSA.jpeg\",\"contentUrl\":\"https:\/\/www.fvb.cat\/wp-content\/uploads\/2026\/04\/IMATGE-PROFESSIONALS-PARTICIPANTS-A-LA-CURSA.jpeg\",\"width\":1600,\"height\":1200},{\"@type\":\"BreadcrumbList\",\"@id\":\"https:\/\/www.fvb.cat\/es\/?p=18502#breadcrumb\",\"itemListElement\":[{\"@type\":\"ListItem\",\"position\":1,\"name\":\"Inici\",\"item\":\"https:\/\/www.fvb.cat\/es\/\"},{\"@type\":\"ListItem\",\"position\":2,\"name\":\"Veintid\u00f3s profesionales de la Fundaci\u00f3n participan en la 31\u00aa Carrera de la Sanidad Catalana\"}]},{\"@type\":\"WebSite\",\"@id\":\"https:\/\/www.fvb.cat\/es\/#website\",\"url\":\"https:\/\/www.fvb.cat\/es\/\",\"name\":\"Fundaci\u00f3 Vidal i Barraquer\",\"description\":\"Asistencia, docencia e investigaci\u00f3n en Salud Mental\",\"publisher\":{\"@id\":\"https:\/\/www.fvb.cat\/es\/#organization\"},\"potentialAction\":[{\"@type\":\"SearchAction\",\"target\":{\"@type\":\"EntryPoint\",\"urlTemplate\":\"https:\/\/www.fvb.cat\/es\/?s={search_term_string}\"},\"query-input\":\"required name=search_term_string\"}],\"inLanguage\":\"es\"},{\"@type\":\"Organization\",\"@id\":\"https:\/\/www.fvb.cat\/es\/#organization\",\"name\":\"Fundaci\u00f3 Vidal i Barraquer\",\"url\":\"https:\/\/www.fvb.cat\/es\/\",\"logo\":{\"@type\":\"ImageObject\",\"inLanguage\":\"es\",\"@id\":\"https:\/\/www.fvb.cat\/es\/#\/schema\/logo\/image\/\",\"url\":\"https:\/\/www.fvb.cat\/wp-content\/uploads\/2024\/05\/logo-vidal-i-barrauqer-60-aniversari.jpg\",\"contentUrl\":\"https:\/\/www.fvb.cat\/wp-content\/uploads\/2024\/05\/logo-vidal-i-barrauqer-60-aniversari.jpg\",\"width\":2125,\"height\":703,\"caption\":\"Fundaci\u00f3 Vidal i Barraquer\"},\"image\":{\"@id\":\"https:\/\/www.fvb.cat\/es\/#\/schema\/logo\/image\/\"}},{\"@type\":\"Person\",\"@id\":\"https:\/\/www.fvb.cat\/es\/#\/schema\/person\/83a51a8cdae04bb9ed05ac117cc725eb\",\"name\":\"Incidencies FVB\",\"image\":{\"@type\":\"ImageObject\",\"inLanguage\":\"es\",\"@id\":\"https:\/\/www.fvb.cat\/es\/#\/schema\/person\/image\/\",\"url\":\"https:\/\/secure.gravatar.com\/avatar\/e273473f44d68622f3c121bdf3d64154?s=96&d=mm&r=g\",\"contentUrl\":\"https:\/\/secure.gravatar.com\/avatar\/e273473f44d68622f3c121bdf3d64154?s=96&d=mm&r=g\",\"caption\":\"Incidencies FVB\"},\"url\":\"https:\/\/www.fvb.cat\/es\/author\/incidencies-fvb\/\"}]}<\/script>\n<!-- \/ Yoast SEO plugin. -->","yoast_head_json":{"title":"[:ca]Vint-i-dos professionals de la Fundaci\u00f3 participen a la 31a cursa de la Sanitat Catalana [:es]Veintid\u00f3s profesionales de la Fundaci\u00f3n participan en la 31\u00aa Carrera de la Sanidad Catalana[:] - Fundaci\u00f3 Vidal i Barraquer","robots":{"index":"index","follow":"follow","max-snippet":"max-snippet:-1","max-image-preview":"max-image-preview:large","max-video-preview":"max-video-preview:-1"},"canonical":"https:\/\/www.fvb.cat\/es\/?p=18502","og_locale":"es_ES","og_type":"article","og_title":"[:ca]Vint-i-dos professionals de la Fundaci\u00f3 participen a la 31a cursa de la Sanitat Catalana [:es]Veintid\u00f3s profesionales de la Fundaci\u00f3n participan en la 31\u00aa Carrera de la Sanidad Catalana[:] - Fundaci\u00f3 Vidal i Barraquer","og_description":"Un a\u00f1o m\u00e1s, la Fundaci\u00f3n Vidal i Barraquer ha estado presente en...","og_url":"https:\/\/www.fvb.cat\/es\/?p=18502","og_site_name":"Fundaci\u00f3 Vidal i Barraquer","article_published_time":"2026-04-30T14:07:35+00:00","og_image":[{"width":1600,"height":1200,"url":"https:\/\/www.fvb.cat\/wp-content\/uploads\/2026\/04\/IMATGE-PROFESSIONALS-PARTICIPANTS-A-LA-CURSA.jpeg","type":"image\/jpeg"}],"author":"Incidencies FVB","twitter_card":"summary_large_image","twitter_misc":{"Escrito por":"Incidencies FVB","Tiempo de lectura":"1 minuto"},"schema":{"@context":"https:\/\/schema.org","@graph":[{"@type":"Article","@id":"https:\/\/www.fvb.cat\/es\/?p=18502#article","isPartOf":{"@id":"https:\/\/www.fvb.cat\/es\/?p=18502"},"author":{"name":"Incidencies FVB","@id":"https:\/\/www.fvb.cat\/es\/#\/schema\/person\/83a51a8cdae04bb9ed05ac117cc725eb"},"headline":"Veintid\u00f3s profesionales de la Fundaci\u00f3n participan en la 31\u00aa Carrera de la Sanidad Catalana","datePublished":"2026-04-30T14:07:35+00:00","dateModified":"2026-04-30T14:07:35+00:00","mainEntityOfPage":{"@id":"https:\/\/www.fvb.cat\/es\/?p=18502"},"wordCount":394,"publisher":{"@id":"https:\/\/www.fvb.cat\/es\/#organization"},"image":{"@id":"https:\/\/www.fvb.cat\/es\/?p=18502#primaryimage"},"thumbnailUrl":"https:\/\/www.fvb.cat\/wp-content\/uploads\/2026\/04\/IMATGE-PROFESSIONALS-PARTICIPANTS-A-LA-CURSA.jpeg","articleSection":["Actualidad"],"inLanguage":"es"},{"@type":"WebPage","@id":"https:\/\/www.fvb.cat\/es\/?p=18502","url":"https:\/\/www.fvb.cat\/es\/?p=18502","name":"[:ca]Vint-i-dos professionals de la Fundaci\u00f3 participen a la 31a cursa de la Sanitat Catalana [:es]Veintid\u00f3s profesionales de la Fundaci\u00f3n participan en la 31\u00aa Carrera de la Sanidad Catalana[:] - Fundaci\u00f3 Vidal i Barraquer","isPartOf":{"@id":"https:\/\/www.fvb.cat\/es\/#website"},"primaryImageOfPage":{"@id":"https:\/\/www.fvb.cat\/es\/?p=18502#primaryimage"},"image":{"@id":"https:\/\/www.fvb.cat\/es\/?p=18502#primaryimage"},"thumbnailUrl":"https:\/\/www.fvb.cat\/wp-content\/uploads\/2026\/04\/IMATGE-PROFESSIONALS-PARTICIPANTS-A-LA-CURSA.jpeg","datePublished":"2026-04-30T14:07:35+00:00","dateModified":"2026-04-30T14:07:35+00:00","breadcrumb":{"@id":"https:\/\/www.fvb.cat\/es\/?p=18502#breadcrumb"},"inLanguage":"es","potentialAction":[{"@type":"ReadAction","target":["https:\/\/www.fvb.cat\/es\/?p=18502"]}]},{"@type":"ImageObject","inLanguage":"es","@id":"https:\/\/www.fvb.cat\/es\/?p=18502#primaryimage","url":"https:\/\/www.fvb.cat\/wp-content\/uploads\/2026\/04\/IMATGE-PROFESSIONALS-PARTICIPANTS-A-LA-CURSA.jpeg","contentUrl":"https:\/\/www.fvb.cat\/wp-content\/uploads\/2026\/04\/IMATGE-PROFESSIONALS-PARTICIPANTS-A-LA-CURSA.jpeg","width":1600,"height":1200},{"@type":"BreadcrumbList","@id":"https:\/\/www.fvb.cat\/es\/?p=18502#breadcrumb","itemListElement":[{"@type":"ListItem","position":1,"name":"Inici","item":"https:\/\/www.fvb.cat\/es\/"},{"@type":"ListItem","position":2,"name":"Veintid\u00f3s profesionales de la Fundaci\u00f3n participan en la 31\u00aa Carrera de la Sanidad Catalana"}]},{"@type":"WebSite","@id":"https:\/\/www.fvb.cat\/es\/#website","url":"https:\/\/www.fvb.cat\/es\/","name":"Fundaci\u00f3 Vidal i Barraquer","description":"Asistencia, docencia e investigaci\u00f3n en Salud Mental","publisher":{"@id":"https:\/\/www.fvb.cat\/es\/#organization"},"potentialAction":[{"@type":"SearchAction","target":{"@type":"EntryPoint","urlTemplate":"https:\/\/www.fvb.cat\/es\/?s={search_term_string}"},"query-input":"required name=search_term_string"}],"inLanguage":"es"},{"@type":"Organization","@id":"https:\/\/www.fvb.cat\/es\/#organization","name":"Fundaci\u00f3 Vidal i Barraquer","url":"https:\/\/www.fvb.cat\/es\/","logo":{"@type":"ImageObject","inLanguage":"es","@id":"https:\/\/www.fvb.cat\/es\/#\/schema\/logo\/image\/","url":"https:\/\/www.fvb.cat\/wp-content\/uploads\/2024\/05\/logo-vidal-i-barrauqer-60-aniversari.jpg","contentUrl":"https:\/\/www.fvb.cat\/wp-content\/uploads\/2024\/05\/logo-vidal-i-barrauqer-60-aniversari.jpg","width":2125,"height":703,"caption":"Fundaci\u00f3 Vidal i Barraquer"},"image":{"@id":"https:\/\/www.fvb.cat\/es\/#\/schema\/logo\/image\/"}},{"@type":"Person","@id":"https:\/\/www.fvb.cat\/es\/#\/schema\/person\/83a51a8cdae04bb9ed05ac117cc725eb","name":"Incidencies FVB","image":{"@type":"ImageObject","inLanguage":"es","@id":"https:\/\/www.fvb.cat\/es\/#\/schema\/person\/image\/","url":"https:\/\/secure.gravatar.com\/avatar\/e273473f44d68622f3c121bdf3d64154?s=96&d=mm&r=g","contentUrl":"https:\/\/secure.gravatar.com\/avatar\/e273473f44d68622f3c121bdf3d64154?s=96&d=mm&r=g","caption":"Incidencies FVB"},"url":"https:\/\/www.fvb.cat\/es\/author\/incidencies-fvb\/"}]}},"_links":{"self":[{"href":"https:\/\/www.fvb.cat\/es\/wp-json\/wp\/v2\/posts\/18502"}],"collection":[{"href":"https:\/\/www.fvb.cat\/es\/wp-json\/wp\/v2\/posts"}],"about":[{"href":"https:\/\/www.fvb.cat\/es\/wp-json\/wp\/v2\/types\/post"}],"author":[{"embeddable":true,"href":"https:\/\/www.fvb.cat\/es\/wp-json\/wp\/v2\/users\/33"}],"replies":[{"embeddable":true,"href":"https:\/\/www.fvb.cat\/es\/wp-json\/wp\/v2\/comments?post=18502"}],"version-history":[{"count":1,"href":"https:\/\/www.fvb.cat\/es\/wp-json\/wp\/v2\/posts\/18502\/revisions"}],"predecessor-version":[{"id":18504,"href":"https:\/\/www.fvb.cat\/es\/wp-json\/wp\/v2\/posts\/18502\/revisions\/18504"}],"wp:featuredmedia":[{"embeddable":true,"href":"https:\/\/www.fvb.cat\/es\/wp-json\/wp\/v2\/media\/18503"}],"wp:attachment":[{"href":"https:\/\/www.fvb.cat\/es\/wp-json\/wp\/v2\/media?parent=18502"}],"wp:term":[{"taxonomy":"category","embeddable":true,"href":"https:\/\/www.fvb.cat\/es\/wp-json\/wp\/v2\/categories?post=18502"},{"taxonomy":"post_tag","embeddable":true,"href":"https:\/\/www.fvb.cat\/es\/wp-json\/wp\/v2\/tags?post=18502"}],"curies":[{"name":"wp","href":"https:\/\/api.w.org\/{rel}","templated":true}]}}