{"id":17582,"date":"2025-10-09T11:23:06","date_gmt":"2025-10-09T10:23:06","guid":{"rendered":"https:\/\/www.fvb.cat\/es\/?p=17582"},"modified":"2025-10-09T11:27:45","modified_gmt":"2025-10-09T10:27:45","slug":"una-persona-intel%c2%b7ligent-es-capac-de-llegir-el-que-hi-ha-al-cor-duna-altra-francesc-torralba","status":"publish","type":"post","link":"https:\/\/www.fvb.cat\/es\/inteligencia-espiritual-cat\/","title":{"rendered":"Una persona inteligente \u201ces capaz de leer lo que hay en el coraz\u00f3n de otra\u201d \u2013 Francesc Torralba"},"content":{"rendered":"<section class=\"l-section wpb_row height_medium\"><div class=\"l-section-h i-cf\"><div class=\"g-cols type_default valign_top\"><div class=\"vc_col-sm-12 wpb_column vc_column_container\"><div class=\"vc_column-inner\"><div class=\"wpb_wrapper\"><div class=\"wpb_text_column \"><div class=\"wpb_wrapper\">\n<h6 style=\"text-align: center;\"><span style=\"color: #999999;\">El Instituto Universitario de Salud Mental Vidal i Barraquer \u2013 URL ha acogido la inauguraci\u00f3n de la nueva edici\u00f3n del m\u00e1ster de Formaci\u00f3n Permanente en Espiritualidad Transcultural.<\/span><\/h6>\n<p><!--more--><\/p>\n<p>Un a\u00f1o m\u00e1s, el <a href=\"https:\/\/www.francesctorralba.com\/es\/\">Dr. Francesc Torralba<\/a> ha sido el encargado de dar la salida con el acto \u2018Inteligencia Espiritual\u2019. La jornada ha sido presentada por el Dr. Joan-Andreu Rocha docente del <a href=\"https:\/\/www.fvb.cat\/es\/docencia\/master-de-formacion-permanente-espiritualidad-transcultural\/\">m\u00e1ster en Espiritualidad Transcultural<\/a> donde se explic\u00f3 que durante el curso se aborda la profundizaci\u00f3n desde una mirada antropol\u00f3gica, psicol\u00f3gica, filos\u00f3fica e incluso art\u00edstica de la realidad espiritual de la humanidad desde el que llamamos las religiones abiertas, las nuevas religiones y el agnosticismo.<\/p>\n<p>El acto se parti\u00f3 en tres bloques para profundizar bien en lo que es, qu\u00e9 potencias tiene y c\u00f3mo podemos cultivar la inteligencia espiritual.<\/p>\n<p>&nbsp;<\/p>\n<h5><span style=\"color: #00ccff;\"><strong>PRIMER BLOQUE<\/strong><\/span><\/h5>\n<p>El primer bloque se ha centrado en clarificar que es la inteligencia espiritual. El Dr. Torralba ha puntualizado que lo primero a hacer es definir el vocablo. En algunos contextos la palabra \u2018espiritualidad\u2019 genera recelos o anticuerpos, y en otros es un aspecto positivo. Por lo tanto, ha comenzado el acto diciendo que \u201clas palabras, a veces, son barreras y otras son catalizadores\u201d, entonces tenemos que ir con la idea de que las palabras no son neutras.<\/p>\n<p>Dejando de lado la palabra \u2018espiritualidad\u2019 se ha centrado en el vocablo \u2018inteligencia\u2019 poniendo sobre la mesa los cuatro usos que tiene. El primero, <em><strong>intus legere<\/strong>, <\/em>del lat\u00edn lo traducimos como leer dentro. \u201cUna persona inteligente es capaz de leer lo que hay dentro del coraz\u00f3n de otra, el que lee dentro y no se queda con lo de fuera\u201d explica Francesc Torralba.<\/p>\n<p>El segundo, <em><strong>inter legere<\/strong>, <\/em>es el que escoge entre. El que se espera de una persona inteligente es que nos ayude a tomar una buena decisi\u00f3n. La <strong>capacidad adaptativa<\/strong> es el uso m\u00e1s conocido, ya que, entendemos como una persona inteligente aquella que es<strong> capaz de resolver problemas<\/strong> y situaciones, pero sobre todo es capaz de adaptarse a nuevas. El cuarto uso es la capacidad que nos habilita para <strong>transformar la realidad<\/strong> y convertirla en un lugar afable.<\/p>\n<p>Una vez se ha entendido el vocablo \u2018inteligencia\u2019, Francesc Torralba ha explicado qu\u00e9 es la inteligencia espiritual. \u00c9l utiliza el t\u00e9rmino siguiendo la literatura de Garner, conocido por el libro <em>Las inteligencias m\u00faltiples, <\/em>una publicaci\u00f3n que ha marcado un punto en la comprensi\u00f3n de la mente humana.<\/p>\n<p>Si nos fijamos en la historia podemos ver que hay inteligencias espirituales muy precoces, pero en la actualidad estamos totalmente alejados, ya que hay pocos ni\u00f1os y ni\u00f1as que crezcan en un entorno donde se hable de estos temas. Las pantallas, hoy en d\u00eda los vuelven m\u00e1s ignorantes.<\/p>\n<p>&nbsp;<\/p>\n<h5><span style=\"color: #00ccff;\"><strong>SEGUNDO BLOQUE <\/strong><\/span><\/h5>\n<p>Seg\u00fan Francesc Torralba encontramos cinco potencias en inteligencia espiritual: esta tipolog\u00eda de inteligencia nos habilita a indagar en el sentido de las vivencias y experiencias, por lo tanto, hablamos de la <strong>exploraci\u00f3n del prop\u00f3sito<\/strong>; <strong>tomar distancia<\/strong> tanto de la propia vida, como de los v\u00ednculos que nos rodea. A veces vernos desde fuera nos ayuda a crecer tanto personalmente como profesionales.<\/p>\n<p>La tercera potencia es la de <strong>sorprenderse<\/strong>. Cuando una persona es muy espiritual tiene la capacidad para sorprendernos para cualquier peque\u00f1a cosa. Seg\u00fan el Dr. Torralba a los ni\u00f1os\/as, ahora, les damos las respuestas antes que tengan la curiosidad y se pueda llegar a sorprender. Y la infancia es el mejor momento para desarrollar esta capacidad, ya que son esponjas.<\/p>\n<p>La cuarta potencia expuesta es la <strong>capacidad de vivir el presente,<\/strong> porque hoy el d\u00eda estamos ausentes en el futuro o el pasado y con la cabeza puesta a las pantallas. Torralba ha hablado sobre levantar la cabeza del m\u00f3vil al autob\u00fas y ver que hay una persona grande que necesita sentarse en el lugar que est\u00e1s ocupando, esta cosa tan sencilla y rutinaria es vivir el presente. Finalmente, la quinta, habla de qu\u00e9 como m\u00e1s espiritual es una persona m\u00e1s se cuestiona la raz\u00f3n y todo resulta enigm\u00e1tico.<\/p>\n<p>&nbsp;<\/p>\n<p><strong>TERCER BLOQUE <\/strong><\/p>\n<p>El acto de presentaci\u00f3n del m\u00e1ster de Formaci\u00f3n Permanente en Espiritualidad Transcultural ha acabado con el tercer bloque: como cultivar la inteligencia espiritual.<\/p>\n<p>La primera acci\u00f3n que la activa es <strong>no tener la situaci\u00f3n controlada;<\/strong> la segunda, el <strong>di\u00e1logo socr\u00e1tico<\/strong>, es decir, plantearse si lo que haces o el que te ha pasado tiene alg\u00fan sentido;<strong> la solicitud, el silencio y el arte<\/strong> son otras acciones que tambi\u00e9n ayudan a cultivar la inteligencia espiritual, especialmente la m\u00fasica, ya que, seg\u00fan Francesc Torralba te transporta al pasado y a otros lugares.<\/p>\n<p>&nbsp;<\/p>\n<p>Recupera el acto entero<\/div> <\/div> <\/div><\/div><\/div><\/div><\/div><\/section><section class=\"l-section wpb_row height_medium\"><div class=\"l-section-h i-cf\"><div class=\"g-cols type_default valign_top\"><div class=\"vc_col-sm-12 wpb_column vc_column_container\"><div class=\"vc_column-inner\"><div class=\"wpb_wrapper\"><div class=\"w-video ratio_16x9\"><div class=\"w-video-h\"><iframe loading=\"lazy\" width=\"420\" height=\"315\" src=\"\/\/www.youtube.com\/embed\/8oWvotmfzOs?rel=0\" allowfullscreen><\/iframe><\/div><\/div><\/div><\/div><\/div><\/div><\/div><\/section>","protected":false},"excerpt":{"rendered":"<p>Disculpa, pero esta entrada est\u00e1 disponible s\u00f3lo en Catal\u00e0. For the sake&#8230;<\/p>\n","protected":false},"author":33,"featured_media":17584,"comment_status":"closed","ping_status":"closed","sticky":false,"template":"","format":"standard","meta":{"footnotes":""},"categories":[56],"tags":[589,614,618,615,616,595,617],"yoast_head":"<!-- This site is optimized with the Yoast SEO plugin v22.6 - https:\/\/yoast.com\/wordpress\/plugins\/seo\/ -->\n<title>Acte intel\u00b7lig\u00e8ncia espiritual<\/title>\n<meta name=\"description\" content=\"Una persona intel\u00b7ligent \u201c\u00e9s capa\u00e7 de llegir el que hi ha al cor d\u2019una altra\u201d \u2013 Francesc Torralba a l&#039;acte intel\u00b7lig\u00e8ncia espiritual\" \/>\n<meta name=\"robots\" content=\"index, follow, max-snippet:-1, max-image-preview:large, max-video-preview:-1\" \/>\n<link rel=\"canonical\" href=\"https:\/\/www.fvb.cat\/es\/?p=17582\" \/>\n<meta property=\"og:locale\" content=\"es_ES\" \/>\n<meta property=\"og:type\" content=\"article\" \/>\n<meta property=\"og:title\" content=\"Acte intel\u00b7lig\u00e8ncia espiritual\" \/>\n<meta property=\"og:description\" content=\"Una persona intel\u00b7ligent \u201c\u00e9s capa\u00e7 de llegir el que hi ha al cor d\u2019una altra\u201d \u2013 Francesc Torralba a l&#039;acte intel\u00b7lig\u00e8ncia espiritual\" \/>\n<meta property=\"og:url\" content=\"https:\/\/www.fvb.cat\/es\/?p=17582\" \/>\n<meta property=\"og:site_name\" content=\"Fundaci\u00f3 Vidal i Barraquer\" \/>\n<meta property=\"article:published_time\" content=\"2025-10-09T10:23:06+00:00\" \/>\n<meta property=\"article:modified_time\" content=\"2025-10-09T10:27:45+00:00\" \/>\n<meta property=\"og:image\" content=\"https:\/\/www.fvb.cat\/wp-content\/uploads\/2025\/10\/IMG_INTEL\u00b7LIGENCIA-ESPIRITUAL.png\" \/>\n\t<meta property=\"og:image:width\" content=\"1587\" \/>\n\t<meta property=\"og:image:height\" content=\"796\" \/>\n\t<meta property=\"og:image:type\" content=\"image\/png\" \/>\n<meta name=\"author\" content=\"Incidencies FVB\" \/>\n<meta name=\"twitter:card\" content=\"summary_large_image\" \/>\n<meta name=\"twitter:label1\" content=\"Escrito por\" \/>\n\t<meta name=\"twitter:data1\" content=\"Incidencies FVB\" \/>\n\t<meta name=\"twitter:label2\" content=\"Tiempo de lectura\" \/>\n\t<meta name=\"twitter:data2\" content=\"4 minutos\" \/>\n<script type=\"application\/ld+json\" class=\"yoast-schema-graph\">{\"@context\":\"https:\/\/schema.org\",\"@graph\":[{\"@type\":\"Article\",\"@id\":\"https:\/\/www.fvb.cat\/es\/?p=17582#article\",\"isPartOf\":{\"@id\":\"https:\/\/www.fvb.cat\/es\/?p=17582\"},\"author\":{\"name\":\"Incidencies FVB\",\"@id\":\"https:\/\/www.fvb.cat\/es\/#\/schema\/person\/83a51a8cdae04bb9ed05ac117cc725eb\"},\"headline\":\"Una persona inteligente \u201ces capaz de leer lo que hay en el coraz\u00f3n de otra\u201d \u2013 Francesc Torralba\",\"datePublished\":\"2025-10-09T10:23:06+00:00\",\"dateModified\":\"2025-10-09T10:27:45+00:00\",\"mainEntityOfPage\":{\"@id\":\"https:\/\/www.fvb.cat\/es\/?p=17582\"},\"wordCount\":1750,\"publisher\":{\"@id\":\"https:\/\/www.fvb.cat\/es\/#organization\"},\"image\":{\"@id\":\"https:\/\/www.fvb.cat\/es\/?p=17582#primaryimage\"},\"thumbnailUrl\":\"https:\/\/www.fvb.cat\/wp-content\/uploads\/2025\/10\/IMG_INTEL\u00b7LIGENCIA-ESPIRITUAL.png\",\"keywords\":[\"espiritualidad\",\"espiritualidad\",\"espiritualitat transcultural\",\"inteligencia\",\"intel\u00b7lig\u00e8ncia\",\"MET\",\"transcultural\"],\"articleSection\":[\"Actualidad\"],\"inLanguage\":\"es\"},{\"@type\":\"WebPage\",\"@id\":\"https:\/\/www.fvb.cat\/es\/?p=17582\",\"url\":\"https:\/\/www.fvb.cat\/es\/?p=17582\",\"name\":\"Acte intel\u00b7lig\u00e8ncia espiritual\",\"isPartOf\":{\"@id\":\"https:\/\/www.fvb.cat\/es\/#website\"},\"primaryImageOfPage\":{\"@id\":\"https:\/\/www.fvb.cat\/es\/?p=17582#primaryimage\"},\"image\":{\"@id\":\"https:\/\/www.fvb.cat\/es\/?p=17582#primaryimage\"},\"thumbnailUrl\":\"https:\/\/www.fvb.cat\/wp-content\/uploads\/2025\/10\/IMG_INTEL\u00b7LIGENCIA-ESPIRITUAL.png\",\"datePublished\":\"2025-10-09T10:23:06+00:00\",\"dateModified\":\"2025-10-09T10:27:45+00:00\",\"description\":\"Una persona intel\u00b7ligent \u201c\u00e9s capa\u00e7 de llegir el que hi ha al cor d\u2019una altra\u201d \u2013 Francesc Torralba a l'acte intel\u00b7lig\u00e8ncia espiritual\",\"breadcrumb\":{\"@id\":\"https:\/\/www.fvb.cat\/es\/?p=17582#breadcrumb\"},\"inLanguage\":\"es\",\"potentialAction\":[{\"@type\":\"ReadAction\",\"target\":[\"https:\/\/www.fvb.cat\/es\/?p=17582\"]}]},{\"@type\":\"ImageObject\",\"inLanguage\":\"es\",\"@id\":\"https:\/\/www.fvb.cat\/es\/?p=17582#primaryimage\",\"url\":\"https:\/\/www.fvb.cat\/wp-content\/uploads\/2025\/10\/IMG_INTEL\u00b7LIGENCIA-ESPIRITUAL.png\",\"contentUrl\":\"https:\/\/www.fvb.cat\/wp-content\/uploads\/2025\/10\/IMG_INTEL\u00b7LIGENCIA-ESPIRITUAL.png\",\"width\":1587,\"height\":796},{\"@type\":\"BreadcrumbList\",\"@id\":\"https:\/\/www.fvb.cat\/es\/?p=17582#breadcrumb\",\"itemListElement\":[{\"@type\":\"ListItem\",\"position\":1,\"name\":\"Inici\",\"item\":\"https:\/\/www.fvb.cat\/es\/\"},{\"@type\":\"ListItem\",\"position\":2,\"name\":\"Una persona inteligente \u201ces capaz de leer lo que hay en el coraz\u00f3n de otra\u201d \u2013 Francesc Torralba\"}]},{\"@type\":\"WebSite\",\"@id\":\"https:\/\/www.fvb.cat\/es\/#website\",\"url\":\"https:\/\/www.fvb.cat\/es\/\",\"name\":\"Fundaci\u00f3 Vidal i Barraquer\",\"description\":\"Asistencia, docencia e investigaci\u00f3n en Salud Mental\",\"publisher\":{\"@id\":\"https:\/\/www.fvb.cat\/es\/#organization\"},\"potentialAction\":[{\"@type\":\"SearchAction\",\"target\":{\"@type\":\"EntryPoint\",\"urlTemplate\":\"https:\/\/www.fvb.cat\/es\/?s={search_term_string}\"},\"query-input\":\"required name=search_term_string\"}],\"inLanguage\":\"es\"},{\"@type\":\"Organization\",\"@id\":\"https:\/\/www.fvb.cat\/es\/#organization\",\"name\":\"Fundaci\u00f3 Vidal i Barraquer\",\"url\":\"https:\/\/www.fvb.cat\/es\/\",\"logo\":{\"@type\":\"ImageObject\",\"inLanguage\":\"es\",\"@id\":\"https:\/\/www.fvb.cat\/es\/#\/schema\/logo\/image\/\",\"url\":\"https:\/\/www.fvb.cat\/wp-content\/uploads\/2024\/05\/logo-vidal-i-barrauqer-60-aniversari.jpg\",\"contentUrl\":\"https:\/\/www.fvb.cat\/wp-content\/uploads\/2024\/05\/logo-vidal-i-barrauqer-60-aniversari.jpg\",\"width\":2125,\"height\":703,\"caption\":\"Fundaci\u00f3 Vidal i Barraquer\"},\"image\":{\"@id\":\"https:\/\/www.fvb.cat\/es\/#\/schema\/logo\/image\/\"}},{\"@type\":\"Person\",\"@id\":\"https:\/\/www.fvb.cat\/es\/#\/schema\/person\/83a51a8cdae04bb9ed05ac117cc725eb\",\"name\":\"Incidencies FVB\",\"image\":{\"@type\":\"ImageObject\",\"inLanguage\":\"es\",\"@id\":\"https:\/\/www.fvb.cat\/es\/#\/schema\/person\/image\/\",\"url\":\"https:\/\/secure.gravatar.com\/avatar\/e273473f44d68622f3c121bdf3d64154?s=96&d=mm&r=g\",\"contentUrl\":\"https:\/\/secure.gravatar.com\/avatar\/e273473f44d68622f3c121bdf3d64154?s=96&d=mm&r=g\",\"caption\":\"Incidencies FVB\"},\"url\":\"https:\/\/www.fvb.cat\/es\/author\/incidencies-fvb\/\"}]}<\/script>\n<!-- \/ Yoast SEO plugin. -->","yoast_head_json":{"title":"Acte intel\u00b7lig\u00e8ncia espiritual","description":"Una persona intel\u00b7ligent \u201c\u00e9s capa\u00e7 de llegir el que hi ha al cor d\u2019una altra\u201d \u2013 Francesc Torralba a l'acte intel\u00b7lig\u00e8ncia espiritual","robots":{"index":"index","follow":"follow","max-snippet":"max-snippet:-1","max-image-preview":"max-image-preview:large","max-video-preview":"max-video-preview:-1"},"canonical":"https:\/\/www.fvb.cat\/es\/?p=17582","og_locale":"es_ES","og_type":"article","og_title":"Acte intel\u00b7lig\u00e8ncia espiritual","og_description":"Una persona intel\u00b7ligent \u201c\u00e9s capa\u00e7 de llegir el que hi ha al cor d\u2019una altra\u201d \u2013 Francesc Torralba a l'acte intel\u00b7lig\u00e8ncia espiritual","og_url":"https:\/\/www.fvb.cat\/es\/?p=17582","og_site_name":"Fundaci\u00f3 Vidal i Barraquer","article_published_time":"2025-10-09T10:23:06+00:00","article_modified_time":"2025-10-09T10:27:45+00:00","og_image":[{"width":1587,"height":796,"url":"https:\/\/www.fvb.cat\/wp-content\/uploads\/2025\/10\/IMG_INTEL\u00b7LIGENCIA-ESPIRITUAL.png","type":"image\/png"}],"author":"Incidencies FVB","twitter_card":"summary_large_image","twitter_misc":{"Escrito por":"Incidencies FVB","Tiempo de lectura":"4 minutos"},"schema":{"@context":"https:\/\/schema.org","@graph":[{"@type":"Article","@id":"https:\/\/www.fvb.cat\/es\/?p=17582#article","isPartOf":{"@id":"https:\/\/www.fvb.cat\/es\/?p=17582"},"author":{"name":"Incidencies FVB","@id":"https:\/\/www.fvb.cat\/es\/#\/schema\/person\/83a51a8cdae04bb9ed05ac117cc725eb"},"headline":"Una persona inteligente \u201ces capaz de leer lo que hay en el coraz\u00f3n de otra\u201d \u2013 Francesc Torralba","datePublished":"2025-10-09T10:23:06+00:00","dateModified":"2025-10-09T10:27:45+00:00","mainEntityOfPage":{"@id":"https:\/\/www.fvb.cat\/es\/?p=17582"},"wordCount":1750,"publisher":{"@id":"https:\/\/www.fvb.cat\/es\/#organization"},"image":{"@id":"https:\/\/www.fvb.cat\/es\/?p=17582#primaryimage"},"thumbnailUrl":"https:\/\/www.fvb.cat\/wp-content\/uploads\/2025\/10\/IMG_INTEL\u00b7LIGENCIA-ESPIRITUAL.png","keywords":["espiritualidad","espiritualidad","espiritualitat transcultural","inteligencia","intel\u00b7lig\u00e8ncia","MET","transcultural"],"articleSection":["Actualidad"],"inLanguage":"es"},{"@type":"WebPage","@id":"https:\/\/www.fvb.cat\/es\/?p=17582","url":"https:\/\/www.fvb.cat\/es\/?p=17582","name":"Acte intel\u00b7lig\u00e8ncia espiritual","isPartOf":{"@id":"https:\/\/www.fvb.cat\/es\/#website"},"primaryImageOfPage":{"@id":"https:\/\/www.fvb.cat\/es\/?p=17582#primaryimage"},"image":{"@id":"https:\/\/www.fvb.cat\/es\/?p=17582#primaryimage"},"thumbnailUrl":"https:\/\/www.fvb.cat\/wp-content\/uploads\/2025\/10\/IMG_INTEL\u00b7LIGENCIA-ESPIRITUAL.png","datePublished":"2025-10-09T10:23:06+00:00","dateModified":"2025-10-09T10:27:45+00:00","description":"Una persona intel\u00b7ligent \u201c\u00e9s capa\u00e7 de llegir el que hi ha al cor d\u2019una altra\u201d \u2013 Francesc Torralba a l'acte intel\u00b7lig\u00e8ncia espiritual","breadcrumb":{"@id":"https:\/\/www.fvb.cat\/es\/?p=17582#breadcrumb"},"inLanguage":"es","potentialAction":[{"@type":"ReadAction","target":["https:\/\/www.fvb.cat\/es\/?p=17582"]}]},{"@type":"ImageObject","inLanguage":"es","@id":"https:\/\/www.fvb.cat\/es\/?p=17582#primaryimage","url":"https:\/\/www.fvb.cat\/wp-content\/uploads\/2025\/10\/IMG_INTEL\u00b7LIGENCIA-ESPIRITUAL.png","contentUrl":"https:\/\/www.fvb.cat\/wp-content\/uploads\/2025\/10\/IMG_INTEL\u00b7LIGENCIA-ESPIRITUAL.png","width":1587,"height":796},{"@type":"BreadcrumbList","@id":"https:\/\/www.fvb.cat\/es\/?p=17582#breadcrumb","itemListElement":[{"@type":"ListItem","position":1,"name":"Inici","item":"https:\/\/www.fvb.cat\/es\/"},{"@type":"ListItem","position":2,"name":"Una persona inteligente \u201ces capaz de leer lo que hay en el coraz\u00f3n de otra\u201d \u2013 Francesc Torralba"}]},{"@type":"WebSite","@id":"https:\/\/www.fvb.cat\/es\/#website","url":"https:\/\/www.fvb.cat\/es\/","name":"Fundaci\u00f3 Vidal i Barraquer","description":"Asistencia, docencia e investigaci\u00f3n en Salud Mental","publisher":{"@id":"https:\/\/www.fvb.cat\/es\/#organization"},"potentialAction":[{"@type":"SearchAction","target":{"@type":"EntryPoint","urlTemplate":"https:\/\/www.fvb.cat\/es\/?s={search_term_string}"},"query-input":"required name=search_term_string"}],"inLanguage":"es"},{"@type":"Organization","@id":"https:\/\/www.fvb.cat\/es\/#organization","name":"Fundaci\u00f3 Vidal i Barraquer","url":"https:\/\/www.fvb.cat\/es\/","logo":{"@type":"ImageObject","inLanguage":"es","@id":"https:\/\/www.fvb.cat\/es\/#\/schema\/logo\/image\/","url":"https:\/\/www.fvb.cat\/wp-content\/uploads\/2024\/05\/logo-vidal-i-barrauqer-60-aniversari.jpg","contentUrl":"https:\/\/www.fvb.cat\/wp-content\/uploads\/2024\/05\/logo-vidal-i-barrauqer-60-aniversari.jpg","width":2125,"height":703,"caption":"Fundaci\u00f3 Vidal i Barraquer"},"image":{"@id":"https:\/\/www.fvb.cat\/es\/#\/schema\/logo\/image\/"}},{"@type":"Person","@id":"https:\/\/www.fvb.cat\/es\/#\/schema\/person\/83a51a8cdae04bb9ed05ac117cc725eb","name":"Incidencies FVB","image":{"@type":"ImageObject","inLanguage":"es","@id":"https:\/\/www.fvb.cat\/es\/#\/schema\/person\/image\/","url":"https:\/\/secure.gravatar.com\/avatar\/e273473f44d68622f3c121bdf3d64154?s=96&d=mm&r=g","contentUrl":"https:\/\/secure.gravatar.com\/avatar\/e273473f44d68622f3c121bdf3d64154?s=96&d=mm&r=g","caption":"Incidencies FVB"},"url":"https:\/\/www.fvb.cat\/es\/author\/incidencies-fvb\/"}]}},"_links":{"self":[{"href":"https:\/\/www.fvb.cat\/es\/wp-json\/wp\/v2\/posts\/17582"}],"collection":[{"href":"https:\/\/www.fvb.cat\/es\/wp-json\/wp\/v2\/posts"}],"about":[{"href":"https:\/\/www.fvb.cat\/es\/wp-json\/wp\/v2\/types\/post"}],"author":[{"embeddable":true,"href":"https:\/\/www.fvb.cat\/es\/wp-json\/wp\/v2\/users\/33"}],"replies":[{"embeddable":true,"href":"https:\/\/www.fvb.cat\/es\/wp-json\/wp\/v2\/comments?post=17582"}],"version-history":[{"count":2,"href":"https:\/\/www.fvb.cat\/es\/wp-json\/wp\/v2\/posts\/17582\/revisions"}],"predecessor-version":[{"id":17587,"href":"https:\/\/www.fvb.cat\/es\/wp-json\/wp\/v2\/posts\/17582\/revisions\/17587"}],"wp:featuredmedia":[{"embeddable":true,"href":"https:\/\/www.fvb.cat\/es\/wp-json\/wp\/v2\/media\/17584"}],"wp:attachment":[{"href":"https:\/\/www.fvb.cat\/es\/wp-json\/wp\/v2\/media?parent=17582"}],"wp:term":[{"taxonomy":"category","embeddable":true,"href":"https:\/\/www.fvb.cat\/es\/wp-json\/wp\/v2\/categories?post=17582"},{"taxonomy":"post_tag","embeddable":true,"href":"https:\/\/www.fvb.cat\/es\/wp-json\/wp\/v2\/tags?post=17582"}],"curies":[{"name":"wp","href":"https:\/\/api.w.org\/{rel}","templated":true}]}}