{"id":17477,"date":"2024-05-12T11:48:03","date_gmt":"2024-05-12T10:48:03","guid":{"rendered":"https:\/\/www.fvb.cat\/ca\/?p=17477"},"modified":"2025-09-16T12:03:28","modified_gmt":"2025-09-16T11:03:28","slug":"la-iii-convocatoria-connecta-de-la-fundacio-la-caixa-premia-un-projecte-de-recerca-de-la-fundacio-vidal-i-barraquer","status":"publish","type":"post","link":"https:\/\/www.fvb.cat\/es\/la-iii-convocatoria-connecta-de-la-fundacion-la-caixa-premia-un-proyecto-de-investigacion-de-la-fundacion-vidal-i-barraquer\/","title":{"rendered":"La III Convocatoria Conecta de \u2018La Fundaci\u00f3n La Caixa\u2019 premia un proyecto de investigaci\u00f3n de la Fundaci\u00f3n Vidal i Barraquer"},"content":{"rendered":"<section class=\"l-section wpb_row height_medium\"><div class=\"l-section-h i-cf\"><div class=\"g-cols type_default valign_top\"><div class=\"vc_col-sm-12 wpb_column vc_column_container\"><div class=\"vc_column-inner\"><div class=\"wpb_wrapper\"><div class=\"wpb_text_column \"><div class=\"wpb_wrapper\">\n<h5>El proyecto de investigaci\u00f3n \u2018J\u00f3venes en alto riesgo psicopatol\u00f3gico y de exclusi\u00f3n: impacto del ECID en su bienestar social\u2019 busca conseguir un mayor apoyo emp\u00edrico que avale la intervenci\u00f3n del ECID. Con esto se podr\u00e1 facilitar la implementaci\u00f3n de equipos similares por todo el territorio, algo que multiplicar\u00e1 el beneficio para los adolescentes de alto riesgo de exclusi\u00f3n social.<\/h5>\n<p><!--more--><\/p>\n<p>Hoy en d\u00eda nos encontramos con adolescentes altamente vulnerables, con trastornos mentales graves, pero que presentan dificultades de vinculaci\u00f3n a los servicios de salud mental ordinarios. Esas dificultades se dan al no poder sostener los requisitos para ser atendidos: asumir la necesidad de ayuda y desplazarse a los servicios. Adem\u00e1s, presentan absentismo escolar, aumentando el riesgo de exclusi\u00f3n social. Es por eso por lo que se crea el Equipo Cl\u00ednico de Intervenci\u00f3n a Domicilio (ECID).<\/p>\n<p>Con los a\u00f1os hemos visto que hay una evidencia emp\u00edrica sobre la eficiencia de la intervenci\u00f3n del ECID. El tratamiento ofrecido es efectivo con j\u00f3venes de muy alto riesgo que adem\u00e1s, facilita la vinculaci\u00f3n al tratamiento para adolescentes de riesgo extremadamente alto.<\/p>\n<blockquote>\n<p style=\"text-align: center;\">\u201cEl objetivo principal del ECID es vincular a los adolescentes con un profesional que los acompa\u00f1ar\u00e1 a retomar un proyecto de vida, atendiendo los trastornos mentales graves que presentan\u201d.<\/p>\n<\/blockquote>\n<p>Con estos antecedentes la Fundaci\u00f3n Vidal i Barraquer juntamente con la Universidad del Pa\u00eds Vasco (UPV\/EHU) y la Universidad de M\u00e1laga ponen en marcha el proyecto de investigaci\u00f3n \u2018J\u00f3venes en alto riesgo psicopatol\u00f3gico y de exclusi\u00f3n: impacto del ECID en su bienestar social\u2019. Este proyecto quiere estudiar el impacto de la intervenci\u00f3n a nivel social, definiendo y evaluando los cambios en una serie de indicadores que sirvan al equipo de investigaci\u00f3n para medir el valor de la intervenci\u00f3n, m\u00e1s all\u00e1 del \u00e1mbito cl\u00ednico.<\/p>\n<p>El objetivo general del proyecto \u2018J\u00f3venes en alto riesgo psicopatol\u00f3gico y de exclusi\u00f3n: impacto del ECID en su bienestar social\u2019 es evaluar el impacto en la mejora del bienestar emocional y social de los y las adolescentes con problemas de salud mental graves atendidos en el ECID bajo el paraguas del modelo AMBIT.<\/p>\n<p>La relevancia y el impacto que este proyecto puede tener es muy alto, debido a que el objetivo del ECID de ayudar a estos adolescentes a revincularse con el sistema, a reconstruir un proyecto de vida, es algo que puede minimizar el riesgo de que acaben convertidos en consumidores cr\u00f3nicos de recursos sanitarios y sociales en un futuro cercano.<\/p>\n<p>Esto permitir\u00e1 evaluar el valor de la intervenci\u00f3n del ECID m\u00e1s all\u00e1 de la eficiencia cl\u00ednica, al estudiar aspectos como la vinculaci\u00f3n de los menores con los profesionales asistenciales, la mejora en la asistencia y rendimiento acad\u00e9mico, la mejora en la calidad de las relaciones sociales y la mejora en el bienestar familiar, entre otros.<\/p>\n<blockquote>\n<p style=\"text-align: center;\">\u201cSi se consigue mayor apoyo emp\u00edrico que avale la intervenci\u00f3n del ECID, se podr\u00e1 facilitar la implementaci\u00f3n de equipos similares por todo el territorio, algo que multiplicar\u00e1 el beneficio para los adolescentes de alto riesgo de exclusi\u00f3n social\u201d.<\/p>\n<\/blockquote>\n<p>&nbsp;<\/p>\n<p><strong><u>\u00bfQU\u00c9 METODOLOG\u00cdA VA A SEGUIR?<\/u><\/strong><\/p>\n<p>Partiendo de la base metodol\u00f3gica de m\u00e9todos mixtos, la propuesta recoge un proceso de dos a\u00f1os dividido en cuatro fases y en el que se plantean tres niveles de concreci\u00f3n.<\/p>\n<p>Estas cuatro fases se dividen en dos a\u00f1os. En 2024 (a\u00f1o de inicio del proyecto) se empieza por la fase de diagn\u00f3stico y recogida de datos, donde se realizar\u00e1 con una b\u00fasqueda el impacto de las diferentes intervenciones llevadas a cabo con j\u00f3venes con problemas de salud mental y conductuales.<\/p>\n<p>En la segunda fase, tambi\u00e9n iniciada en 2024, se profundizar\u00e1 en las voces y experiencias de los\/las j\u00f3venes participantes utilizando diferentes t\u00e9cnicas narrativas en un entorno seguro donde compartir sus experiencias. A trav\u00e9s de los datos recopilados se realizar\u00e1 un an\u00e1lisis de contenido para examinar y extraer patrones tem\u00e1ticos de las narrativas recopiladas, identificando temas emergentes y conexiones entre ellas.<\/p>\n<p>En 2025 se realizar\u00e1n las dos \u00faltimas fases. En primer lugar la fase de an\u00e1lisis en la que se analizar\u00e1n los datos de car\u00e1cter cuantitativo recogidos en la primera fase y en el hist\u00f3rico del recurso desde 2018.<\/p>\n<p>Finalmente, en la \u00faltima fase los resultados se difundir\u00e1n en congresos cient\u00edficos, foros sociales y sanitarios. Se realizar\u00e1n publicaciones en revistas y seminarios finales para compartir y debatir los resultados y orientaciones a las mejoras.<\/p>\n<p>El conocimiento generado por esta investigaci\u00f3n permitir\u00e1 mejorar las estrategias y t\u00e9cnica de intervenci\u00f3n espec\u00edficas en todos los servicios y equipos, con el foco puesto en esta poblaci\u00f3n que acumula factores de riesgo psicopatol\u00f3gico y social, con el objetivo de minimizar las graves consecuencias derivadas del hecho que queden excluidos de los servicios asistenciales y los procesos formativos.<\/div> <\/div> <\/div><\/div><\/div><\/div><\/div><\/section><section class=\"l-section wpb_row height_medium\"><div class=\"l-section-h i-cf\"><div class=\"g-cols type_default valign_top\"><div class=\"vc_col-sm-12 wpb_column vc_column_container\"><div class=\"vc_column-inner\"><div class=\"wpb_wrapper\"><div class=\"w-tabs layout_default accordion title_left icon_chevron iconpos_right \"><div class=\"w-tabs-list items_2\"><div class=\"w-tabs-list-h\"><div class=\"w-tabs-item\"><a href=\"#1758020580409-32536a25-2f5f\" class=\"w-tabs-item-h\"><span class=\"w-tabs-item-title\">\u00bfQU\u00c9 ES EL ECID?<\/span><\/a><\/div>\n<div class=\"w-tabs-item\"><a href=\"#1758020580428-475f7235-c4a7\" class=\"w-tabs-item-h\"><span class=\"w-tabs-item-title\">Section 2<\/span><\/a><\/div>\n<\/div><\/div><div class=\"w-tabs-sections\"><div class=\"w-tabs-sections-h\"><div class=\"w-tabs-section\" id=\"1758020580409-32536a25-2f5f\"><a href=\"#1758020580409-32536a25-2f5f\" class=\"w-tabs-section-header\"><div class=\"w-tabs-section-header-h\"><h5 class=\"w-tabs-section-title\">\u00bfQU\u00c9 ES EL ECID?<\/h5><div class=\"w-tabs-section-control\"><\/div><\/div><\/a><div class=\"w-tabs-section-content\"><div class=\"w-tabs-section-content-h i-cf\"><div class=\"wpb_text_column \"><div class=\"wpb_wrapper\"><p>El Equipo Cl\u00ednico de Intervenci\u00f3n a Domicilio (ECID), es el primer equipo en la red p\u00fablica de salud mental es Espa\u00f1a (2017) para atender a este grupo de adolescentes. El objetivo principal es vincular a los adolescentes con un profesional que los acompa\u00f1ar\u00e1 a retomar un proyecto de vida, atendiendo los trastornos mentales graves que presentan, facilitando la revinculaci\u00f3n a un proceso formativo y reforzando su red de relaciones existentes. Para ello, el profesional se adapta a la situaci\u00f3n particular y necesidades espec\u00edficas de cada adolescente, atendi\u00e9ndoles donde acepten.<\/p>\n<p>La mayor\u00eda de los j\u00f3venes que cumplen criterios para ser atendidos por el ECID acaban excluidos de la asistencia al no poder adaptarse a lo que los servicios existentes pueden ofrecer, aumentando el riesgo de deterioro y cronicidad a nivel psicopatol\u00f3gico, social y acad\u00e9mico-laboral. El hecho de que sigan desatendidos y absentistas tiene un coste muy alto a nivel personal y para sus familias, pero tambi\u00e9n un elevado coste econ\u00f3mico para la administraci\u00f3n, si se cronifica el trastorno mental y la exclusi\u00f3n social.<\/p><\/div> <\/div> <\/div><\/div><\/div><div class=\"w-tabs-section\" id=\"1758020580428-475f7235-c4a7\"><a href=\"#1758020580428-475f7235-c4a7\" class=\"w-tabs-section-header\"><div class=\"w-tabs-section-header-h\"><h5 class=\"w-tabs-section-title\">Section 2<\/h5><div class=\"w-tabs-section-control\"><\/div><\/div><\/a><div class=\"w-tabs-section-content\"><div class=\"w-tabs-section-content-h i-cf\"><\/div><\/div><\/div><\/div><\/div><\/div><\/div><\/div><\/div><\/div><\/div><\/section>","protected":false},"excerpt":{"rendered":"<p>Disculpa, pero esta entrada est\u00e1 disponible s\u00f3lo en Catal\u00e0. For the sake&#8230;<\/p>\n","protected":false},"author":33,"featured_media":17478,"comment_status":"closed","ping_status":"closed","sticky":false,"template":"","format":"standard","meta":{"footnotes":""},"categories":[56,610],"tags":[245,613,603,611,612],"yoast_head":"<!-- This site is optimized with the Yoast SEO plugin v22.6 - https:\/\/yoast.com\/wordpress\/plugins\/seo\/ -->\n<title>La III Convocat\u00f2ria Connecta de \u2018La Fundaci\u00f3 La Caixa\u2019 premia un projecte de recerca de la FVB<\/title>\n<meta name=\"description\" content=\"El projecte Joves en alt risc psicopatol\u00f2gic i d\u2019exclusi\u00f3: impacte de l\u2019ECID en el seu benestar social busca aconseguir un major suport emp\u00edric\" \/>\n<meta name=\"robots\" content=\"index, follow, max-snippet:-1, max-image-preview:large, max-video-preview:-1\" \/>\n<link rel=\"canonical\" href=\"https:\/\/www.fvb.cat\/ca\/?p=17477\" \/>\n<meta property=\"og:locale\" content=\"es_ES\" \/>\n<meta property=\"og:type\" content=\"article\" \/>\n<meta property=\"og:title\" content=\"La III Convocat\u00f2ria Connecta de \u2018La Fundaci\u00f3 La Caixa\u2019 premia un projecte de recerca de la FVB\" \/>\n<meta property=\"og:description\" content=\"El projecte Joves en alt risc psicopatol\u00f2gic i d\u2019exclusi\u00f3: impacte de l\u2019ECID en el seu benestar social busca aconseguir un major suport emp\u00edric\" \/>\n<meta property=\"og:url\" content=\"https:\/\/www.fvb.cat\/ca\/?p=17477\" \/>\n<meta property=\"og:site_name\" content=\"Fundaci\u00f3 Vidal i Barraquer\" \/>\n<meta property=\"article:published_time\" content=\"2024-05-12T10:48:03+00:00\" \/>\n<meta property=\"article:modified_time\" content=\"2025-09-16T11:03:28+00:00\" \/>\n<meta property=\"og:image\" content=\"https:\/\/www.fvb.cat\/wp-content\/uploads\/2025\/09\/adolescente_a_pixabay.png\" \/>\n\t<meta property=\"og:image:width\" content=\"671\" \/>\n\t<meta property=\"og:image:height\" content=\"390\" \/>\n\t<meta property=\"og:image:type\" content=\"image\/png\" \/>\n<meta name=\"author\" content=\"Incidencies FVB\" \/>\n<meta name=\"twitter:card\" content=\"summary_large_image\" \/>\n<meta name=\"twitter:label1\" content=\"Escrito por\" \/>\n\t<meta name=\"twitter:data1\" content=\"Incidencies FVB\" \/>\n\t<meta name=\"twitter:label2\" content=\"Tiempo de lectura\" \/>\n\t<meta name=\"twitter:data2\" content=\"6 minutos\" \/>\n<script type=\"application\/ld+json\" class=\"yoast-schema-graph\">{\"@context\":\"https:\/\/schema.org\",\"@graph\":[{\"@type\":\"Article\",\"@id\":\"https:\/\/www.fvb.cat\/ca\/?p=17477#article\",\"isPartOf\":{\"@id\":\"https:\/\/www.fvb.cat\/ca\/?p=17477\"},\"author\":{\"name\":\"Incidencies FVB\",\"@id\":\"https:\/\/www.fvb.cat\/es\/#\/schema\/person\/83a51a8cdae04bb9ed05ac117cc725eb\"},\"headline\":\"La III Convocatoria Conecta de \u2018La Fundaci\u00f3n La Caixa\u2019 premia un proyecto de investigaci\u00f3n de la Fundaci\u00f3n Vidal i Barraquer\",\"datePublished\":\"2024-05-12T10:48:03+00:00\",\"dateModified\":\"2025-09-16T11:03:28+00:00\",\"mainEntityOfPage\":{\"@id\":\"https:\/\/www.fvb.cat\/ca\/?p=17477\"},\"wordCount\":2132,\"publisher\":{\"@id\":\"https:\/\/www.fvb.cat\/es\/#organization\"},\"image\":{\"@id\":\"https:\/\/www.fvb.cat\/ca\/?p=17477#primaryimage\"},\"thumbnailUrl\":\"https:\/\/www.fvb.cat\/wp-content\/uploads\/2025\/09\/adolescente_a_pixabay.png\",\"keywords\":[\"ECID\",\"Exclusi\u00f3\",\"joves\",\"LaCaixa\",\"Psicopatologia\"],\"articleSection\":[\"Actualidad\",\"ECID\"],\"inLanguage\":\"es\"},{\"@type\":\"WebPage\",\"@id\":\"https:\/\/www.fvb.cat\/ca\/?p=17477\",\"url\":\"https:\/\/www.fvb.cat\/ca\/?p=17477\",\"name\":\"La III Convocat\u00f2ria Connecta de \u2018La Fundaci\u00f3 La Caixa\u2019 premia un projecte de recerca de la FVB\",\"isPartOf\":{\"@id\":\"https:\/\/www.fvb.cat\/es\/#website\"},\"primaryImageOfPage\":{\"@id\":\"https:\/\/www.fvb.cat\/ca\/?p=17477#primaryimage\"},\"image\":{\"@id\":\"https:\/\/www.fvb.cat\/ca\/?p=17477#primaryimage\"},\"thumbnailUrl\":\"https:\/\/www.fvb.cat\/wp-content\/uploads\/2025\/09\/adolescente_a_pixabay.png\",\"datePublished\":\"2024-05-12T10:48:03+00:00\",\"dateModified\":\"2025-09-16T11:03:28+00:00\",\"description\":\"El projecte Joves en alt risc psicopatol\u00f2gic i d\u2019exclusi\u00f3: impacte de l\u2019ECID en el seu benestar social busca aconseguir un major suport emp\u00edric\",\"breadcrumb\":{\"@id\":\"https:\/\/www.fvb.cat\/ca\/?p=17477#breadcrumb\"},\"inLanguage\":\"es\",\"potentialAction\":[{\"@type\":\"ReadAction\",\"target\":[\"https:\/\/www.fvb.cat\/ca\/?p=17477\"]}]},{\"@type\":\"ImageObject\",\"inLanguage\":\"es\",\"@id\":\"https:\/\/www.fvb.cat\/ca\/?p=17477#primaryimage\",\"url\":\"https:\/\/www.fvb.cat\/wp-content\/uploads\/2025\/09\/adolescente_a_pixabay.png\",\"contentUrl\":\"https:\/\/www.fvb.cat\/wp-content\/uploads\/2025\/09\/adolescente_a_pixabay.png\",\"width\":671,\"height\":390},{\"@type\":\"BreadcrumbList\",\"@id\":\"https:\/\/www.fvb.cat\/ca\/?p=17477#breadcrumb\",\"itemListElement\":[{\"@type\":\"ListItem\",\"position\":1,\"name\":\"Inici\",\"item\":\"https:\/\/www.fvb.cat\/es\/\"},{\"@type\":\"ListItem\",\"position\":2,\"name\":\"La III Convocat\u00f2ria Connecta de \u2018La Fundaci\u00f3 La Caixa\u2019 premia un projecte de recerca de la Fundaci\u00f3 Vidal i Barraquer\"}]},{\"@type\":\"WebSite\",\"@id\":\"https:\/\/www.fvb.cat\/es\/#website\",\"url\":\"https:\/\/www.fvb.cat\/es\/\",\"name\":\"Fundaci\u00f3 Vidal i Barraquer\",\"description\":\"Asistencia, docencia e investigaci\u00f3n en Salud Mental\",\"publisher\":{\"@id\":\"https:\/\/www.fvb.cat\/es\/#organization\"},\"potentialAction\":[{\"@type\":\"SearchAction\",\"target\":{\"@type\":\"EntryPoint\",\"urlTemplate\":\"https:\/\/www.fvb.cat\/es\/?s={search_term_string}\"},\"query-input\":\"required name=search_term_string\"}],\"inLanguage\":\"es\"},{\"@type\":\"Organization\",\"@id\":\"https:\/\/www.fvb.cat\/es\/#organization\",\"name\":\"Fundaci\u00f3 Vidal i Barraquer\",\"url\":\"https:\/\/www.fvb.cat\/es\/\",\"logo\":{\"@type\":\"ImageObject\",\"inLanguage\":\"es\",\"@id\":\"https:\/\/www.fvb.cat\/es\/#\/schema\/logo\/image\/\",\"url\":\"https:\/\/www.fvb.cat\/wp-content\/uploads\/2024\/05\/logo-vidal-i-barrauqer-60-aniversari.jpg\",\"contentUrl\":\"https:\/\/www.fvb.cat\/wp-content\/uploads\/2024\/05\/logo-vidal-i-barrauqer-60-aniversari.jpg\",\"width\":2125,\"height\":703,\"caption\":\"Fundaci\u00f3 Vidal i Barraquer\"},\"image\":{\"@id\":\"https:\/\/www.fvb.cat\/es\/#\/schema\/logo\/image\/\"}},{\"@type\":\"Person\",\"@id\":\"https:\/\/www.fvb.cat\/es\/#\/schema\/person\/83a51a8cdae04bb9ed05ac117cc725eb\",\"name\":\"Incidencies FVB\",\"image\":{\"@type\":\"ImageObject\",\"inLanguage\":\"es\",\"@id\":\"https:\/\/www.fvb.cat\/es\/#\/schema\/person\/image\/\",\"url\":\"https:\/\/secure.gravatar.com\/avatar\/e273473f44d68622f3c121bdf3d64154?s=96&d=mm&r=g\",\"contentUrl\":\"https:\/\/secure.gravatar.com\/avatar\/e273473f44d68622f3c121bdf3d64154?s=96&d=mm&r=g\",\"caption\":\"Incidencies FVB\"},\"url\":\"https:\/\/www.fvb.cat\/es\/author\/incidencies-fvb\/\"}]}<\/script>\n<!-- \/ Yoast SEO plugin. -->","yoast_head_json":{"title":"La III Convocat\u00f2ria Connecta de \u2018La Fundaci\u00f3 La Caixa\u2019 premia un projecte de recerca de la FVB","description":"El projecte Joves en alt risc psicopatol\u00f2gic i d\u2019exclusi\u00f3: impacte de l\u2019ECID en el seu benestar social busca aconseguir un major suport emp\u00edric","robots":{"index":"index","follow":"follow","max-snippet":"max-snippet:-1","max-image-preview":"max-image-preview:large","max-video-preview":"max-video-preview:-1"},"canonical":"https:\/\/www.fvb.cat\/ca\/?p=17477","og_locale":"es_ES","og_type":"article","og_title":"La III Convocat\u00f2ria Connecta de \u2018La Fundaci\u00f3 La Caixa\u2019 premia un projecte de recerca de la FVB","og_description":"El projecte Joves en alt risc psicopatol\u00f2gic i d\u2019exclusi\u00f3: impacte de l\u2019ECID en el seu benestar social busca aconseguir un major suport emp\u00edric","og_url":"https:\/\/www.fvb.cat\/ca\/?p=17477","og_site_name":"Fundaci\u00f3 Vidal i Barraquer","article_published_time":"2024-05-12T10:48:03+00:00","article_modified_time":"2025-09-16T11:03:28+00:00","og_image":[{"width":671,"height":390,"url":"https:\/\/www.fvb.cat\/wp-content\/uploads\/2025\/09\/adolescente_a_pixabay.png","type":"image\/png"}],"author":"Incidencies FVB","twitter_card":"summary_large_image","twitter_misc":{"Escrito por":"Incidencies FVB","Tiempo de lectura":"6 minutos"},"schema":{"@context":"https:\/\/schema.org","@graph":[{"@type":"Article","@id":"https:\/\/www.fvb.cat\/ca\/?p=17477#article","isPartOf":{"@id":"https:\/\/www.fvb.cat\/ca\/?p=17477"},"author":{"name":"Incidencies FVB","@id":"https:\/\/www.fvb.cat\/es\/#\/schema\/person\/83a51a8cdae04bb9ed05ac117cc725eb"},"headline":"La III Convocatoria Conecta de \u2018La Fundaci\u00f3n La Caixa\u2019 premia un proyecto de investigaci\u00f3n de la Fundaci\u00f3n Vidal i Barraquer","datePublished":"2024-05-12T10:48:03+00:00","dateModified":"2025-09-16T11:03:28+00:00","mainEntityOfPage":{"@id":"https:\/\/www.fvb.cat\/ca\/?p=17477"},"wordCount":2132,"publisher":{"@id":"https:\/\/www.fvb.cat\/es\/#organization"},"image":{"@id":"https:\/\/www.fvb.cat\/ca\/?p=17477#primaryimage"},"thumbnailUrl":"https:\/\/www.fvb.cat\/wp-content\/uploads\/2025\/09\/adolescente_a_pixabay.png","keywords":["ECID","Exclusi\u00f3","joves","LaCaixa","Psicopatologia"],"articleSection":["Actualidad","ECID"],"inLanguage":"es"},{"@type":"WebPage","@id":"https:\/\/www.fvb.cat\/ca\/?p=17477","url":"https:\/\/www.fvb.cat\/ca\/?p=17477","name":"La III Convocat\u00f2ria Connecta de \u2018La Fundaci\u00f3 La Caixa\u2019 premia un projecte de recerca de la FVB","isPartOf":{"@id":"https:\/\/www.fvb.cat\/es\/#website"},"primaryImageOfPage":{"@id":"https:\/\/www.fvb.cat\/ca\/?p=17477#primaryimage"},"image":{"@id":"https:\/\/www.fvb.cat\/ca\/?p=17477#primaryimage"},"thumbnailUrl":"https:\/\/www.fvb.cat\/wp-content\/uploads\/2025\/09\/adolescente_a_pixabay.png","datePublished":"2024-05-12T10:48:03+00:00","dateModified":"2025-09-16T11:03:28+00:00","description":"El projecte Joves en alt risc psicopatol\u00f2gic i d\u2019exclusi\u00f3: impacte de l\u2019ECID en el seu benestar social busca aconseguir un major suport emp\u00edric","breadcrumb":{"@id":"https:\/\/www.fvb.cat\/ca\/?p=17477#breadcrumb"},"inLanguage":"es","potentialAction":[{"@type":"ReadAction","target":["https:\/\/www.fvb.cat\/ca\/?p=17477"]}]},{"@type":"ImageObject","inLanguage":"es","@id":"https:\/\/www.fvb.cat\/ca\/?p=17477#primaryimage","url":"https:\/\/www.fvb.cat\/wp-content\/uploads\/2025\/09\/adolescente_a_pixabay.png","contentUrl":"https:\/\/www.fvb.cat\/wp-content\/uploads\/2025\/09\/adolescente_a_pixabay.png","width":671,"height":390},{"@type":"BreadcrumbList","@id":"https:\/\/www.fvb.cat\/ca\/?p=17477#breadcrumb","itemListElement":[{"@type":"ListItem","position":1,"name":"Inici","item":"https:\/\/www.fvb.cat\/es\/"},{"@type":"ListItem","position":2,"name":"La III Convocat\u00f2ria Connecta de \u2018La Fundaci\u00f3 La Caixa\u2019 premia un projecte de recerca de la Fundaci\u00f3 Vidal i Barraquer"}]},{"@type":"WebSite","@id":"https:\/\/www.fvb.cat\/es\/#website","url":"https:\/\/www.fvb.cat\/es\/","name":"Fundaci\u00f3 Vidal i Barraquer","description":"Asistencia, docencia e investigaci\u00f3n en Salud Mental","publisher":{"@id":"https:\/\/www.fvb.cat\/es\/#organization"},"potentialAction":[{"@type":"SearchAction","target":{"@type":"EntryPoint","urlTemplate":"https:\/\/www.fvb.cat\/es\/?s={search_term_string}"},"query-input":"required name=search_term_string"}],"inLanguage":"es"},{"@type":"Organization","@id":"https:\/\/www.fvb.cat\/es\/#organization","name":"Fundaci\u00f3 Vidal i Barraquer","url":"https:\/\/www.fvb.cat\/es\/","logo":{"@type":"ImageObject","inLanguage":"es","@id":"https:\/\/www.fvb.cat\/es\/#\/schema\/logo\/image\/","url":"https:\/\/www.fvb.cat\/wp-content\/uploads\/2024\/05\/logo-vidal-i-barrauqer-60-aniversari.jpg","contentUrl":"https:\/\/www.fvb.cat\/wp-content\/uploads\/2024\/05\/logo-vidal-i-barrauqer-60-aniversari.jpg","width":2125,"height":703,"caption":"Fundaci\u00f3 Vidal i Barraquer"},"image":{"@id":"https:\/\/www.fvb.cat\/es\/#\/schema\/logo\/image\/"}},{"@type":"Person","@id":"https:\/\/www.fvb.cat\/es\/#\/schema\/person\/83a51a8cdae04bb9ed05ac117cc725eb","name":"Incidencies FVB","image":{"@type":"ImageObject","inLanguage":"es","@id":"https:\/\/www.fvb.cat\/es\/#\/schema\/person\/image\/","url":"https:\/\/secure.gravatar.com\/avatar\/e273473f44d68622f3c121bdf3d64154?s=96&d=mm&r=g","contentUrl":"https:\/\/secure.gravatar.com\/avatar\/e273473f44d68622f3c121bdf3d64154?s=96&d=mm&r=g","caption":"Incidencies FVB"},"url":"https:\/\/www.fvb.cat\/es\/author\/incidencies-fvb\/"}]}},"_links":{"self":[{"href":"https:\/\/www.fvb.cat\/es\/wp-json\/wp\/v2\/posts\/17477"}],"collection":[{"href":"https:\/\/www.fvb.cat\/es\/wp-json\/wp\/v2\/posts"}],"about":[{"href":"https:\/\/www.fvb.cat\/es\/wp-json\/wp\/v2\/types\/post"}],"author":[{"embeddable":true,"href":"https:\/\/www.fvb.cat\/es\/wp-json\/wp\/v2\/users\/33"}],"replies":[{"embeddable":true,"href":"https:\/\/www.fvb.cat\/es\/wp-json\/wp\/v2\/comments?post=17477"}],"version-history":[{"count":1,"href":"https:\/\/www.fvb.cat\/es\/wp-json\/wp\/v2\/posts\/17477\/revisions"}],"predecessor-version":[{"id":17480,"href":"https:\/\/www.fvb.cat\/es\/wp-json\/wp\/v2\/posts\/17477\/revisions\/17480"}],"wp:featuredmedia":[{"embeddable":true,"href":"https:\/\/www.fvb.cat\/es\/wp-json\/wp\/v2\/media\/17478"}],"wp:attachment":[{"href":"https:\/\/www.fvb.cat\/es\/wp-json\/wp\/v2\/media?parent=17477"}],"wp:term":[{"taxonomy":"category","embeddable":true,"href":"https:\/\/www.fvb.cat\/es\/wp-json\/wp\/v2\/categories?post=17477"},{"taxonomy":"post_tag","embeddable":true,"href":"https:\/\/www.fvb.cat\/es\/wp-json\/wp\/v2\/tags?post=17477"}],"curies":[{"name":"wp","href":"https:\/\/api.w.org\/{rel}","templated":true}]}}