{"id":17470,"date":"2024-10-30T10:52:37","date_gmt":"2024-10-30T09:52:37","guid":{"rendered":"https:\/\/www.fvb.cat\/ca\/?p=17470"},"modified":"2025-09-16T11:21:43","modified_gmt":"2025-09-16T10:21:43","slug":"ladolescencia-es-una-epoca-de-florida-pero-tambe-de-dubtes-i-malestars-laia-ferrer","status":"publish","type":"post","link":"https:\/\/www.fvb.cat\/es\/entrevista-a-fondo-equipo-guia\/","title":{"rendered":"\u201cLa adolescencia es una \u00e9poca de florecimiento, pero tambi\u00e9n de dudas y malestares\u201d \u2013 Laia Ferrer"},"content":{"rendered":"<section class=\"l-section wpb_row height_medium\"><div class=\"l-section-h i-cf\"><div class=\"g-cols type_default valign_top\"><div class=\"vc_col-sm-12 wpb_column vc_column_container\"><div class=\"vc_column-inner\"><div class=\"wpb_wrapper\"><div class=\"wpb_text_column \"><div class=\"wpb_wrapper\">\n<h5>La periodista Gemma Nierga conversa con Laia Ferrer, psic\u00f3loga cl\u00ednica y coordinadora del <a href=\"https:\/\/www.fvb.cat\/es\/asistencia-publica\/equipo-guia-maresme-barcelones-norte\/\">Equipo Gu\u00eda del Barcelon\u00e9s Norte y Maresme Centro<\/a> de la Fundaci\u00f3n Vidal i Barraquer en el programa <a href=\"https:\/\/fundacionlacaixa.org\/es\/programas-sociales-a-fondo\"><em>A fondo<\/em><\/a> para explorar las causas del aumento de los problemas de salud mental en la juventud y c\u00f3mo podemos, como sociedad, ofrecer un apoyo efectivo.<\/h5>\n<p><!--more--><\/p>\n<p>Actualmente, vemos publicados muchos datos sobre adolescentes, j\u00f3venes y salud mental, pero muchas veces no profundizamos en ellos. Algunos de estos revelan que \u201cla ansiedad, la depresi\u00f3n o el estr\u00e9s en un 75% de los casos antes de los veinticinco a\u00f1os\u201d. La psic\u00f3loga cl\u00ednica, Laia Ferrer aclara que en su mayor\u00eda \u201clos j\u00f3venes padecen de ansiedad y depresi\u00f3n, pero como formas reactivas o situaciones estresantes que viven en su d\u00eda a d\u00eda\u201d. El problema viene cuando estas situaciones se cronifican porque no se encuentran maneras de resolver las dificultades emocionales o cuando los j\u00f3venes vienen de vivir situaciones traum\u00e1ticas o experiencias muy dif\u00edciles en su infancia y adolescencia. Todo esto se puede agravar cuando se cronifican y permanecen cuando empiezan su vida adulta.<\/p>\n<p>Solemos pensar en la adolescencia como una \u00e9poca de florecimiento, para probar, hacer actividades, inicios y primeras veces. Pero tambi\u00e9n es una \u00e9poca donde los j\u00f3venes atraviesan muchas dudas, malestar y en ocasiones expresan ese malestar haci\u00e9ndose da\u00f1o a s\u00ed mismos.<\/p>\n<p>Afortunadamente, en muchos casos detr\u00e1s de sufrimiento hay una ayuda de profesionales. Donde nos tenemos que preocupar como sociedad es cuando s\u00ed existe el deseo real de desaparecer o morir en estos j\u00f3venes.<\/p>\n<p>La coordinadora del <a href=\"https:\/\/www.fvb.cat\/es\/asistencia-publica\/equipo-guia-maresme-barcelones-norte\/\">Equipo Gu\u00eda<\/a> de la Fundaci\u00f3n Vidal i Barraquer explica que los cambios bruscos son una de las grandes se\u00f1ales que nos pueden indicar que hay un problema de salud mental. Por ejemplo, cuando dejan de disfrutar de cosas que les hac\u00edan felices, dejan de tener relaciones sociales, etc. Todas estas podr\u00edan ser se\u00f1ales de que hay alguna cosa que est\u00e1 pasando, que los j\u00f3venes est\u00e1n padeciendo y que por alg\u00fan motivo no pueden explicar, posiblemente porque ellos mismos tampoco lo saben entender.<\/p>\n<p><strong>\u00bfQui\u00e9n es el primero en darse cuenta?<\/strong> Muchas veces los primeros en darse cuenta son los mismos compa\u00f1eros de clase en el instituto o el entorno de los amigos del mismo joven, ya que a veces la familia es la fuente de los conflictos.<\/p>\n<p>Otra de las problem\u00e1ticas con las que se encuentran j\u00f3venes con alguna problem\u00e1tica de salud mental es la b\u00fasqueda de trabajo. Ya sea porque existe un estigma o porque ellos\/as mismos\/as no saben como afrontar este proceso. Por esto existen programas como <a href=\"https:\/\/fundacionlacaixa.org\/es\/programa-incorpora\"><em>Incorpora <\/em>de la Fundaci\u00f3n \u201cla Caixa\u201d<\/a> que juegan el papel de sensibilizar a las empresas a la hora de contratar j\u00f3venes con problemas de salud mental.<\/p>\n<p>Finalmente, Laia Ferrer lanza un deseo, y es que la salud mental ha empezado a recibir recursos y tener una importancia y relevancia en la sociedad. Ahora el reto que tenemos seg\u00fan la coordinadora del <a href=\"https:\/\/www.fvb.cat\/es\/asistencia-publica\/equipo-guia-maresme-barcelones-norte\/\">Equipo Gu\u00eda<\/a> es no abandonar el esfuerzo y seguir trabajando para disminuir el estigma.<\/div> <\/div> <\/div><\/div><\/div><\/div><\/div><\/section><section class=\"l-section wpb_row height_medium\"><div class=\"l-section-h i-cf\"><div class=\"g-cols type_default valign_top\"><div class=\"vc_col-sm-12 wpb_column vc_column_container\"><div class=\"vc_column-inner\"><div class=\"wpb_wrapper\"><div class=\"w-video ratio_16x9\"><div class=\"w-video-h\"><iframe loading=\"lazy\" width=\"420\" height=\"315\" src=\"\/\/www.youtube.com\/embed\/WybIyE5CEc8?rel=0\" allowfullscreen><\/iframe><\/div><\/div><\/div><\/div><\/div><\/div><\/div><\/section>","protected":false},"excerpt":{"rendered":"<p>Disculpa, pero esta entrada est\u00e1 disponible s\u00f3lo en Catal\u00e0. For the sake&#8230;<\/p>\n","protected":false},"author":33,"featured_media":17471,"comment_status":"closed","ping_status":"closed","sticky":false,"template":"","format":"standard","meta":{"footnotes":""},"categories":[56,601],"tags":[246,604,603,602,149],"yoast_head":"<!-- This site is optimized with the Yoast SEO plugin v22.6 - https:\/\/yoast.com\/wordpress\/plugins\/seo\/ -->\n<title>L&#039;adolesc\u00e8ncia \u00e9s una \u00e8poca de florida per\u00f2 tamb\u00e9 de dubtes<\/title>\n<meta name=\"description\" content=\"Una entrevista per explorar les causes de l\u2019augment dels problemes de salut mental en la joventut i com podem oferir un suport efectiu.\" \/>\n<meta name=\"robots\" content=\"index, follow, max-snippet:-1, max-image-preview:large, max-video-preview:-1\" \/>\n<link rel=\"canonical\" href=\"https:\/\/www.fvb.cat\/ca\/?p=17470\" \/>\n<meta property=\"og:locale\" content=\"es_ES\" \/>\n<meta property=\"og:type\" content=\"article\" \/>\n<meta property=\"og:title\" content=\"L&#039;adolesc\u00e8ncia \u00e9s una \u00e8poca de florida per\u00f2 tamb\u00e9 de dubtes\" \/>\n<meta property=\"og:description\" content=\"Una entrevista per explorar les causes de l\u2019augment dels problemes de salut mental en la joventut i com podem oferir un suport efectiu.\" \/>\n<meta property=\"og:url\" content=\"https:\/\/www.fvb.cat\/ca\/?p=17470\" \/>\n<meta property=\"og:site_name\" content=\"Fundaci\u00f3 Vidal i Barraquer\" \/>\n<meta property=\"article:published_time\" content=\"2024-10-30T09:52:37+00:00\" \/>\n<meta property=\"article:modified_time\" content=\"2025-09-16T10:21:43+00:00\" \/>\n<meta property=\"og:image\" content=\"https:\/\/www.fvb.cat\/wp-content\/uploads\/2025\/09\/Entrevista-A-FONDO_l.ferrer_a_f.lacaixa.png\" \/>\n\t<meta property=\"og:image:width\" content=\"1103\" \/>\n\t<meta property=\"og:image:height\" content=\"597\" \/>\n\t<meta property=\"og:image:type\" content=\"image\/png\" \/>\n<meta name=\"author\" content=\"Incidencies FVB\" \/>\n<meta name=\"twitter:card\" content=\"summary_large_image\" \/>\n<meta name=\"twitter:label1\" content=\"Escrito por\" \/>\n\t<meta name=\"twitter:data1\" content=\"Incidencies FVB\" \/>\n\t<meta name=\"twitter:label2\" content=\"Tiempo de lectura\" \/>\n\t<meta name=\"twitter:data2\" content=\"3 minutos\" \/>\n<script type=\"application\/ld+json\" class=\"yoast-schema-graph\">{\"@context\":\"https:\/\/schema.org\",\"@graph\":[{\"@type\":\"Article\",\"@id\":\"https:\/\/www.fvb.cat\/ca\/?p=17470#article\",\"isPartOf\":{\"@id\":\"https:\/\/www.fvb.cat\/ca\/?p=17470\"},\"author\":{\"name\":\"Incidencies FVB\",\"@id\":\"https:\/\/www.fvb.cat\/es\/#\/schema\/person\/83a51a8cdae04bb9ed05ac117cc725eb\"},\"headline\":\"\u201cLa adolescencia es una \u00e9poca de florecimiento, pero tambi\u00e9n de dudas y malestares\u201d \u2013 Laia Ferrer\",\"datePublished\":\"2024-10-30T09:52:37+00:00\",\"dateModified\":\"2025-09-16T10:21:43+00:00\",\"mainEntityOfPage\":{\"@id\":\"https:\/\/www.fvb.cat\/ca\/?p=17470\"},\"wordCount\":1190,\"publisher\":{\"@id\":\"https:\/\/www.fvb.cat\/es\/#organization\"},\"image\":{\"@id\":\"https:\/\/www.fvb.cat\/ca\/?p=17470#primaryimage\"},\"thumbnailUrl\":\"https:\/\/www.fvb.cat\/wp-content\/uploads\/2025\/09\/Entrevista-A-FONDO_l.ferrer_a_f.lacaixa.png\",\"keywords\":[\"adolescents\",\"Fundaci\u00f3 la Caixa\",\"joves\",\"LaiaFerrer\",\"Psicologia\"],\"articleSection\":[\"Actualidad\",\"EQUIP GUIA\"],\"inLanguage\":\"es\"},{\"@type\":\"WebPage\",\"@id\":\"https:\/\/www.fvb.cat\/ca\/?p=17470\",\"url\":\"https:\/\/www.fvb.cat\/ca\/?p=17470\",\"name\":\"L'adolesc\u00e8ncia \u00e9s una \u00e8poca de florida per\u00f2 tamb\u00e9 de dubtes\",\"isPartOf\":{\"@id\":\"https:\/\/www.fvb.cat\/es\/#website\"},\"primaryImageOfPage\":{\"@id\":\"https:\/\/www.fvb.cat\/ca\/?p=17470#primaryimage\"},\"image\":{\"@id\":\"https:\/\/www.fvb.cat\/ca\/?p=17470#primaryimage\"},\"thumbnailUrl\":\"https:\/\/www.fvb.cat\/wp-content\/uploads\/2025\/09\/Entrevista-A-FONDO_l.ferrer_a_f.lacaixa.png\",\"datePublished\":\"2024-10-30T09:52:37+00:00\",\"dateModified\":\"2025-09-16T10:21:43+00:00\",\"description\":\"Una entrevista per explorar les causes de l\u2019augment dels problemes de salut mental en la joventut i com podem oferir un suport efectiu.\",\"breadcrumb\":{\"@id\":\"https:\/\/www.fvb.cat\/ca\/?p=17470#breadcrumb\"},\"inLanguage\":\"es\",\"potentialAction\":[{\"@type\":\"ReadAction\",\"target\":[\"https:\/\/www.fvb.cat\/ca\/?p=17470\"]}]},{\"@type\":\"ImageObject\",\"inLanguage\":\"es\",\"@id\":\"https:\/\/www.fvb.cat\/ca\/?p=17470#primaryimage\",\"url\":\"https:\/\/www.fvb.cat\/wp-content\/uploads\/2025\/09\/Entrevista-A-FONDO_l.ferrer_a_f.lacaixa.png\",\"contentUrl\":\"https:\/\/www.fvb.cat\/wp-content\/uploads\/2025\/09\/Entrevista-A-FONDO_l.ferrer_a_f.lacaixa.png\",\"width\":1103,\"height\":597},{\"@type\":\"BreadcrumbList\",\"@id\":\"https:\/\/www.fvb.cat\/ca\/?p=17470#breadcrumb\",\"itemListElement\":[{\"@type\":\"ListItem\",\"position\":1,\"name\":\"Inici\",\"item\":\"https:\/\/www.fvb.cat\/es\/\"},{\"@type\":\"ListItem\",\"position\":2,\"name\":\"\u201cL\u2019adolesc\u00e8ncia \u00e9s una \u00e8poca de florida, per\u00f2 tamb\u00e9 de dubtes i malestars\u201d \u2013 Laia Ferrer\"}]},{\"@type\":\"WebSite\",\"@id\":\"https:\/\/www.fvb.cat\/es\/#website\",\"url\":\"https:\/\/www.fvb.cat\/es\/\",\"name\":\"Fundaci\u00f3 Vidal i Barraquer\",\"description\":\"Asistencia, docencia e investigaci\u00f3n en Salud Mental\",\"publisher\":{\"@id\":\"https:\/\/www.fvb.cat\/es\/#organization\"},\"potentialAction\":[{\"@type\":\"SearchAction\",\"target\":{\"@type\":\"EntryPoint\",\"urlTemplate\":\"https:\/\/www.fvb.cat\/es\/?s={search_term_string}\"},\"query-input\":\"required name=search_term_string\"}],\"inLanguage\":\"es\"},{\"@type\":\"Organization\",\"@id\":\"https:\/\/www.fvb.cat\/es\/#organization\",\"name\":\"Fundaci\u00f3 Vidal i Barraquer\",\"url\":\"https:\/\/www.fvb.cat\/es\/\",\"logo\":{\"@type\":\"ImageObject\",\"inLanguage\":\"es\",\"@id\":\"https:\/\/www.fvb.cat\/es\/#\/schema\/logo\/image\/\",\"url\":\"https:\/\/www.fvb.cat\/wp-content\/uploads\/2024\/05\/logo-vidal-i-barrauqer-60-aniversari.jpg\",\"contentUrl\":\"https:\/\/www.fvb.cat\/wp-content\/uploads\/2024\/05\/logo-vidal-i-barrauqer-60-aniversari.jpg\",\"width\":2125,\"height\":703,\"caption\":\"Fundaci\u00f3 Vidal i Barraquer\"},\"image\":{\"@id\":\"https:\/\/www.fvb.cat\/es\/#\/schema\/logo\/image\/\"}},{\"@type\":\"Person\",\"@id\":\"https:\/\/www.fvb.cat\/es\/#\/schema\/person\/83a51a8cdae04bb9ed05ac117cc725eb\",\"name\":\"Incidencies FVB\",\"image\":{\"@type\":\"ImageObject\",\"inLanguage\":\"es\",\"@id\":\"https:\/\/www.fvb.cat\/es\/#\/schema\/person\/image\/\",\"url\":\"https:\/\/secure.gravatar.com\/avatar\/e273473f44d68622f3c121bdf3d64154?s=96&d=mm&r=g\",\"contentUrl\":\"https:\/\/secure.gravatar.com\/avatar\/e273473f44d68622f3c121bdf3d64154?s=96&d=mm&r=g\",\"caption\":\"Incidencies FVB\"},\"url\":\"https:\/\/www.fvb.cat\/es\/author\/incidencies-fvb\/\"}]}<\/script>\n<!-- \/ Yoast SEO plugin. -->","yoast_head_json":{"title":"L'adolesc\u00e8ncia \u00e9s una \u00e8poca de florida per\u00f2 tamb\u00e9 de dubtes","description":"Una entrevista per explorar les causes de l\u2019augment dels problemes de salut mental en la joventut i com podem oferir un suport efectiu.","robots":{"index":"index","follow":"follow","max-snippet":"max-snippet:-1","max-image-preview":"max-image-preview:large","max-video-preview":"max-video-preview:-1"},"canonical":"https:\/\/www.fvb.cat\/ca\/?p=17470","og_locale":"es_ES","og_type":"article","og_title":"L'adolesc\u00e8ncia \u00e9s una \u00e8poca de florida per\u00f2 tamb\u00e9 de dubtes","og_description":"Una entrevista per explorar les causes de l\u2019augment dels problemes de salut mental en la joventut i com podem oferir un suport efectiu.","og_url":"https:\/\/www.fvb.cat\/ca\/?p=17470","og_site_name":"Fundaci\u00f3 Vidal i Barraquer","article_published_time":"2024-10-30T09:52:37+00:00","article_modified_time":"2025-09-16T10:21:43+00:00","og_image":[{"width":1103,"height":597,"url":"https:\/\/www.fvb.cat\/wp-content\/uploads\/2025\/09\/Entrevista-A-FONDO_l.ferrer_a_f.lacaixa.png","type":"image\/png"}],"author":"Incidencies FVB","twitter_card":"summary_large_image","twitter_misc":{"Escrito por":"Incidencies FVB","Tiempo de lectura":"3 minutos"},"schema":{"@context":"https:\/\/schema.org","@graph":[{"@type":"Article","@id":"https:\/\/www.fvb.cat\/ca\/?p=17470#article","isPartOf":{"@id":"https:\/\/www.fvb.cat\/ca\/?p=17470"},"author":{"name":"Incidencies FVB","@id":"https:\/\/www.fvb.cat\/es\/#\/schema\/person\/83a51a8cdae04bb9ed05ac117cc725eb"},"headline":"\u201cLa adolescencia es una \u00e9poca de florecimiento, pero tambi\u00e9n de dudas y malestares\u201d \u2013 Laia Ferrer","datePublished":"2024-10-30T09:52:37+00:00","dateModified":"2025-09-16T10:21:43+00:00","mainEntityOfPage":{"@id":"https:\/\/www.fvb.cat\/ca\/?p=17470"},"wordCount":1190,"publisher":{"@id":"https:\/\/www.fvb.cat\/es\/#organization"},"image":{"@id":"https:\/\/www.fvb.cat\/ca\/?p=17470#primaryimage"},"thumbnailUrl":"https:\/\/www.fvb.cat\/wp-content\/uploads\/2025\/09\/Entrevista-A-FONDO_l.ferrer_a_f.lacaixa.png","keywords":["adolescents","Fundaci\u00f3 la Caixa","joves","LaiaFerrer","Psicologia"],"articleSection":["Actualidad","EQUIP GUIA"],"inLanguage":"es"},{"@type":"WebPage","@id":"https:\/\/www.fvb.cat\/ca\/?p=17470","url":"https:\/\/www.fvb.cat\/ca\/?p=17470","name":"L'adolesc\u00e8ncia \u00e9s una \u00e8poca de florida per\u00f2 tamb\u00e9 de dubtes","isPartOf":{"@id":"https:\/\/www.fvb.cat\/es\/#website"},"primaryImageOfPage":{"@id":"https:\/\/www.fvb.cat\/ca\/?p=17470#primaryimage"},"image":{"@id":"https:\/\/www.fvb.cat\/ca\/?p=17470#primaryimage"},"thumbnailUrl":"https:\/\/www.fvb.cat\/wp-content\/uploads\/2025\/09\/Entrevista-A-FONDO_l.ferrer_a_f.lacaixa.png","datePublished":"2024-10-30T09:52:37+00:00","dateModified":"2025-09-16T10:21:43+00:00","description":"Una entrevista per explorar les causes de l\u2019augment dels problemes de salut mental en la joventut i com podem oferir un suport efectiu.","breadcrumb":{"@id":"https:\/\/www.fvb.cat\/ca\/?p=17470#breadcrumb"},"inLanguage":"es","potentialAction":[{"@type":"ReadAction","target":["https:\/\/www.fvb.cat\/ca\/?p=17470"]}]},{"@type":"ImageObject","inLanguage":"es","@id":"https:\/\/www.fvb.cat\/ca\/?p=17470#primaryimage","url":"https:\/\/www.fvb.cat\/wp-content\/uploads\/2025\/09\/Entrevista-A-FONDO_l.ferrer_a_f.lacaixa.png","contentUrl":"https:\/\/www.fvb.cat\/wp-content\/uploads\/2025\/09\/Entrevista-A-FONDO_l.ferrer_a_f.lacaixa.png","width":1103,"height":597},{"@type":"BreadcrumbList","@id":"https:\/\/www.fvb.cat\/ca\/?p=17470#breadcrumb","itemListElement":[{"@type":"ListItem","position":1,"name":"Inici","item":"https:\/\/www.fvb.cat\/es\/"},{"@type":"ListItem","position":2,"name":"\u201cL\u2019adolesc\u00e8ncia \u00e9s una \u00e8poca de florida, per\u00f2 tamb\u00e9 de dubtes i malestars\u201d \u2013 Laia Ferrer"}]},{"@type":"WebSite","@id":"https:\/\/www.fvb.cat\/es\/#website","url":"https:\/\/www.fvb.cat\/es\/","name":"Fundaci\u00f3 Vidal i Barraquer","description":"Asistencia, docencia e investigaci\u00f3n en Salud Mental","publisher":{"@id":"https:\/\/www.fvb.cat\/es\/#organization"},"potentialAction":[{"@type":"SearchAction","target":{"@type":"EntryPoint","urlTemplate":"https:\/\/www.fvb.cat\/es\/?s={search_term_string}"},"query-input":"required name=search_term_string"}],"inLanguage":"es"},{"@type":"Organization","@id":"https:\/\/www.fvb.cat\/es\/#organization","name":"Fundaci\u00f3 Vidal i Barraquer","url":"https:\/\/www.fvb.cat\/es\/","logo":{"@type":"ImageObject","inLanguage":"es","@id":"https:\/\/www.fvb.cat\/es\/#\/schema\/logo\/image\/","url":"https:\/\/www.fvb.cat\/wp-content\/uploads\/2024\/05\/logo-vidal-i-barrauqer-60-aniversari.jpg","contentUrl":"https:\/\/www.fvb.cat\/wp-content\/uploads\/2024\/05\/logo-vidal-i-barrauqer-60-aniversari.jpg","width":2125,"height":703,"caption":"Fundaci\u00f3 Vidal i Barraquer"},"image":{"@id":"https:\/\/www.fvb.cat\/es\/#\/schema\/logo\/image\/"}},{"@type":"Person","@id":"https:\/\/www.fvb.cat\/es\/#\/schema\/person\/83a51a8cdae04bb9ed05ac117cc725eb","name":"Incidencies FVB","image":{"@type":"ImageObject","inLanguage":"es","@id":"https:\/\/www.fvb.cat\/es\/#\/schema\/person\/image\/","url":"https:\/\/secure.gravatar.com\/avatar\/e273473f44d68622f3c121bdf3d64154?s=96&d=mm&r=g","contentUrl":"https:\/\/secure.gravatar.com\/avatar\/e273473f44d68622f3c121bdf3d64154?s=96&d=mm&r=g","caption":"Incidencies FVB"},"url":"https:\/\/www.fvb.cat\/es\/author\/incidencies-fvb\/"}]}},"_links":{"self":[{"href":"https:\/\/www.fvb.cat\/es\/wp-json\/wp\/v2\/posts\/17470"}],"collection":[{"href":"https:\/\/www.fvb.cat\/es\/wp-json\/wp\/v2\/posts"}],"about":[{"href":"https:\/\/www.fvb.cat\/es\/wp-json\/wp\/v2\/types\/post"}],"author":[{"embeddable":true,"href":"https:\/\/www.fvb.cat\/es\/wp-json\/wp\/v2\/users\/33"}],"replies":[{"embeddable":true,"href":"https:\/\/www.fvb.cat\/es\/wp-json\/wp\/v2\/comments?post=17470"}],"version-history":[{"count":1,"href":"https:\/\/www.fvb.cat\/es\/wp-json\/wp\/v2\/posts\/17470\/revisions"}],"predecessor-version":[{"id":17473,"href":"https:\/\/www.fvb.cat\/es\/wp-json\/wp\/v2\/posts\/17470\/revisions\/17473"}],"wp:featuredmedia":[{"embeddable":true,"href":"https:\/\/www.fvb.cat\/es\/wp-json\/wp\/v2\/media\/17471"}],"wp:attachment":[{"href":"https:\/\/www.fvb.cat\/es\/wp-json\/wp\/v2\/media?parent=17470"}],"wp:term":[{"taxonomy":"category","embeddable":true,"href":"https:\/\/www.fvb.cat\/es\/wp-json\/wp\/v2\/categories?post=17470"},{"taxonomy":"post_tag","embeddable":true,"href":"https:\/\/www.fvb.cat\/es\/wp-json\/wp\/v2\/tags?post=17470"}],"curies":[{"name":"wp","href":"https:\/\/api.w.org\/{rel}","templated":true}]}}