{"id":17467,"date":"2025-07-25T10:44:53","date_gmt":"2025-07-25T09:44:53","guid":{"rendered":"https:\/\/www.fvb.cat\/ca\/?p=17467"},"modified":"2025-09-16T10:48:50","modified_gmt":"2025-09-16T09:48:50","slug":"condolences-per-la-mort-del-dr-joan-coderch","status":"publish","type":"post","link":"https:\/\/www.fvb.cat\/es\/condolencias-muerte-joan-coderch\/","title":{"rendered":"Condolencias por la muerte del Dr. Joan Coderch"},"content":{"rendered":"El doctor Joan Coderch de Sans (Hospitalet de Llobregat, 1930), doctor en psiquiatr\u00eda y miembro docente del IUSM durante veinte a\u00f1os, muri\u00f3 el pasado 22 de julio.<\/p>\n<p>El Dr. Coderch deja una huella profunda en nuestra comunidad por su aportaci\u00f3n cl\u00ednica, su maestr\u00eda y su calidad humana.<\/p>\n<p>Se licenci\u00f3 en Medicina en la Universidad de Barcelona el a\u00f1o 1955. Posteriormente, el 1963 se especializ\u00f3 en Psiquiatr\u00eda y un a\u00f1o m\u00e1s tarde se doctor\u00f3 en la UB. Desde 1987 y hasta 2007 fue profesor del Instituto Universitario de Salud Mental Vidal i Barraquer \u2013 URL y, fue nombrado profesor Em\u00e9rito de la Universidad Ramon Llull el 2008.<\/p>\n<p>Algunos de los libros publicados por el Dr. Coderch son <em>Psiquiatr\u00eda Din\u00e1mica <\/em>y <em>La Relaci\u00f3n Paciente-Terapeuta<\/em> de la Editorial Herder, entre otros.<\/p>\n<p>Desde la Fundaci\u00f3n Vidal i Barraquer queremos expresar nuestras condolencias a toda su familia y amistades.","protected":false},"excerpt":{"rendered":"<p>El doctor Joan Coderch de Sans (Hospitalet de Llobregat, 1930), doctor en&#8230;<\/p>\n","protected":false},"author":33,"featured_media":17466,"comment_status":"closed","ping_status":"closed","sticky":false,"template":"","format":"standard","meta":{"footnotes":""},"categories":[56],"tags":[597,598,600,599],"yoast_head":"<!-- This site is optimized with the Yoast SEO plugin v22.6 - https:\/\/yoast.com\/wordpress\/plugins\/seo\/ -->\n<title>Condolences per la mort del Dr. Joan Coderch<\/title>\n<meta name=\"description\" content=\"El doctor Joan Coderch de Sans, doctor en psiquiatria i membre docent de l\u2019IUSM durant vint anys, va morir el passat 22 de juliol.\" \/>\n<meta name=\"robots\" content=\"index, follow, max-snippet:-1, max-image-preview:large, max-video-preview:-1\" \/>\n<link rel=\"canonical\" href=\"https:\/\/www.fvb.cat\/ca\/?p=17467\" \/>\n<meta property=\"og:locale\" content=\"es_ES\" \/>\n<meta property=\"og:type\" content=\"article\" \/>\n<meta property=\"og:title\" content=\"Condolences per la mort del Dr. Joan Coderch\" \/>\n<meta property=\"og:description\" content=\"El doctor Joan Coderch de Sans, doctor en psiquiatria i membre docent de l\u2019IUSM durant vint anys, va morir el passat 22 de juliol.\" \/>\n<meta property=\"og:url\" content=\"https:\/\/www.fvb.cat\/ca\/?p=17467\" \/>\n<meta property=\"og:site_name\" content=\"Fundaci\u00f3 Vidal i Barraquer\" \/>\n<meta property=\"article:published_time\" content=\"2025-07-25T09:44:53+00:00\" \/>\n<meta property=\"article:modified_time\" content=\"2025-09-16T09:48:50+00:00\" \/>\n<meta property=\"og:image\" content=\"https:\/\/www.fvb.cat\/wp-content\/uploads\/2025\/09\/Joan-Coderch_iusm_a_v.cabre_.png\" \/>\n\t<meta property=\"og:image:width\" content=\"472\" \/>\n\t<meta property=\"og:image:height\" content=\"222\" \/>\n\t<meta property=\"og:image:type\" content=\"image\/png\" \/>\n<meta name=\"author\" content=\"Incidencies FVB\" \/>\n<meta name=\"twitter:card\" content=\"summary_large_image\" \/>\n<meta name=\"twitter:label1\" content=\"Escrito por\" \/>\n\t<meta name=\"twitter:data1\" content=\"Incidencies FVB\" \/>\n\t<meta name=\"twitter:label2\" content=\"Tiempo de lectura\" \/>\n\t<meta name=\"twitter:data2\" content=\"1 minuto\" \/>\n<script type=\"application\/ld+json\" class=\"yoast-schema-graph\">{\"@context\":\"https:\/\/schema.org\",\"@graph\":[{\"@type\":\"Article\",\"@id\":\"https:\/\/www.fvb.cat\/ca\/?p=17467#article\",\"isPartOf\":{\"@id\":\"https:\/\/www.fvb.cat\/ca\/?p=17467\"},\"author\":{\"name\":\"Incidencies FVB\",\"@id\":\"https:\/\/www.fvb.cat\/es\/#\/schema\/person\/83a51a8cdae04bb9ed05ac117cc725eb\"},\"headline\":\"Condolencias por la muerte del Dr. Joan Coderch\",\"datePublished\":\"2025-07-25T09:44:53+00:00\",\"dateModified\":\"2025-09-16T09:48:50+00:00\",\"mainEntityOfPage\":{\"@id\":\"https:\/\/www.fvb.cat\/ca\/?p=17467\"},\"wordCount\":330,\"publisher\":{\"@id\":\"https:\/\/www.fvb.cat\/es\/#organization\"},\"image\":{\"@id\":\"https:\/\/www.fvb.cat\/ca\/?p=17467#primaryimage\"},\"thumbnailUrl\":\"https:\/\/www.fvb.cat\/wp-content\/uploads\/2025\/09\/Joan-Coderch_iusm_a_v.cabre_.png\",\"keywords\":[\"IUSM\",\"JoanCoderch\",\"psiquiatr\u00eda\",\"URL\"],\"articleSection\":[\"Actualidad\"],\"inLanguage\":\"es\"},{\"@type\":\"WebPage\",\"@id\":\"https:\/\/www.fvb.cat\/ca\/?p=17467\",\"url\":\"https:\/\/www.fvb.cat\/ca\/?p=17467\",\"name\":\"Condolences per la mort del Dr. Joan Coderch\",\"isPartOf\":{\"@id\":\"https:\/\/www.fvb.cat\/es\/#website\"},\"primaryImageOfPage\":{\"@id\":\"https:\/\/www.fvb.cat\/ca\/?p=17467#primaryimage\"},\"image\":{\"@id\":\"https:\/\/www.fvb.cat\/ca\/?p=17467#primaryimage\"},\"thumbnailUrl\":\"https:\/\/www.fvb.cat\/wp-content\/uploads\/2025\/09\/Joan-Coderch_iusm_a_v.cabre_.png\",\"datePublished\":\"2025-07-25T09:44:53+00:00\",\"dateModified\":\"2025-09-16T09:48:50+00:00\",\"description\":\"El doctor Joan Coderch de Sans, doctor en psiquiatria i membre docent de l\u2019IUSM durant vint anys, va morir el passat 22 de juliol.\",\"breadcrumb\":{\"@id\":\"https:\/\/www.fvb.cat\/ca\/?p=17467#breadcrumb\"},\"inLanguage\":\"es\",\"potentialAction\":[{\"@type\":\"ReadAction\",\"target\":[\"https:\/\/www.fvb.cat\/ca\/?p=17467\"]}]},{\"@type\":\"ImageObject\",\"inLanguage\":\"es\",\"@id\":\"https:\/\/www.fvb.cat\/ca\/?p=17467#primaryimage\",\"url\":\"https:\/\/www.fvb.cat\/wp-content\/uploads\/2025\/09\/Joan-Coderch_iusm_a_v.cabre_.png\",\"contentUrl\":\"https:\/\/www.fvb.cat\/wp-content\/uploads\/2025\/09\/Joan-Coderch_iusm_a_v.cabre_.png\",\"width\":472,\"height\":222},{\"@type\":\"BreadcrumbList\",\"@id\":\"https:\/\/www.fvb.cat\/ca\/?p=17467#breadcrumb\",\"itemListElement\":[{\"@type\":\"ListItem\",\"position\":1,\"name\":\"Inici\",\"item\":\"https:\/\/www.fvb.cat\/es\/\"},{\"@type\":\"ListItem\",\"position\":2,\"name\":\"Condolences per la mort del Dr. Joan Coderch\"}]},{\"@type\":\"WebSite\",\"@id\":\"https:\/\/www.fvb.cat\/es\/#website\",\"url\":\"https:\/\/www.fvb.cat\/es\/\",\"name\":\"Fundaci\u00f3 Vidal i Barraquer\",\"description\":\"Asistencia, docencia e investigaci\u00f3n en Salud Mental\",\"publisher\":{\"@id\":\"https:\/\/www.fvb.cat\/es\/#organization\"},\"potentialAction\":[{\"@type\":\"SearchAction\",\"target\":{\"@type\":\"EntryPoint\",\"urlTemplate\":\"https:\/\/www.fvb.cat\/es\/?s={search_term_string}\"},\"query-input\":\"required name=search_term_string\"}],\"inLanguage\":\"es\"},{\"@type\":\"Organization\",\"@id\":\"https:\/\/www.fvb.cat\/es\/#organization\",\"name\":\"Fundaci\u00f3 Vidal i Barraquer\",\"url\":\"https:\/\/www.fvb.cat\/es\/\",\"logo\":{\"@type\":\"ImageObject\",\"inLanguage\":\"es\",\"@id\":\"https:\/\/www.fvb.cat\/es\/#\/schema\/logo\/image\/\",\"url\":\"https:\/\/www.fvb.cat\/wp-content\/uploads\/2024\/05\/logo-vidal-i-barrauqer-60-aniversari.jpg\",\"contentUrl\":\"https:\/\/www.fvb.cat\/wp-content\/uploads\/2024\/05\/logo-vidal-i-barrauqer-60-aniversari.jpg\",\"width\":2125,\"height\":703,\"caption\":\"Fundaci\u00f3 Vidal i Barraquer\"},\"image\":{\"@id\":\"https:\/\/www.fvb.cat\/es\/#\/schema\/logo\/image\/\"}},{\"@type\":\"Person\",\"@id\":\"https:\/\/www.fvb.cat\/es\/#\/schema\/person\/83a51a8cdae04bb9ed05ac117cc725eb\",\"name\":\"Incidencies FVB\",\"image\":{\"@type\":\"ImageObject\",\"inLanguage\":\"es\",\"@id\":\"https:\/\/www.fvb.cat\/es\/#\/schema\/person\/image\/\",\"url\":\"https:\/\/secure.gravatar.com\/avatar\/e273473f44d68622f3c121bdf3d64154?s=96&d=mm&r=g\",\"contentUrl\":\"https:\/\/secure.gravatar.com\/avatar\/e273473f44d68622f3c121bdf3d64154?s=96&d=mm&r=g\",\"caption\":\"Incidencies FVB\"},\"url\":\"https:\/\/www.fvb.cat\/es\/author\/incidencies-fvb\/\"}]}<\/script>\n<!-- \/ Yoast SEO plugin. -->","yoast_head_json":{"title":"Condolences per la mort del Dr. Joan Coderch","description":"El doctor Joan Coderch de Sans, doctor en psiquiatria i membre docent de l\u2019IUSM durant vint anys, va morir el passat 22 de juliol.","robots":{"index":"index","follow":"follow","max-snippet":"max-snippet:-1","max-image-preview":"max-image-preview:large","max-video-preview":"max-video-preview:-1"},"canonical":"https:\/\/www.fvb.cat\/ca\/?p=17467","og_locale":"es_ES","og_type":"article","og_title":"Condolences per la mort del Dr. Joan Coderch","og_description":"El doctor Joan Coderch de Sans, doctor en psiquiatria i membre docent de l\u2019IUSM durant vint anys, va morir el passat 22 de juliol.","og_url":"https:\/\/www.fvb.cat\/ca\/?p=17467","og_site_name":"Fundaci\u00f3 Vidal i Barraquer","article_published_time":"2025-07-25T09:44:53+00:00","article_modified_time":"2025-09-16T09:48:50+00:00","og_image":[{"width":472,"height":222,"url":"https:\/\/www.fvb.cat\/wp-content\/uploads\/2025\/09\/Joan-Coderch_iusm_a_v.cabre_.png","type":"image\/png"}],"author":"Incidencies FVB","twitter_card":"summary_large_image","twitter_misc":{"Escrito por":"Incidencies FVB","Tiempo de lectura":"1 minuto"},"schema":{"@context":"https:\/\/schema.org","@graph":[{"@type":"Article","@id":"https:\/\/www.fvb.cat\/ca\/?p=17467#article","isPartOf":{"@id":"https:\/\/www.fvb.cat\/ca\/?p=17467"},"author":{"name":"Incidencies FVB","@id":"https:\/\/www.fvb.cat\/es\/#\/schema\/person\/83a51a8cdae04bb9ed05ac117cc725eb"},"headline":"Condolencias por la muerte del Dr. Joan Coderch","datePublished":"2025-07-25T09:44:53+00:00","dateModified":"2025-09-16T09:48:50+00:00","mainEntityOfPage":{"@id":"https:\/\/www.fvb.cat\/ca\/?p=17467"},"wordCount":330,"publisher":{"@id":"https:\/\/www.fvb.cat\/es\/#organization"},"image":{"@id":"https:\/\/www.fvb.cat\/ca\/?p=17467#primaryimage"},"thumbnailUrl":"https:\/\/www.fvb.cat\/wp-content\/uploads\/2025\/09\/Joan-Coderch_iusm_a_v.cabre_.png","keywords":["IUSM","JoanCoderch","psiquiatr\u00eda","URL"],"articleSection":["Actualidad"],"inLanguage":"es"},{"@type":"WebPage","@id":"https:\/\/www.fvb.cat\/ca\/?p=17467","url":"https:\/\/www.fvb.cat\/ca\/?p=17467","name":"Condolences per la mort del Dr. Joan Coderch","isPartOf":{"@id":"https:\/\/www.fvb.cat\/es\/#website"},"primaryImageOfPage":{"@id":"https:\/\/www.fvb.cat\/ca\/?p=17467#primaryimage"},"image":{"@id":"https:\/\/www.fvb.cat\/ca\/?p=17467#primaryimage"},"thumbnailUrl":"https:\/\/www.fvb.cat\/wp-content\/uploads\/2025\/09\/Joan-Coderch_iusm_a_v.cabre_.png","datePublished":"2025-07-25T09:44:53+00:00","dateModified":"2025-09-16T09:48:50+00:00","description":"El doctor Joan Coderch de Sans, doctor en psiquiatria i membre docent de l\u2019IUSM durant vint anys, va morir el passat 22 de juliol.","breadcrumb":{"@id":"https:\/\/www.fvb.cat\/ca\/?p=17467#breadcrumb"},"inLanguage":"es","potentialAction":[{"@type":"ReadAction","target":["https:\/\/www.fvb.cat\/ca\/?p=17467"]}]},{"@type":"ImageObject","inLanguage":"es","@id":"https:\/\/www.fvb.cat\/ca\/?p=17467#primaryimage","url":"https:\/\/www.fvb.cat\/wp-content\/uploads\/2025\/09\/Joan-Coderch_iusm_a_v.cabre_.png","contentUrl":"https:\/\/www.fvb.cat\/wp-content\/uploads\/2025\/09\/Joan-Coderch_iusm_a_v.cabre_.png","width":472,"height":222},{"@type":"BreadcrumbList","@id":"https:\/\/www.fvb.cat\/ca\/?p=17467#breadcrumb","itemListElement":[{"@type":"ListItem","position":1,"name":"Inici","item":"https:\/\/www.fvb.cat\/es\/"},{"@type":"ListItem","position":2,"name":"Condolences per la mort del Dr. Joan Coderch"}]},{"@type":"WebSite","@id":"https:\/\/www.fvb.cat\/es\/#website","url":"https:\/\/www.fvb.cat\/es\/","name":"Fundaci\u00f3 Vidal i Barraquer","description":"Asistencia, docencia e investigaci\u00f3n en Salud Mental","publisher":{"@id":"https:\/\/www.fvb.cat\/es\/#organization"},"potentialAction":[{"@type":"SearchAction","target":{"@type":"EntryPoint","urlTemplate":"https:\/\/www.fvb.cat\/es\/?s={search_term_string}"},"query-input":"required name=search_term_string"}],"inLanguage":"es"},{"@type":"Organization","@id":"https:\/\/www.fvb.cat\/es\/#organization","name":"Fundaci\u00f3 Vidal i Barraquer","url":"https:\/\/www.fvb.cat\/es\/","logo":{"@type":"ImageObject","inLanguage":"es","@id":"https:\/\/www.fvb.cat\/es\/#\/schema\/logo\/image\/","url":"https:\/\/www.fvb.cat\/wp-content\/uploads\/2024\/05\/logo-vidal-i-barrauqer-60-aniversari.jpg","contentUrl":"https:\/\/www.fvb.cat\/wp-content\/uploads\/2024\/05\/logo-vidal-i-barrauqer-60-aniversari.jpg","width":2125,"height":703,"caption":"Fundaci\u00f3 Vidal i Barraquer"},"image":{"@id":"https:\/\/www.fvb.cat\/es\/#\/schema\/logo\/image\/"}},{"@type":"Person","@id":"https:\/\/www.fvb.cat\/es\/#\/schema\/person\/83a51a8cdae04bb9ed05ac117cc725eb","name":"Incidencies FVB","image":{"@type":"ImageObject","inLanguage":"es","@id":"https:\/\/www.fvb.cat\/es\/#\/schema\/person\/image\/","url":"https:\/\/secure.gravatar.com\/avatar\/e273473f44d68622f3c121bdf3d64154?s=96&d=mm&r=g","contentUrl":"https:\/\/secure.gravatar.com\/avatar\/e273473f44d68622f3c121bdf3d64154?s=96&d=mm&r=g","caption":"Incidencies FVB"},"url":"https:\/\/www.fvb.cat\/es\/author\/incidencies-fvb\/"}]}},"_links":{"self":[{"href":"https:\/\/www.fvb.cat\/es\/wp-json\/wp\/v2\/posts\/17467"}],"collection":[{"href":"https:\/\/www.fvb.cat\/es\/wp-json\/wp\/v2\/posts"}],"about":[{"href":"https:\/\/www.fvb.cat\/es\/wp-json\/wp\/v2\/types\/post"}],"author":[{"embeddable":true,"href":"https:\/\/www.fvb.cat\/es\/wp-json\/wp\/v2\/users\/33"}],"replies":[{"embeddable":true,"href":"https:\/\/www.fvb.cat\/es\/wp-json\/wp\/v2\/comments?post=17467"}],"version-history":[{"count":1,"href":"https:\/\/www.fvb.cat\/es\/wp-json\/wp\/v2\/posts\/17467\/revisions"}],"predecessor-version":[{"id":17469,"href":"https:\/\/www.fvb.cat\/es\/wp-json\/wp\/v2\/posts\/17467\/revisions\/17469"}],"wp:featuredmedia":[{"embeddable":true,"href":"https:\/\/www.fvb.cat\/es\/wp-json\/wp\/v2\/media\/17466"}],"wp:attachment":[{"href":"https:\/\/www.fvb.cat\/es\/wp-json\/wp\/v2\/media?parent=17467"}],"wp:term":[{"taxonomy":"category","embeddable":true,"href":"https:\/\/www.fvb.cat\/es\/wp-json\/wp\/v2\/categories?post=17467"},{"taxonomy":"post_tag","embeddable":true,"href":"https:\/\/www.fvb.cat\/es\/wp-json\/wp\/v2\/tags?post=17467"}],"curies":[{"name":"wp","href":"https:\/\/api.w.org\/{rel}","templated":true}]}}