{"id":17291,"date":"2025-07-28T11:47:56","date_gmt":"2025-07-28T10:47:56","guid":{"rendered":"https:\/\/www.fvb.cat\/ca\/?p=17291"},"modified":"2025-07-28T11:47:56","modified_gmt":"2025-07-28T10:47:56","slug":"manuel-delgado-i-francesc-torralba-debaten-sobre-espiritualitat-i-agnosticisme-a-linstitut-universitari-de-salut-mental-vidal-i-barraquer-url","status":"publish","type":"post","link":"https:\/\/www.fvb.cat\/es\/delgado-torralba-dialogo-espiritualidad-agnosticismo\/","title":{"rendered":"Manuel Delgado y Francesc Torralba debaten sobre espiritualidad y agnosticismo en el Instituto Universitario de Salud Mental Vidal i Barraquer \u2013 URL"},"content":{"rendered":"La<a href=\"https:\/\/www.fvb.cat\/es\/\"> Fundaci\u00f3n Vidal i Barraquer<\/a> ha organizado un di\u00e1logo sobre espiritualidad y agnosticismo en el <a href=\"https:\/\/www.fvb.cat\/es\/docencia\/\">IUSM<\/a>. Un acto que ha dado la oportunidad de sentar a dos personas que parten de convicciones y cosmovisiones del todo opuestas. <a href=\"https:\/\/www.francesctorralba.com\/es\/\">Francesc Torralba<\/a> (doctor en filosof\u00eda, teolog\u00eda, pedagog\u00eda, arqueolog\u00eda y artes cristianas) ha reclamado que es una tarea que tiene que hacer la universidad, \u201cesto es muy extra\u00f1o en las universidades y ya no hablo de las redes sociales ni la televisi\u00f3n\u201d. Es una realidad que las personas que participan en los actos a los que estamos acostumbrados tengan pensamientos similares.<\/p>\n<p><!--more--><\/p>\n<p>Desde un buen inicio <a href=\"https:\/\/es.wikipedia.org\/wiki\/Manuel_Delgado_Ruiz\">Manuel Delgado<\/a> (catedr\u00e1tico de antropolog\u00eda social en la Universidad de Barcelona. Especializado en violencia religiosa, con especial atenci\u00f3n alrededor de los fen\u00f3menos de anticlericalismo e iconoclastia en la Espa\u00f1a contempor\u00e1nea) ha dejado muy clara cu\u00e1l es su postura en cuanto a los temas que se han tratado durante el di\u00e1logo: \u201cMi postura al llamado hecho religioso ni siquiera agn\u00f3stica. Es de absoluta indiferencia\u201d.<\/p>\n<blockquote>\n<p style=\"text-align: center;\">\u201cNo veo en qu\u00e9 forma que Dios exista o no me afecte de alguna manera. Deben existir en el Universo una cantidad de dioses en los que nadie crea\u201d \u2013 <a href=\"https:\/\/es.wikipedia.org\/wiki\/Manuel_Delgado_Ruiz\">Manuel Delgado<\/a><\/p>\n<\/blockquote>\n<p>Durante el di\u00e1logo, <a href=\"https:\/\/es.wikipedia.org\/wiki\/Manuel_Delgado_Ruiz\">Delgado<\/a> ha explicado alguno de los temas que trata en sus clases de la universidad. Uno de los problemas que se encuentra curso tras curso es explicar que una misma religi\u00f3n pueda servir para cosas muy distintas en funci\u00f3n de \u201cquien invoque sus principios transcendentes\u201d, por ejemplo, el papel pol\u00edtico revolucionario que juega el evangelismo pentecostal en muchos pa\u00edses de Latinoam\u00e9rica.<\/p>\n<p>El principal argumento de <a href=\"https:\/\/es.wikipedia.org\/wiki\/Manuel_Delgado_Ruiz\">Delgado<\/a> ha sido desde el punto de vista del laicismo, hay una problem\u00e1tica hoy en d\u00eda que es la amenaza que vive la libertad religiosa. Ha definido religi\u00f3n como la convicci\u00f3n en elementos transcendentes, invisibles e inefables de los que dependemos y la capacidad que se tiene que impartir lecciones morales en nombre de principios \u00e9ticos universales. El catedr\u00e1tico en antropolog\u00eda ha afirmado que \u201csi esta es la definici\u00f3n de religi\u00f3n que nos creemos, entonces el problema es de competencias en el sentido comercial\u201d.<\/p>\n<p>Despu\u00e9s de la intervenci\u00f3n de <a href=\"https:\/\/es.wikipedia.org\/wiki\/Manuel_Delgado_Ruiz\">Manuel Delgado<\/a> llega el turno de Francesc Torralba quien, m\u00e1s que su opini\u00f3n, ha expuesto como ve\u00eda y entend\u00eda \u00e9l la espiritualidad y el agnosticismo. <a href=\"https:\/\/www.francesctorralba.com\/es\/\">Torralba<\/a> ha hablado de espiritualidad desde la mirada filos\u00f3fica. Cuando se intenta definir el t\u00e9rmino vemos que en los diccionarios se recopilan columnas y columnas de excepciones o significados.<\/p>\n<p>La consecuencia final es que si no se aclara terminol\u00f3gicamente no sabemos de qu\u00e9 est\u00e1 hablando el otro cuando dice \u2018esta persona es muy espiritual\u2019, podr\u00eda estar hablando de alguien que va a la monta\u00f1a a abrazar un \u00e1rbol, que reza un rosario cada d\u00eda o que practica meditaci\u00f3n en su casa, entre otras cosas. Se usa la palabra espiritual, pero en la pr\u00e1ctica son muy distintas.<\/p>\n<p><a href=\"https:\/\/www.francesctorralba.com\/es\/\">Torralba<\/a> ha explicado que el t\u00e9rmino espiritualidad es muy amplio, pero pasa lo mismo cuando hablamos de agnosticismo. Cuando no s\u00e9 m\u00e1s y, por lo tanto, me limito a mantener silencio, la duda o no hablar de lo que no s\u00e9.<\/p>\n<blockquote>\n<p style=\"text-align: center;\">\u201cYo creo (de la oraci\u00f3n credo) significa yo conf\u00edo en que eso que se ha dicho es verdad\u201d \u2013 <a href=\"https:\/\/www.francesctorralba.com\/es\/\">Francesc Torralba<\/a><\/p>\n<\/blockquote>\n<p>Tambi\u00e9n ha aclarado que hay distintos tipos de personas agn\u00f3sticas: agn\u00f3stico tr\u00e1gico (sufre por no saber) o el agn\u00f3stico que vive de manera autocomplaciente el no saber (no lo s\u00e9 ni me preocupa no saberlo porque tengo preocupaciones m\u00e1s importantes).<\/p>\n<p><a href=\"https:\/\/es.wikipedia.org\/wiki\/Manuel_Delgado_Ruiz\">Delgado<\/a> acab\u00f3 su intervenci\u00f3n con la reflexi\u00f3n de que hoy en d\u00eda, \u201clejos de habernos liberado de la religi\u00f3n y la espiritualidad, en el sentido que critiquen algunos, las tenemos m\u00e1s presentes que nunca\u201d.","protected":false},"excerpt":{"rendered":"<p>Disculpa, pero esta entrada est\u00e1 disponible s\u00f3lo en Catal\u00e0. For the sake&#8230;<\/p>\n","protected":false},"author":33,"featured_media":17292,"comment_status":"closed","ping_status":"closed","sticky":false,"template":"","format":"standard","meta":{"footnotes":""},"categories":[56],"tags":[592,589,596,593,594,595,590,591],"yoast_head":"<!-- This site is optimized with the Yoast SEO plugin v22.6 - https:\/\/yoast.com\/wordpress\/plugins\/seo\/ -->\n<title>La Fundaci\u00f3 Vidal i Barraquer ha organitzat un di\u00e0leg sobre espiritualitat i agnosticisme a l\u2019IUSM<\/title>\n<meta name=\"description\" content=\"La FVB ha organitzat un di\u00e0leg sobre espiritualitat i agnosticisme a l\u2019IUSM on hi han participat Manuel Delgado i Francesc Torralba\" \/>\n<meta name=\"robots\" content=\"index, follow, max-snippet:-1, max-image-preview:large, max-video-preview:-1\" \/>\n<link rel=\"canonical\" href=\"https:\/\/www.fvb.cat\/ca\/?p=17291\" \/>\n<meta property=\"og:locale\" content=\"es_ES\" \/>\n<meta property=\"og:type\" content=\"article\" \/>\n<meta property=\"og:title\" content=\"La Fundaci\u00f3 Vidal i Barraquer ha organitzat un di\u00e0leg sobre espiritualitat i agnosticisme a l\u2019IUSM\" \/>\n<meta property=\"og:description\" content=\"La FVB ha organitzat un di\u00e0leg sobre espiritualitat i agnosticisme a l\u2019IUSM on hi han participat Manuel Delgado i Francesc Torralba\" \/>\n<meta property=\"og:url\" content=\"https:\/\/www.fvb.cat\/ca\/?p=17291\" \/>\n<meta property=\"og:site_name\" content=\"Fundaci\u00f3 Vidal i Barraquer\" \/>\n<meta property=\"article:published_time\" content=\"2025-07-28T10:47:56+00:00\" \/>\n<meta property=\"og:image\" content=\"https:\/\/www.fvb.cat\/wp-content\/uploads\/2025\/07\/img-dialeg-espiritualitat-i-agnosticisme.jpeg\" \/>\n\t<meta property=\"og:image:width\" content=\"1200\" \/>\n\t<meta property=\"og:image:height\" content=\"1600\" \/>\n\t<meta property=\"og:image:type\" content=\"image\/jpeg\" \/>\n<meta name=\"author\" content=\"Incidencies FVB\" \/>\n<meta name=\"twitter:card\" content=\"summary_large_image\" \/>\n<meta name=\"twitter:label1\" content=\"Escrito por\" \/>\n\t<meta name=\"twitter:data1\" content=\"Incidencies FVB\" \/>\n\t<meta name=\"twitter:label2\" content=\"Tiempo de lectura\" \/>\n\t<meta name=\"twitter:data2\" content=\"4 minutos\" \/>\n<script type=\"application\/ld+json\" class=\"yoast-schema-graph\">{\"@context\":\"https:\/\/schema.org\",\"@graph\":[{\"@type\":\"Article\",\"@id\":\"https:\/\/www.fvb.cat\/ca\/?p=17291#article\",\"isPartOf\":{\"@id\":\"https:\/\/www.fvb.cat\/ca\/?p=17291\"},\"author\":{\"name\":\"Incidencies FVB\",\"@id\":\"https:\/\/www.fvb.cat\/es\/#\/schema\/person\/83a51a8cdae04bb9ed05ac117cc725eb\"},\"headline\":\"Manuel Delgado y Francesc Torralba debaten sobre espiritualidad y agnosticismo en el Instituto Universitario de Salud Mental Vidal i Barraquer \u2013 URL\",\"datePublished\":\"2025-07-28T10:47:56+00:00\",\"dateModified\":\"2025-07-28T10:47:56+00:00\",\"mainEntityOfPage\":{\"@id\":\"https:\/\/www.fvb.cat\/ca\/?p=17291\"},\"wordCount\":1364,\"publisher\":{\"@id\":\"https:\/\/www.fvb.cat\/es\/#organization\"},\"image\":{\"@id\":\"https:\/\/www.fvb.cat\/ca\/?p=17291#primaryimage\"},\"thumbnailUrl\":\"https:\/\/www.fvb.cat\/wp-content\/uploads\/2025\/07\/img-dialeg-espiritualitat-i-agnosticisme.jpeg\",\"keywords\":[\"Delgado\",\"espiritualidad\",\"Espiritualidad Transcultural\",\"Francesc Torralba\",\"Manuel Delgado\",\"MET\",\"religi\u00f3nagnosticismo\",\"Torralba\"],\"articleSection\":[\"Actualidad\"],\"inLanguage\":\"es\"},{\"@type\":\"WebPage\",\"@id\":\"https:\/\/www.fvb.cat\/ca\/?p=17291\",\"url\":\"https:\/\/www.fvb.cat\/ca\/?p=17291\",\"name\":\"La Fundaci\u00f3 Vidal i Barraquer ha organitzat un di\u00e0leg sobre espiritualitat i agnosticisme a l\u2019IUSM\",\"isPartOf\":{\"@id\":\"https:\/\/www.fvb.cat\/es\/#website\"},\"primaryImageOfPage\":{\"@id\":\"https:\/\/www.fvb.cat\/ca\/?p=17291#primaryimage\"},\"image\":{\"@id\":\"https:\/\/www.fvb.cat\/ca\/?p=17291#primaryimage\"},\"thumbnailUrl\":\"https:\/\/www.fvb.cat\/wp-content\/uploads\/2025\/07\/img-dialeg-espiritualitat-i-agnosticisme.jpeg\",\"datePublished\":\"2025-07-28T10:47:56+00:00\",\"dateModified\":\"2025-07-28T10:47:56+00:00\",\"description\":\"La FVB ha organitzat un di\u00e0leg sobre espiritualitat i agnosticisme a l\u2019IUSM on hi han participat Manuel Delgado i Francesc Torralba\",\"breadcrumb\":{\"@id\":\"https:\/\/www.fvb.cat\/ca\/?p=17291#breadcrumb\"},\"inLanguage\":\"es\",\"potentialAction\":[{\"@type\":\"ReadAction\",\"target\":[\"https:\/\/www.fvb.cat\/ca\/?p=17291\"]}]},{\"@type\":\"ImageObject\",\"inLanguage\":\"es\",\"@id\":\"https:\/\/www.fvb.cat\/ca\/?p=17291#primaryimage\",\"url\":\"https:\/\/www.fvb.cat\/wp-content\/uploads\/2025\/07\/img-dialeg-espiritualitat-i-agnosticisme.jpeg\",\"contentUrl\":\"https:\/\/www.fvb.cat\/wp-content\/uploads\/2025\/07\/img-dialeg-espiritualitat-i-agnosticisme.jpeg\",\"width\":1200,\"height\":1600},{\"@type\":\"BreadcrumbList\",\"@id\":\"https:\/\/www.fvb.cat\/ca\/?p=17291#breadcrumb\",\"itemListElement\":[{\"@type\":\"ListItem\",\"position\":1,\"name\":\"Inici\",\"item\":\"https:\/\/www.fvb.cat\/es\/\"},{\"@type\":\"ListItem\",\"position\":2,\"name\":\"Manuel Delgado i Francesc Torralba debaten sobre espiritualitat i agnosticisme a l\u2019Institut Universitari de Salut Mental Vidal i Barraquer \u2013 URL\"}]},{\"@type\":\"WebSite\",\"@id\":\"https:\/\/www.fvb.cat\/es\/#website\",\"url\":\"https:\/\/www.fvb.cat\/es\/\",\"name\":\"Fundaci\u00f3 Vidal i Barraquer\",\"description\":\"Asistencia, docencia e investigaci\u00f3n en Salud Mental\",\"publisher\":{\"@id\":\"https:\/\/www.fvb.cat\/es\/#organization\"},\"potentialAction\":[{\"@type\":\"SearchAction\",\"target\":{\"@type\":\"EntryPoint\",\"urlTemplate\":\"https:\/\/www.fvb.cat\/es\/?s={search_term_string}\"},\"query-input\":\"required name=search_term_string\"}],\"inLanguage\":\"es\"},{\"@type\":\"Organization\",\"@id\":\"https:\/\/www.fvb.cat\/es\/#organization\",\"name\":\"Fundaci\u00f3 Vidal i Barraquer\",\"url\":\"https:\/\/www.fvb.cat\/es\/\",\"logo\":{\"@type\":\"ImageObject\",\"inLanguage\":\"es\",\"@id\":\"https:\/\/www.fvb.cat\/es\/#\/schema\/logo\/image\/\",\"url\":\"https:\/\/www.fvb.cat\/wp-content\/uploads\/2024\/05\/logo-vidal-i-barrauqer-60-aniversari.jpg\",\"contentUrl\":\"https:\/\/www.fvb.cat\/wp-content\/uploads\/2024\/05\/logo-vidal-i-barrauqer-60-aniversari.jpg\",\"width\":2125,\"height\":703,\"caption\":\"Fundaci\u00f3 Vidal i Barraquer\"},\"image\":{\"@id\":\"https:\/\/www.fvb.cat\/es\/#\/schema\/logo\/image\/\"}},{\"@type\":\"Person\",\"@id\":\"https:\/\/www.fvb.cat\/es\/#\/schema\/person\/83a51a8cdae04bb9ed05ac117cc725eb\",\"name\":\"Incidencies FVB\",\"image\":{\"@type\":\"ImageObject\",\"inLanguage\":\"es\",\"@id\":\"https:\/\/www.fvb.cat\/es\/#\/schema\/person\/image\/\",\"url\":\"https:\/\/secure.gravatar.com\/avatar\/e273473f44d68622f3c121bdf3d64154?s=96&d=mm&r=g\",\"contentUrl\":\"https:\/\/secure.gravatar.com\/avatar\/e273473f44d68622f3c121bdf3d64154?s=96&d=mm&r=g\",\"caption\":\"Incidencies FVB\"},\"url\":\"https:\/\/www.fvb.cat\/es\/author\/incidencies-fvb\/\"}]}<\/script>\n<!-- \/ Yoast SEO plugin. -->","yoast_head_json":{"title":"La Fundaci\u00f3 Vidal i Barraquer ha organitzat un di\u00e0leg sobre espiritualitat i agnosticisme a l\u2019IUSM","description":"La FVB ha organitzat un di\u00e0leg sobre espiritualitat i agnosticisme a l\u2019IUSM on hi han participat Manuel Delgado i Francesc Torralba","robots":{"index":"index","follow":"follow","max-snippet":"max-snippet:-1","max-image-preview":"max-image-preview:large","max-video-preview":"max-video-preview:-1"},"canonical":"https:\/\/www.fvb.cat\/ca\/?p=17291","og_locale":"es_ES","og_type":"article","og_title":"La Fundaci\u00f3 Vidal i Barraquer ha organitzat un di\u00e0leg sobre espiritualitat i agnosticisme a l\u2019IUSM","og_description":"La FVB ha organitzat un di\u00e0leg sobre espiritualitat i agnosticisme a l\u2019IUSM on hi han participat Manuel Delgado i Francesc Torralba","og_url":"https:\/\/www.fvb.cat\/ca\/?p=17291","og_site_name":"Fundaci\u00f3 Vidal i Barraquer","article_published_time":"2025-07-28T10:47:56+00:00","og_image":[{"width":1200,"height":1600,"url":"https:\/\/www.fvb.cat\/wp-content\/uploads\/2025\/07\/img-dialeg-espiritualitat-i-agnosticisme.jpeg","type":"image\/jpeg"}],"author":"Incidencies FVB","twitter_card":"summary_large_image","twitter_misc":{"Escrito por":"Incidencies FVB","Tiempo de lectura":"4 minutos"},"schema":{"@context":"https:\/\/schema.org","@graph":[{"@type":"Article","@id":"https:\/\/www.fvb.cat\/ca\/?p=17291#article","isPartOf":{"@id":"https:\/\/www.fvb.cat\/ca\/?p=17291"},"author":{"name":"Incidencies FVB","@id":"https:\/\/www.fvb.cat\/es\/#\/schema\/person\/83a51a8cdae04bb9ed05ac117cc725eb"},"headline":"Manuel Delgado y Francesc Torralba debaten sobre espiritualidad y agnosticismo en el Instituto Universitario de Salud Mental Vidal i Barraquer \u2013 URL","datePublished":"2025-07-28T10:47:56+00:00","dateModified":"2025-07-28T10:47:56+00:00","mainEntityOfPage":{"@id":"https:\/\/www.fvb.cat\/ca\/?p=17291"},"wordCount":1364,"publisher":{"@id":"https:\/\/www.fvb.cat\/es\/#organization"},"image":{"@id":"https:\/\/www.fvb.cat\/ca\/?p=17291#primaryimage"},"thumbnailUrl":"https:\/\/www.fvb.cat\/wp-content\/uploads\/2025\/07\/img-dialeg-espiritualitat-i-agnosticisme.jpeg","keywords":["Delgado","espiritualidad","Espiritualidad Transcultural","Francesc Torralba","Manuel Delgado","MET","religi\u00f3nagnosticismo","Torralba"],"articleSection":["Actualidad"],"inLanguage":"es"},{"@type":"WebPage","@id":"https:\/\/www.fvb.cat\/ca\/?p=17291","url":"https:\/\/www.fvb.cat\/ca\/?p=17291","name":"La Fundaci\u00f3 Vidal i Barraquer ha organitzat un di\u00e0leg sobre espiritualitat i agnosticisme a l\u2019IUSM","isPartOf":{"@id":"https:\/\/www.fvb.cat\/es\/#website"},"primaryImageOfPage":{"@id":"https:\/\/www.fvb.cat\/ca\/?p=17291#primaryimage"},"image":{"@id":"https:\/\/www.fvb.cat\/ca\/?p=17291#primaryimage"},"thumbnailUrl":"https:\/\/www.fvb.cat\/wp-content\/uploads\/2025\/07\/img-dialeg-espiritualitat-i-agnosticisme.jpeg","datePublished":"2025-07-28T10:47:56+00:00","dateModified":"2025-07-28T10:47:56+00:00","description":"La FVB ha organitzat un di\u00e0leg sobre espiritualitat i agnosticisme a l\u2019IUSM on hi han participat Manuel Delgado i Francesc Torralba","breadcrumb":{"@id":"https:\/\/www.fvb.cat\/ca\/?p=17291#breadcrumb"},"inLanguage":"es","potentialAction":[{"@type":"ReadAction","target":["https:\/\/www.fvb.cat\/ca\/?p=17291"]}]},{"@type":"ImageObject","inLanguage":"es","@id":"https:\/\/www.fvb.cat\/ca\/?p=17291#primaryimage","url":"https:\/\/www.fvb.cat\/wp-content\/uploads\/2025\/07\/img-dialeg-espiritualitat-i-agnosticisme.jpeg","contentUrl":"https:\/\/www.fvb.cat\/wp-content\/uploads\/2025\/07\/img-dialeg-espiritualitat-i-agnosticisme.jpeg","width":1200,"height":1600},{"@type":"BreadcrumbList","@id":"https:\/\/www.fvb.cat\/ca\/?p=17291#breadcrumb","itemListElement":[{"@type":"ListItem","position":1,"name":"Inici","item":"https:\/\/www.fvb.cat\/es\/"},{"@type":"ListItem","position":2,"name":"Manuel Delgado i Francesc Torralba debaten sobre espiritualitat i agnosticisme a l\u2019Institut Universitari de Salut Mental Vidal i Barraquer \u2013 URL"}]},{"@type":"WebSite","@id":"https:\/\/www.fvb.cat\/es\/#website","url":"https:\/\/www.fvb.cat\/es\/","name":"Fundaci\u00f3 Vidal i Barraquer","description":"Asistencia, docencia e investigaci\u00f3n en Salud Mental","publisher":{"@id":"https:\/\/www.fvb.cat\/es\/#organization"},"potentialAction":[{"@type":"SearchAction","target":{"@type":"EntryPoint","urlTemplate":"https:\/\/www.fvb.cat\/es\/?s={search_term_string}"},"query-input":"required name=search_term_string"}],"inLanguage":"es"},{"@type":"Organization","@id":"https:\/\/www.fvb.cat\/es\/#organization","name":"Fundaci\u00f3 Vidal i Barraquer","url":"https:\/\/www.fvb.cat\/es\/","logo":{"@type":"ImageObject","inLanguage":"es","@id":"https:\/\/www.fvb.cat\/es\/#\/schema\/logo\/image\/","url":"https:\/\/www.fvb.cat\/wp-content\/uploads\/2024\/05\/logo-vidal-i-barrauqer-60-aniversari.jpg","contentUrl":"https:\/\/www.fvb.cat\/wp-content\/uploads\/2024\/05\/logo-vidal-i-barrauqer-60-aniversari.jpg","width":2125,"height":703,"caption":"Fundaci\u00f3 Vidal i Barraquer"},"image":{"@id":"https:\/\/www.fvb.cat\/es\/#\/schema\/logo\/image\/"}},{"@type":"Person","@id":"https:\/\/www.fvb.cat\/es\/#\/schema\/person\/83a51a8cdae04bb9ed05ac117cc725eb","name":"Incidencies FVB","image":{"@type":"ImageObject","inLanguage":"es","@id":"https:\/\/www.fvb.cat\/es\/#\/schema\/person\/image\/","url":"https:\/\/secure.gravatar.com\/avatar\/e273473f44d68622f3c121bdf3d64154?s=96&d=mm&r=g","contentUrl":"https:\/\/secure.gravatar.com\/avatar\/e273473f44d68622f3c121bdf3d64154?s=96&d=mm&r=g","caption":"Incidencies FVB"},"url":"https:\/\/www.fvb.cat\/es\/author\/incidencies-fvb\/"}]}},"_links":{"self":[{"href":"https:\/\/www.fvb.cat\/es\/wp-json\/wp\/v2\/posts\/17291"}],"collection":[{"href":"https:\/\/www.fvb.cat\/es\/wp-json\/wp\/v2\/posts"}],"about":[{"href":"https:\/\/www.fvb.cat\/es\/wp-json\/wp\/v2\/types\/post"}],"author":[{"embeddable":true,"href":"https:\/\/www.fvb.cat\/es\/wp-json\/wp\/v2\/users\/33"}],"replies":[{"embeddable":true,"href":"https:\/\/www.fvb.cat\/es\/wp-json\/wp\/v2\/comments?post=17291"}],"version-history":[{"count":1,"href":"https:\/\/www.fvb.cat\/es\/wp-json\/wp\/v2\/posts\/17291\/revisions"}],"predecessor-version":[{"id":17293,"href":"https:\/\/www.fvb.cat\/es\/wp-json\/wp\/v2\/posts\/17291\/revisions\/17293"}],"wp:featuredmedia":[{"embeddable":true,"href":"https:\/\/www.fvb.cat\/es\/wp-json\/wp\/v2\/media\/17292"}],"wp:attachment":[{"href":"https:\/\/www.fvb.cat\/es\/wp-json\/wp\/v2\/media?parent=17291"}],"wp:term":[{"taxonomy":"category","embeddable":true,"href":"https:\/\/www.fvb.cat\/es\/wp-json\/wp\/v2\/categories?post=17291"},{"taxonomy":"post_tag","embeddable":true,"href":"https:\/\/www.fvb.cat\/es\/wp-json\/wp\/v2\/tags?post=17291"}],"curies":[{"name":"wp","href":"https:\/\/api.w.org\/{rel}","templated":true}]}}