{"id":16503,"date":"2024-12-16T10:00:17","date_gmt":"2024-12-16T09:00:17","guid":{"rendered":"https:\/\/www.fvb.cat\/es\/?p=16503"},"modified":"2024-12-30T11:12:09","modified_gmt":"2024-12-30T10:12:09","slug":"mind-over-movies-organitza-una-tarda-cinema-en-benefici-de-la-fvb","status":"publish","type":"post","link":"https:\/\/www.fvb.cat\/es\/cine-beneficio-fvb\/","title":{"rendered":"Mind Over Movies organiza una tarde de cine en beneficio de la FVB"},"content":{"rendered":"El pasado 20 de noviembre, seis estudiantes de Publicidad y Relaciones P\u00fablicas de la Universidad Pompeu Fabra organizaron una tarde de cine al aire libre con el objetivo de recaudar fondos para el Hospital de D\u00eda de Santa Coloma de Gramenet de la Fundaci\u00f3 Vidal i Barraquer.<\/p>\n<p>Recaudaron un total de 125 \u20ac que han dado \u00edntegramente a uno de nuestros centros, el Hospital de D\u00eda de Santa Coloma de Gramenet donde se atiende a adolescentes entre 12 a 18 a\u00f1os con problemas de salud mental que requieren un abordaje intensivo y pluridisciplinar espec\u00edfico que no se puede ofrecer desde una atenci\u00f3n ambulatoria. A inicios de diciembre unos de los integrantes del grupo Mind Over Movies (nombre del grupo de los seis estudiantes de la UPF) visit\u00f3 las instalaciones de la Fundaci\u00f3 Vidal i Barraquer para hacer entrega del donativo que consiguieron con la venta de entradas de la tarde de cine. Hizo la entrega al Dr. Francesc Vilurbina, director general de la FVB y a Noem\u00ed Paniello, coordinadora de los <a href=\"https:\/\/www.fvb.cat\/es\/asistencia-publica\/hospital-de-dia-de-santa-coloma-2\/\">Hospitales de D\u00eda de Badalona y Santa Coloma de Gramenet de la FVB.\u00a0<\/a><\/p>\n<p>&nbsp;<\/p>\n<div id=\"attachment_16505\" style=\"width: 413px\" class=\"wp-caption aligncenter\"><img loading=\"lazy\" decoding=\"async\" aria-describedby=\"caption-attachment-16505\" class=\"wp-image-16505 \" src=\"https:\/\/www.fvb.cat\/wp-content\/uploads\/2024\/12\/IMATGE-DONATIU-A_MINDOVERMOVIES-300x225.jpeg\" alt=\"\" width=\"403\" height=\"302\" srcset=\"https:\/\/www.fvb.cat\/wp-content\/uploads\/2024\/12\/IMATGE-DONATIU-A_MINDOVERMOVIES-300x225.jpeg 300w, https:\/\/www.fvb.cat\/wp-content\/uploads\/2024\/12\/IMATGE-DONATIU-A_MINDOVERMOVIES-1024x768.jpeg 1024w, https:\/\/www.fvb.cat\/wp-content\/uploads\/2024\/12\/IMATGE-DONATIU-A_MINDOVERMOVIES-768x576.jpeg 768w, https:\/\/www.fvb.cat\/wp-content\/uploads\/2024\/12\/IMATGE-DONATIU-A_MINDOVERMOVIES-1536x1152.jpeg 1536w, https:\/\/www.fvb.cat\/wp-content\/uploads\/2024\/12\/IMATGE-DONATIU-A_MINDOVERMOVIES-320x240.jpeg 320w, https:\/\/www.fvb.cat\/wp-content\/uploads\/2024\/12\/IMATGE-DONATIU-A_MINDOVERMOVIES-480x360.jpeg 480w, https:\/\/www.fvb.cat\/wp-content\/uploads\/2024\/12\/IMATGE-DONATIU-A_MINDOVERMOVIES-800x600.jpeg 800w, https:\/\/www.fvb.cat\/wp-content\/uploads\/2024\/12\/IMATGE-DONATIU-A_MINDOVERMOVIES-600x450.jpeg 600w, https:\/\/www.fvb.cat\/wp-content\/uploads\/2024\/12\/IMATGE-DONATIU-A_MINDOVERMOVIES.jpeg 1600w\" sizes=\"(max-width: 403px) 100vw, 403px\" \/><p id=\"caption-attachment-16505\" class=\"wp-caption-text\"><span style=\"color: #999999;\">Uno de los integrantes del grupo Mind Over Movies, hacen entraga del donativo al Dr. Francesc Vilurbina (director general de la FVB) y a Noem\u00ed Paniello (coordinadora de los Hospitales de D\u00eda de Badalona y Santa Coloma de Gramenet)<\/span><\/p><\/div>\n<p>&nbsp;<\/p>\n<p>La pel\u00edcula que se vision\u00f3 en esa tarde de cine fue <a href=\"https:\/\/www.filmaffinity.com\/es\/film206955.html\">WhiPlash<\/a>, un musical de 2014 con diversos premios que explica la historia de un joven m\u00fasico que se esfuerza al m\u00e1ximo para llegar a lo m\u00e1s alto con su carrera musical, mientras que un profesor de orquesta descarga sus frustraciones contra \u00e9l. Este film explora el perfeccionismo, la angustia y muchos otros problemas en salud mental.<\/p>\n<p>&nbsp;<\/p>\n<p style=\"text-align: center;\">Les pod\u00e9is encontrar en su perfil de Instagram @mindovermovies_<\/p>","protected":false},"excerpt":{"rendered":"<p>El pasado 20 de noviembre, seis estudiantes de Publicidad y Relaciones P\u00fablicas&#8230;<\/p>\n","protected":false},"author":33,"featured_media":16504,"comment_status":"closed","ping_status":"closed","sticky":false,"template":"","format":"standard","meta":{"footnotes":""},"categories":[46],"tags":[575],"yoast_head":"<!-- This site is optimized with the Yoast SEO plugin v22.6 - https:\/\/yoast.com\/wordpress\/plugins\/seo\/ -->\n<title>Mind Over Movies organiza una tarde de cine en beneficio de la FVB - Fundaci\u00f3 Vidal i Barraquer<\/title>\n<meta name=\"robots\" content=\"index, follow, max-snippet:-1, max-image-preview:large, max-video-preview:-1\" \/>\n<link rel=\"canonical\" href=\"https:\/\/www.fvb.cat\/es\/?p=16503\" \/>\n<meta property=\"og:locale\" content=\"es_ES\" \/>\n<meta property=\"og:type\" content=\"article\" \/>\n<meta property=\"og:title\" content=\"[:ca]Mind Over Movies organitza una tarda cinema en benefici de la FVB[:es]Mind Over Movies organiza una tarde de cine en beneficio de la FVB[:] - Fundaci\u00f3 Vidal i Barraquer\" \/>\n<meta property=\"og:description\" content=\"El pasado 20 de noviembre, seis estudiantes de Publicidad y Relaciones P\u00fablicas...\" \/>\n<meta property=\"og:url\" content=\"https:\/\/www.fvb.cat\/es\/?p=16503\" \/>\n<meta property=\"og:site_name\" content=\"Fundaci\u00f3 Vidal i Barraquer\" \/>\n<meta property=\"article:published_time\" content=\"2024-12-16T09:00:17+00:00\" \/>\n<meta property=\"article:modified_time\" content=\"2024-12-30T10:12:09+00:00\" \/>\n<meta property=\"og:image\" content=\"https:\/\/www.fvb.cat\/wp-content\/uploads\/2024\/12\/cartell-cinema-a-la-fresca.png\" \/>\n\t<meta property=\"og:image:width\" content=\"873\" \/>\n\t<meta property=\"og:image:height\" content=\"820\" \/>\n\t<meta property=\"og:image:type\" content=\"image\/png\" \/>\n<meta name=\"author\" content=\"Incidencies FVB\" \/>\n<meta name=\"twitter:card\" content=\"summary_large_image\" \/>\n<meta name=\"twitter:label1\" content=\"Escrito por\" \/>\n\t<meta name=\"twitter:data1\" content=\"Incidencies FVB\" \/>\n\t<meta name=\"twitter:label2\" content=\"Tiempo de lectura\" \/>\n\t<meta name=\"twitter:data2\" content=\"2 minutos\" \/>\n<script type=\"application\/ld+json\" class=\"yoast-schema-graph\">{\"@context\":\"https:\/\/schema.org\",\"@graph\":[{\"@type\":\"Article\",\"@id\":\"https:\/\/www.fvb.cat\/es\/?p=16503#article\",\"isPartOf\":{\"@id\":\"https:\/\/www.fvb.cat\/es\/?p=16503\"},\"author\":{\"name\":\"Incidencies FVB\",\"@id\":\"https:\/\/www.fvb.cat\/es\/#\/schema\/person\/83a51a8cdae04bb9ed05ac117cc725eb\"},\"headline\":\"Mind Over Movies organiza una tarde de cine en beneficio de la FVB\",\"datePublished\":\"2024-12-16T09:00:17+00:00\",\"dateModified\":\"2024-12-30T10:12:09+00:00\",\"mainEntityOfPage\":{\"@id\":\"https:\/\/www.fvb.cat\/es\/?p=16503\"},\"wordCount\":644,\"publisher\":{\"@id\":\"https:\/\/www.fvb.cat\/es\/#organization\"},\"image\":{\"@id\":\"https:\/\/www.fvb.cat\/es\/?p=16503#primaryimage\"},\"thumbnailUrl\":\"https:\/\/www.fvb.cat\/wp-content\/uploads\/2024\/12\/cartell-cinema-a-la-fresca.png\",\"keywords\":[\"#donatius\"],\"articleSection\":[\"Internet\"],\"inLanguage\":\"es\"},{\"@type\":\"WebPage\",\"@id\":\"https:\/\/www.fvb.cat\/es\/?p=16503\",\"url\":\"https:\/\/www.fvb.cat\/es\/?p=16503\",\"name\":\"[:ca]Mind Over Movies organitza una tarda cinema en benefici de la FVB[:es]Mind Over Movies organiza una tarde de cine en beneficio de la FVB[:] - Fundaci\u00f3 Vidal i Barraquer\",\"isPartOf\":{\"@id\":\"https:\/\/www.fvb.cat\/es\/#website\"},\"primaryImageOfPage\":{\"@id\":\"https:\/\/www.fvb.cat\/es\/?p=16503#primaryimage\"},\"image\":{\"@id\":\"https:\/\/www.fvb.cat\/es\/?p=16503#primaryimage\"},\"thumbnailUrl\":\"https:\/\/www.fvb.cat\/wp-content\/uploads\/2024\/12\/cartell-cinema-a-la-fresca.png\",\"datePublished\":\"2024-12-16T09:00:17+00:00\",\"dateModified\":\"2024-12-30T10:12:09+00:00\",\"breadcrumb\":{\"@id\":\"https:\/\/www.fvb.cat\/es\/?p=16503#breadcrumb\"},\"inLanguage\":\"es\",\"potentialAction\":[{\"@type\":\"ReadAction\",\"target\":[\"https:\/\/www.fvb.cat\/es\/?p=16503\"]}]},{\"@type\":\"ImageObject\",\"inLanguage\":\"es\",\"@id\":\"https:\/\/www.fvb.cat\/es\/?p=16503#primaryimage\",\"url\":\"https:\/\/www.fvb.cat\/wp-content\/uploads\/2024\/12\/cartell-cinema-a-la-fresca.png\",\"contentUrl\":\"https:\/\/www.fvb.cat\/wp-content\/uploads\/2024\/12\/cartell-cinema-a-la-fresca.png\",\"width\":873,\"height\":820},{\"@type\":\"BreadcrumbList\",\"@id\":\"https:\/\/www.fvb.cat\/es\/?p=16503#breadcrumb\",\"itemListElement\":[{\"@type\":\"ListItem\",\"position\":1,\"name\":\"Inici\",\"item\":\"https:\/\/www.fvb.cat\/es\/\"},{\"@type\":\"ListItem\",\"position\":2,\"name\":\"Mind Over Movies organiza una tarde de cine en beneficio de la FVB\"}]},{\"@type\":\"WebSite\",\"@id\":\"https:\/\/www.fvb.cat\/es\/#website\",\"url\":\"https:\/\/www.fvb.cat\/es\/\",\"name\":\"Fundaci\u00f3 Vidal i Barraquer\",\"description\":\"Asistencia, docencia e investigaci\u00f3n en Salud Mental\",\"publisher\":{\"@id\":\"https:\/\/www.fvb.cat\/es\/#organization\"},\"potentialAction\":[{\"@type\":\"SearchAction\",\"target\":{\"@type\":\"EntryPoint\",\"urlTemplate\":\"https:\/\/www.fvb.cat\/es\/?s={search_term_string}\"},\"query-input\":\"required name=search_term_string\"}],\"inLanguage\":\"es\"},{\"@type\":\"Organization\",\"@id\":\"https:\/\/www.fvb.cat\/es\/#organization\",\"name\":\"Fundaci\u00f3 Vidal i Barraquer\",\"url\":\"https:\/\/www.fvb.cat\/es\/\",\"logo\":{\"@type\":\"ImageObject\",\"inLanguage\":\"es\",\"@id\":\"https:\/\/www.fvb.cat\/es\/#\/schema\/logo\/image\/\",\"url\":\"https:\/\/www.fvb.cat\/wp-content\/uploads\/2024\/05\/logo-vidal-i-barrauqer-60-aniversari.jpg\",\"contentUrl\":\"https:\/\/www.fvb.cat\/wp-content\/uploads\/2024\/05\/logo-vidal-i-barrauqer-60-aniversari.jpg\",\"width\":2125,\"height\":703,\"caption\":\"Fundaci\u00f3 Vidal i Barraquer\"},\"image\":{\"@id\":\"https:\/\/www.fvb.cat\/es\/#\/schema\/logo\/image\/\"}},{\"@type\":\"Person\",\"@id\":\"https:\/\/www.fvb.cat\/es\/#\/schema\/person\/83a51a8cdae04bb9ed05ac117cc725eb\",\"name\":\"Incidencies FVB\",\"image\":{\"@type\":\"ImageObject\",\"inLanguage\":\"es\",\"@id\":\"https:\/\/www.fvb.cat\/es\/#\/schema\/person\/image\/\",\"url\":\"https:\/\/secure.gravatar.com\/avatar\/e273473f44d68622f3c121bdf3d64154?s=96&d=mm&r=g\",\"contentUrl\":\"https:\/\/secure.gravatar.com\/avatar\/e273473f44d68622f3c121bdf3d64154?s=96&d=mm&r=g\",\"caption\":\"Incidencies FVB\"},\"url\":\"https:\/\/www.fvb.cat\/es\/author\/incidencies-fvb\/\"}]}<\/script>\n<!-- \/ Yoast SEO plugin. -->","yoast_head_json":{"title":"[:ca]Mind Over Movies organitza una tarda cinema en benefici de la FVB[:es]Mind Over Movies organiza una tarde de cine en beneficio de la FVB[:] - Fundaci\u00f3 Vidal i Barraquer","robots":{"index":"index","follow":"follow","max-snippet":"max-snippet:-1","max-image-preview":"max-image-preview:large","max-video-preview":"max-video-preview:-1"},"canonical":"https:\/\/www.fvb.cat\/es\/?p=16503","og_locale":"es_ES","og_type":"article","og_title":"[:ca]Mind Over Movies organitza una tarda cinema en benefici de la FVB[:es]Mind Over Movies organiza una tarde de cine en beneficio de la FVB[:] - Fundaci\u00f3 Vidal i Barraquer","og_description":"El pasado 20 de noviembre, seis estudiantes de Publicidad y Relaciones P\u00fablicas...","og_url":"https:\/\/www.fvb.cat\/es\/?p=16503","og_site_name":"Fundaci\u00f3 Vidal i Barraquer","article_published_time":"2024-12-16T09:00:17+00:00","article_modified_time":"2024-12-30T10:12:09+00:00","og_image":[{"width":873,"height":820,"url":"https:\/\/www.fvb.cat\/wp-content\/uploads\/2024\/12\/cartell-cinema-a-la-fresca.png","type":"image\/png"}],"author":"Incidencies FVB","twitter_card":"summary_large_image","twitter_misc":{"Escrito por":"Incidencies FVB","Tiempo de lectura":"2 minutos"},"schema":{"@context":"https:\/\/schema.org","@graph":[{"@type":"Article","@id":"https:\/\/www.fvb.cat\/es\/?p=16503#article","isPartOf":{"@id":"https:\/\/www.fvb.cat\/es\/?p=16503"},"author":{"name":"Incidencies FVB","@id":"https:\/\/www.fvb.cat\/es\/#\/schema\/person\/83a51a8cdae04bb9ed05ac117cc725eb"},"headline":"Mind Over Movies organiza una tarde de cine en beneficio de la FVB","datePublished":"2024-12-16T09:00:17+00:00","dateModified":"2024-12-30T10:12:09+00:00","mainEntityOfPage":{"@id":"https:\/\/www.fvb.cat\/es\/?p=16503"},"wordCount":644,"publisher":{"@id":"https:\/\/www.fvb.cat\/es\/#organization"},"image":{"@id":"https:\/\/www.fvb.cat\/es\/?p=16503#primaryimage"},"thumbnailUrl":"https:\/\/www.fvb.cat\/wp-content\/uploads\/2024\/12\/cartell-cinema-a-la-fresca.png","keywords":["#donatius"],"articleSection":["Internet"],"inLanguage":"es"},{"@type":"WebPage","@id":"https:\/\/www.fvb.cat\/es\/?p=16503","url":"https:\/\/www.fvb.cat\/es\/?p=16503","name":"[:ca]Mind Over Movies organitza una tarda cinema en benefici de la FVB[:es]Mind Over Movies organiza una tarde de cine en beneficio de la FVB[:] - Fundaci\u00f3 Vidal i Barraquer","isPartOf":{"@id":"https:\/\/www.fvb.cat\/es\/#website"},"primaryImageOfPage":{"@id":"https:\/\/www.fvb.cat\/es\/?p=16503#primaryimage"},"image":{"@id":"https:\/\/www.fvb.cat\/es\/?p=16503#primaryimage"},"thumbnailUrl":"https:\/\/www.fvb.cat\/wp-content\/uploads\/2024\/12\/cartell-cinema-a-la-fresca.png","datePublished":"2024-12-16T09:00:17+00:00","dateModified":"2024-12-30T10:12:09+00:00","breadcrumb":{"@id":"https:\/\/www.fvb.cat\/es\/?p=16503#breadcrumb"},"inLanguage":"es","potentialAction":[{"@type":"ReadAction","target":["https:\/\/www.fvb.cat\/es\/?p=16503"]}]},{"@type":"ImageObject","inLanguage":"es","@id":"https:\/\/www.fvb.cat\/es\/?p=16503#primaryimage","url":"https:\/\/www.fvb.cat\/wp-content\/uploads\/2024\/12\/cartell-cinema-a-la-fresca.png","contentUrl":"https:\/\/www.fvb.cat\/wp-content\/uploads\/2024\/12\/cartell-cinema-a-la-fresca.png","width":873,"height":820},{"@type":"BreadcrumbList","@id":"https:\/\/www.fvb.cat\/es\/?p=16503#breadcrumb","itemListElement":[{"@type":"ListItem","position":1,"name":"Inici","item":"https:\/\/www.fvb.cat\/es\/"},{"@type":"ListItem","position":2,"name":"Mind Over Movies organiza una tarde de cine en beneficio de la FVB"}]},{"@type":"WebSite","@id":"https:\/\/www.fvb.cat\/es\/#website","url":"https:\/\/www.fvb.cat\/es\/","name":"Fundaci\u00f3 Vidal i Barraquer","description":"Asistencia, docencia e investigaci\u00f3n en Salud Mental","publisher":{"@id":"https:\/\/www.fvb.cat\/es\/#organization"},"potentialAction":[{"@type":"SearchAction","target":{"@type":"EntryPoint","urlTemplate":"https:\/\/www.fvb.cat\/es\/?s={search_term_string}"},"query-input":"required name=search_term_string"}],"inLanguage":"es"},{"@type":"Organization","@id":"https:\/\/www.fvb.cat\/es\/#organization","name":"Fundaci\u00f3 Vidal i Barraquer","url":"https:\/\/www.fvb.cat\/es\/","logo":{"@type":"ImageObject","inLanguage":"es","@id":"https:\/\/www.fvb.cat\/es\/#\/schema\/logo\/image\/","url":"https:\/\/www.fvb.cat\/wp-content\/uploads\/2024\/05\/logo-vidal-i-barrauqer-60-aniversari.jpg","contentUrl":"https:\/\/www.fvb.cat\/wp-content\/uploads\/2024\/05\/logo-vidal-i-barrauqer-60-aniversari.jpg","width":2125,"height":703,"caption":"Fundaci\u00f3 Vidal i Barraquer"},"image":{"@id":"https:\/\/www.fvb.cat\/es\/#\/schema\/logo\/image\/"}},{"@type":"Person","@id":"https:\/\/www.fvb.cat\/es\/#\/schema\/person\/83a51a8cdae04bb9ed05ac117cc725eb","name":"Incidencies FVB","image":{"@type":"ImageObject","inLanguage":"es","@id":"https:\/\/www.fvb.cat\/es\/#\/schema\/person\/image\/","url":"https:\/\/secure.gravatar.com\/avatar\/e273473f44d68622f3c121bdf3d64154?s=96&d=mm&r=g","contentUrl":"https:\/\/secure.gravatar.com\/avatar\/e273473f44d68622f3c121bdf3d64154?s=96&d=mm&r=g","caption":"Incidencies FVB"},"url":"https:\/\/www.fvb.cat\/es\/author\/incidencies-fvb\/"}]}},"_links":{"self":[{"href":"https:\/\/www.fvb.cat\/es\/wp-json\/wp\/v2\/posts\/16503"}],"collection":[{"href":"https:\/\/www.fvb.cat\/es\/wp-json\/wp\/v2\/posts"}],"about":[{"href":"https:\/\/www.fvb.cat\/es\/wp-json\/wp\/v2\/types\/post"}],"author":[{"embeddable":true,"href":"https:\/\/www.fvb.cat\/es\/wp-json\/wp\/v2\/users\/33"}],"replies":[{"embeddable":true,"href":"https:\/\/www.fvb.cat\/es\/wp-json\/wp\/v2\/comments?post=16503"}],"version-history":[{"count":1,"href":"https:\/\/www.fvb.cat\/es\/wp-json\/wp\/v2\/posts\/16503\/revisions"}],"predecessor-version":[{"id":16506,"href":"https:\/\/www.fvb.cat\/es\/wp-json\/wp\/v2\/posts\/16503\/revisions\/16506"}],"wp:featuredmedia":[{"embeddable":true,"href":"https:\/\/www.fvb.cat\/es\/wp-json\/wp\/v2\/media\/16504"}],"wp:attachment":[{"href":"https:\/\/www.fvb.cat\/es\/wp-json\/wp\/v2\/media?parent=16503"}],"wp:term":[{"taxonomy":"category","embeddable":true,"href":"https:\/\/www.fvb.cat\/es\/wp-json\/wp\/v2\/categories?post=16503"},{"taxonomy":"post_tag","embeddable":true,"href":"https:\/\/www.fvb.cat\/es\/wp-json\/wp\/v2\/tags?post=16503"}],"curies":[{"name":"wp","href":"https:\/\/api.w.org\/{rel}","templated":true}]}}