{"id":16413,"date":"2024-11-29T14:00:29","date_gmt":"2024-11-29T13:00:29","guid":{"rendered":"https:\/\/www.fvb.cat\/es\/?p=16413"},"modified":"2024-11-28T12:25:21","modified_gmt":"2024-11-28T11:25:21","slug":"la-fvb-al-congres-emdr-espanya","status":"publish","type":"post","link":"https:\/\/www.fvb.cat\/es\/espanol-la-fvb-en-el-congreso-emdr-espana\/","title":{"rendered":"La FVB en el Congreso EMDR Espa\u00f1a"},"content":{"rendered":"<section class=\"l-section wpb_row height_medium\"><div class=\"l-section-h i-cf\"><div class=\"g-cols type_default valign_top\"><div class=\"vc_col-sm-12 wpb_column vc_column_container\"><div class=\"vc_column-inner\"><div class=\"wpb_wrapper\"><div class=\"wpb_text_column \"><div class=\"wpb_wrapper\">\n<h2><span style=\"color: #999999;\"><span class=\"TextRun SCXW15100683 BCX8\" lang=\"ES-ES\" xml:lang=\"ES-ES\" data-contrast=\"none\"><span class=\"NormalTextRun SCXW15100683 BCX8\" data-ccp-parastyle=\"Subtitle\">Los d\u00edas 8 y 9 de noviembre se celebr\u00f3 el Congreso Nacional EMDR Espa\u00f1a con el lema <\/span><\/span><em><span class=\"TextRun SCXW15100683 BCX8\" lang=\"ES-ES\" xml:lang=\"ES-ES\" data-contrast=\"none\"><span class=\"NormalTextRun SCXW15100683 BCX8\" data-ccp-parastyle=\"Subtitle\">EMDR: un modelo m\u00e1s all\u00e1 del s\u00edntoma<\/span><\/span><\/em><span class=\"EOP SCXW15100683 BCX8\" data-ccp-props=\"{&quot;335551550&quot;:2,&quot;335551620&quot;:2}\"><br \/>\n<\/span><\/span><\/h2>\n<p><span data-contrast=\"auto\">El pasado 9 de noviembre, Lu\u00eds Eduardo Est\u00e9vez, psic\u00f3logo cl\u00ednico, terapeuta EMDR y coordinador del <a href=\"https:\/\/www.fvb.cat\/es\/asistencia-publica\/ssm-sant-andreu-2\/\">Programa de Colaboraci\u00f3n con la Atenci\u00f3n Primaria de la Fundaci\u00f3n Vidal i Barraquer<\/a>, particip\u00f3 en el <a href=\"https:\/\/eventos-emdr.com\/inicio-congreso-nacional\">Congreso Nacional EMDR Espa\u00f1a<\/a> con la Comunicaci\u00f3n Oral del <\/span><a href=\"https:\/\/www.fvb.cat\/ca\/programa-psicoterapeutica-en-experiencies-vitals-adverses-i-estres-posttraumatic\/\"><i><span data-contrast=\"auto\">Programa de Intervenci\u00f3n Psicoterap\u00e9utica en experiencias vitales adversas y estr\u00e9s postraum\u00e1tico: presentaci\u00f3n del proyecto y resultados preliminares.\u00a0<\/span><\/i><span data-ccp-props=\"{&quot;201341983&quot;:0,&quot;335551550&quot;:6,&quot;335551620&quot;:6,&quot;335559740&quot;:360}\">\u00a0<\/span><\/a><\/p>\n<p><!--more--><\/p>\n<p><span data-contrast=\"auto\">Este programa nace del inter\u00e9s en el tratamiento de trauma de tres profesionales de la Fundaci\u00f3n Vidal i Barraquer (Lu\u00eds Eduardo Est\u00e9vez, Inma Ferrero y Noem\u00ed Figueroa) y sus observaciones a lo largo de su trabajo.\u00a0<\/span><span data-ccp-props=\"{&quot;201341983&quot;:0,&quot;335551550&quot;:6,&quot;335551620&quot;:6,&quot;335559740&quot;:360}\">\u00a0<\/span><\/div> <\/div> <\/div><\/div><\/div><\/div><\/div><\/section><section class=\"l-section wpb_row height_medium\"><div class=\"l-section-h i-cf\"><div class=\"g-cols type_default valign_top\"><div class=\"vc_col-sm-12 wpb_column vc_column_container\"><div class=\"vc_column-inner\"><div class=\"wpb_wrapper\"><div class=\"w-image align_center\"><div class=\"us-frame\"><img loading=\"lazy\" decoding=\"async\" width=\"686\" height=\"527\" src=\"https:\/\/www.fvb.cat\/wp-content\/uploads\/2024\/11\/FOTOGRAFIA-EQUIP_A_LUIS-ESTEVEZ.png\" class=\"attachment-large size-large\" alt=\"Fotografia de l&#039;equip. Noem\u00ed Figueroa, Inma Ferrero i Lu\u00eds Eduardo Est\u00e9vez\" srcset=\"https:\/\/www.fvb.cat\/wp-content\/uploads\/2024\/11\/FOTOGRAFIA-EQUIP_A_LUIS-ESTEVEZ.png 686w, https:\/\/www.fvb.cat\/wp-content\/uploads\/2024\/11\/FOTOGRAFIA-EQUIP_A_LUIS-ESTEVEZ-300x230.png 300w, https:\/\/www.fvb.cat\/wp-content\/uploads\/2024\/11\/FOTOGRAFIA-EQUIP_A_LUIS-ESTEVEZ-320x246.png 320w, https:\/\/www.fvb.cat\/wp-content\/uploads\/2024\/11\/FOTOGRAFIA-EQUIP_A_LUIS-ESTEVEZ-480x369.png 480w, https:\/\/www.fvb.cat\/wp-content\/uploads\/2024\/11\/FOTOGRAFIA-EQUIP_A_LUIS-ESTEVEZ-600x461.png 600w\" sizes=\"(max-width: 686px) 100vw, 686px\" \/><\/div><\/div><\/div><\/div><\/div><\/div><\/div><\/section><section class=\"l-section wpb_row height_medium\"><div class=\"l-section-h i-cf\"><div class=\"g-cols type_default valign_top\"><div class=\"vc_col-sm-12 wpb_column vc_column_container\"><div class=\"vc_column-inner\"><div class=\"wpb_wrapper\"><div class=\"wpb_text_column \"><div class=\"wpb_wrapper\">\n<blockquote>\n<h5 style=\"text-align: center;\"><span style=\"color: #000080;\">\u00abMuchas personas con TEPT pueden pasar desapercibidas para los profesionales de Atenci\u00f3n Primaria\u00bb (Lecruiber, 2014)<\/span><\/h5>\n<\/blockquote>\n<\/div> <\/div> <\/div><\/div><\/div><\/div><\/div><\/section><section class=\"l-section wpb_row height_medium\"><div class=\"l-section-h i-cf\"><div class=\"g-cols type_default valign_top\"><div class=\"vc_col-sm-12 wpb_column vc_column_container\"><div class=\"vc_column-inner\"><div class=\"wpb_wrapper\"><div class=\"wpb_text_column \"><div class=\"wpb_wrapper\"><span class=\"TextRun SCXW158375075 BCX8\" lang=\"ES-ES\" xml:lang=\"ES-ES\" data-contrast=\"auto\"><span class=\"NormalTextRun SCXW158375075 BCX8\" data-ccp-charstyle=\"Intense Emphasis\">Durante este tiempo se han detectado casos con una historia traum\u00e1tica previa donde el estresor reciente est<\/span><span class=\"NormalTextRun SCXW158375075 BCX8\" data-ccp-charstyle=\"Intense Emphasis\">\u00e1<\/span><span class=\"NormalTextRun SCXW158375075 BCX8\" data-ccp-charstyle=\"Intense Emphasis\"> funcionando como desencadenante y la sintomatolog\u00eda es la consecuencia de la actuaci\u00f3n de patrones de respuesta aprendidos de forma impl\u00edcita en el pasado.<\/span><span class=\"NormalTextRun SCXW158375075 BCX8\" data-ccp-charstyle=\"Intense Emphasis\"> Por una parte, nos encontramos con la elevada prevalencia de experiencias adversas o traum\u00e1ticas en las personas que se atienden en las consultas del <a href=\"https:\/\/www.fvb.cat\/es\/asistencia-publica\/ssm-sant-andreu-2\/\">Programa de Colaboraci\u00f3n con la Primaria del CSMA de Sant Andreu (FVB)<\/a>. <\/span><span class=\"NormalTextRun SCXW158375075 BCX8\" data-ccp-charstyle=\"Intense Emphasis\">Por otra parte, se constata que un grupo numeroso de personas que llegan a este servicio (PCP) con diagn\u00f3stico de trastorno adaptativo con sintomatolog\u00eda reactiva a un estresor reciente y aparentemente resistente al abordaje hecho por los equipos de atenci\u00f3n primaria.<\/span><span class=\"NormalTextRun SCXW158375075 BCX8\" data-ccp-charstyle=\"Intense Emphasis\">\u00a0<\/span><\/span><\/div> <\/div> <\/div><\/div><\/div><\/div><\/div><\/section><section class=\"l-section wpb_row height_medium\"><div class=\"l-section-h i-cf\"><div class=\"g-cols type_default valign_top\"><div class=\"vc_col-sm-12 wpb_column vc_column_container\"><div class=\"vc_column-inner\"><div class=\"wpb_wrapper\"><div class=\"wpb_text_column \"><div class=\"wpb_wrapper\">\n<blockquote>\n<h5 style=\"text-align: center;\"><span style=\"color: #000080;\">\u00abLa prevalencia del Trastorno por Estr\u00e9s Postraum\u00e1tico (TEPT) en dispositivos de Atenci\u00f3n Primaria se sit\u00faa en un rango de entre el 2% y hasta el 39,1%, con una media de 12,5%\u00bb (Spottswood et al., 2017)<\/span><\/h5>\n<\/blockquote>\n<\/div> <\/div> <\/div><\/div><\/div><\/div><\/div><\/section><section class=\"l-section wpb_row height_medium\"><div class=\"l-section-h i-cf\"><div class=\"g-cols type_default valign_top\"><div class=\"vc_col-sm-12 wpb_column vc_column_container\"><div class=\"vc_column-inner\"><div class=\"wpb_wrapper\"><div class=\"wpb_text_column \"><div class=\"wpb_wrapper\"><span data-contrast=\"auto\">En el grupo de Trastornos Asociados con el Estr\u00e9s, el agente estresante puede ser desde eventos vitales negativos (trastorno adaptativo) a factores estresantes traum\u00e1ticos de gravedad excepcional (TEPT y TEPT-complejo). Pero los mecanismos podr\u00edan ser comunes.<\/span><span data-ccp-props=\"{&quot;201341983&quot;:0,&quot;335551550&quot;:6,&quot;335551620&quot;:6,&quot;335559740&quot;:360}\">\u00a0<\/span><\/p>\n<p><span data-contrast=\"auto\">Hay numerosos estudios que identifiquen que el trauma psicol\u00f3gico es un factor de riesgo transdiagn\u00f3stico de psicopatolog\u00eda y la regulaci\u00f3n emocional, un factor medidor entre las experiencias traum\u00e1ticas y la psicopatolog\u00eda.\u00a0<\/span><span data-ccp-props=\"{&quot;201341983&quot;:0,&quot;335551550&quot;:6,&quot;335551620&quot;:6,&quot;335559740&quot;:360}\">\u00a0<\/span><\/p>\n<p><span data-contrast=\"auto\">Los modelos de trauma proporcionan un marco conceptual secuenciado en tres fases por su abordaje.<\/span><span data-ccp-props=\"{&quot;201341983&quot;:0,&quot;335551550&quot;:6,&quot;335551620&quot;:6,&quot;335559740&quot;:360}\">\u00a0<\/span><\/p>\n<ol>\n<li data-leveltext=\"%1.\" data-font=\"Calibri\" data-listid=\"1\" data-list-defn-props=\"{&quot;335552541&quot;:0,&quot;335559685&quot;:720,&quot;335559991&quot;:360,&quot;469769242&quot;:&#091;65533,0&#093;,&quot;469777803&quot;:&quot;left&quot;,&quot;469777804&quot;:&quot;%1.&quot;,&quot;469777815&quot;:&quot;hybridMultilevel&quot;}\" aria-setsize=\"-1\" data-aria-posinset=\"1\" data-aria-level=\"1\"><span data-contrast=\"auto\">Estabilizaci\u00f3n y reducci\u00f3n de s\u00edntomas.\u00a0<\/span><span data-ccp-props=\"{&quot;201341983&quot;:0,&quot;335551550&quot;:6,&quot;335551620&quot;:6,&quot;335559740&quot;:360}\">\u00a0<\/span><\/li>\n<\/ol>\n<ol>\n<li data-leveltext=\"%1.\" data-font=\"Calibri\" data-listid=\"1\" data-list-defn-props=\"{&quot;335552541&quot;:0,&quot;335559685&quot;:720,&quot;335559991&quot;:360,&quot;469769242&quot;:&#091;65533,0&#093;,&quot;469777803&quot;:&quot;left&quot;,&quot;469777804&quot;:&quot;%1.&quot;,&quot;469777815&quot;:&quot;hybridMultilevel&quot;}\" aria-setsize=\"-1\" data-aria-posinset=\"2\" data-aria-level=\"1\"><span data-contrast=\"auto\">Tratamiento de los recuerdos traum\u00e1ticos.\u00a0<\/span><span data-ccp-props=\"{&quot;201341983&quot;:0,&quot;335551550&quot;:6,&quot;335551620&quot;:6,&quot;335559740&quot;:360}\">\u00a0<\/span><\/li>\n<\/ol>\n<ol>\n<li data-leveltext=\"%1.\" data-font=\"Calibri\" data-listid=\"1\" data-list-defn-props=\"{&quot;335552541&quot;:0,&quot;335559685&quot;:720,&quot;335559991&quot;:360,&quot;469769242&quot;:&#091;65533,0&#093;,&quot;469777803&quot;:&quot;left&quot;,&quot;469777804&quot;:&quot;%1.&quot;,&quot;469777815&quot;:&quot;hybridMultilevel&quot;}\" aria-setsize=\"-1\" data-aria-posinset=\"3\" data-aria-level=\"1\"><span data-contrast=\"auto\">Integraci\u00f3n y la rehabilitaci\u00f3n.\u00a0<\/span><span data-ccp-props=\"{&quot;201341983&quot;:0,&quot;335551550&quot;:6,&quot;335551620&quot;:6,&quot;335559740&quot;:360}\">\u00a0<\/span><\/li>\n<\/ol>\n<p><span data-contrast=\"auto\">Teniendo en cuenta estas apreciaciones, desde el <a href=\"https:\/\/www.fvb.cat\/es\/asistencia-publica\/ssm-sant-andreu-2\/\">Programa de Colaboraci\u00f3n con la Atenci\u00f3n Primaria<\/a>, se ha dise\u00f1ado un Programa de Intervenci\u00f3n Psicoterap\u00e9utica vertebrada a trav\u00e9s de las tres fases del abordaje del trauma, con intervenciones espec\u00edficas planteadas para cada una de las fases que integran la Psicoterapia de Desensibilizaci\u00f3n y Reprocesamiento a trav\u00e9s de Movimientos Oculares (EMDR) y Psicoterapia Sensoriomotriz, poniendo especial acento en el abordaje grupal como elemento catalizador del cambio.\u00a0<\/span><span data-ccp-props=\"{&quot;201341983&quot;:0,&quot;335551550&quot;:6,&quot;335551620&quot;:6,&quot;335559740&quot;:360}\">\u00a0<\/span><\/p>\n<p><span data-contrast=\"auto\">Estas fases son:\u00a0<\/span><span data-ccp-props=\"{&quot;201341983&quot;:0,&quot;335551550&quot;:6,&quot;335551620&quot;:6,&quot;335559740&quot;:360}\">\u00a0<\/span><\/div> <\/div> <\/div><\/div><\/div><\/div><\/div><\/section><section class=\"l-section wpb_row height_medium\"><div class=\"l-section-h i-cf\"><div class=\"g-cols type_default valign_top\"><div class=\"vc_col-sm-12 wpb_column vc_column_container\"><div class=\"vc_column-inner\"><div class=\"wpb_wrapper\"><div class=\"w-tabs layout_default accordion title_left icon_chevron iconpos_right \"><div class=\"w-tabs-list items_3\"><div class=\"w-tabs-list-h\"><div class=\"w-tabs-item\"><a href=\"#1732779295005-9db675d9-afd2\" class=\"w-tabs-item-h\"><span class=\"w-tabs-item-title\">FASE 1: ESTABILIZACI\u00d3N Y REDUCCI\u00d3N DE S\u00cdNTOMAS<\/span><\/a><\/div>\n<div class=\"w-tabs-item\"><a href=\"#1732779295028-4d7fa1cc-bd4f\" class=\"w-tabs-item-h\"><span class=\"w-tabs-item-title\">FASE 2: TRATAMIENTO DE LAS MEMORIAS TRAUM\u00c1TICAS<\/span><\/a><\/div>\n<div class=\"w-tabs-item\"><a href=\"#1732779390066-05fa4b5c-b84b\" class=\"w-tabs-item-h\"><span class=\"w-tabs-item-title\">FASE 3: INTEGRACI\u00d3N Y LA REHABILITACI\u00d3N<\/span><\/a><\/div>\n<\/div><\/div><div class=\"w-tabs-sections\"><div class=\"w-tabs-sections-h\"><div class=\"w-tabs-section color_custom\" id=\"1732779295005-9db675d9-afd2\" style=\"background-color: #9caebf;\"><a href=\"#1732779295005-9db675d9-afd2\" class=\"w-tabs-section-header\"><div class=\"w-tabs-section-header-h\"><h5 class=\"w-tabs-section-title\">FASE 1: ESTABILIZACI\u00d3N Y REDUCCI\u00d3N DE S\u00cdNTOMAS<\/h5><div class=\"w-tabs-section-control\"><\/div><\/div><\/a><div class=\"w-tabs-section-content\"><div class=\"w-tabs-section-content-h i-cf\"><div class=\"wpb_text_column \"><div class=\"wpb_wrapper\">\n<h5><span style=\"color: #808080;\"><strong>Intervenci\u00f3n:\u00a0<\/strong><\/span><\/h5>\n<p>Psicoterapia Grupal de Estabilizaci\u00f3n y Regulaci\u00f3n Emocional en Experiencias Vitales Adversas y Estr\u00e9s Postraum\u00e1tico<\/p>\n<h5><span style=\"color: #808080;\"><strong>Caracter\u00edsticas:\u00a0<\/strong><\/span><\/h5>\n<p>Psicoterapia Grupal Semiestructurada de 10 sesiones de 90 minutos de duraci\u00f3n con una frecuencia semanal. Esta primera intervenci\u00f3n tiene por objetivos la psicoeducaci\u00f3n con una relaci\u00f3n a las respuestas postraum\u00e1tica; aprender a identificar se\u00f1ales de h\u00edper7hipoactivaci\u00f3n y desarrollar habilidades para la regulaci\u00f3n del Sistema Nervioso Aut\u00f3nomo que permitan ampliar la ventana de tolerancia; facilitar la identificaci\u00f3n de estrategias defensivas y patrones impl\u00edcitos de respuesta; la identificaci\u00f3n de disparadores de presente as\u00ed como las posibles experiencias fuente (dianas de trabajo de reprocesamiento) como los diversos elementos sustitutivos de la experiencia (los tres niveles de procesamiento: som\u00e1tico, emocional y cognitivo) y finalmente iniciar la desensibilizaci\u00f3n y el reprocesamiento de experiencias traum\u00e1ticas.<\/p>\n<p>Este primer grupo lleva implementado desde mayo de 2023, realiz\u00e1ndose seis ediciones hasta mayo de 2024, con la participaci\u00f3n de m\u00e1s de ochenta usuarios. Hasta el momento, hemos tenido una tasa de abandono del 21,4%. Los resultados extra\u00eddos de los cuestionarios utilizados en el\u202fprepost\u202fas\u00ed como los cuestionarios de satisfacci\u00f3n rellenados al final del tratamiento han lanzado resultados prometedores en cuanto a reducciones significativas en la mayor parte de las variables cl\u00ednicas estudiadas (bienestar, funcionamiento, sintomatolog\u00eda, riesgo\u00a0hetero-autol\u00edtico, depresi\u00f3n y gravedad de s\u00edntomas de estr\u00e9s postraum\u00e1tico) y un 87,5% de los usuarios que libraron los cuestionarios\u202fpost tratamiento\u202fmanifestaron estar muy satisfechos\u202fy\/o\u202fcompletamente satisfechos. Un 93,3% ten\u00edan la impresi\u00f3n subjetiva que el tratamiento hab\u00eda hecho que las cosas mejoraran entre algo y mucho.<br \/>\nEstos grupos son\u202fconducidos\u202fen co-terapia por dos de los psic\u00f3logos cl\u00ednicos\u202fdel equipo.<\/div> <\/div> <\/div><\/div><\/div><div class=\"w-tabs-section color_custom\" id=\"1732779295028-4d7fa1cc-bd4f\" style=\"background-color: #9caebf;\"><a href=\"#1732779295028-4d7fa1cc-bd4f\" class=\"w-tabs-section-header\"><div class=\"w-tabs-section-header-h\"><h5 class=\"w-tabs-section-title\">FASE 2: TRATAMIENTO DE LAS MEMORIAS TRAUM\u00c1TICAS<\/h5><div class=\"w-tabs-section-control\"><\/div><\/div><\/a><div class=\"w-tabs-section-content\"><div class=\"w-tabs-section-content-h i-cf\"><div class=\"wpb_text_column \"><div class=\"wpb_wrapper\">\n<h5><span style=\"color: #808080;\"><strong>Intervenci\u00f3n:\u00a0<\/strong><\/span><\/h5>\n<p>Grupo de Reprocesamiento EMDR<\/p>\n<h5><span style=\"color: #808080;\"><strong>Caracter\u00edsticas:\u00a0<\/strong><\/span><\/h5>\n<p>Grupo\u202fsemiabierto\u202fconformado con personas que han participado en el primer grupo, pero precisan una intervenci\u00f3n m\u00e1s personalizada\u202fe\u202fintensiva para lograr una reducci\u00f3n de la sintomatolog\u00eda postraum\u00e1tica m\u00e1s interferente.<\/p>\n<p>Se trata, generalmente de personas que podr\u00edan ser etiquetados de\u202fTEPT-Complejo\u00a0y generalmente con sintomatolog\u00eda disociativa, pero que han podido desarrollar hasta\u202fla aparici\u00f3n\u202fde la sintomatolog\u00eda una vida aparentemente funcional y en la actualidad no presentan sintomatolog\u00eda grave que dificulte su contenci\u00f3n.<\/p>\n<p>Desde el Programa<br \/>\nen este grupo se trabaja una conceptualizaci\u00f3n cooperativa de los casos en la cual las\u202fmismas\u202fpersonas tambi\u00e9n participan, con el fin\u202fde establecer\u202flas dianas de desensibilizaci\u00f3n y reprocesamiento m\u00e1s relevantes. Se llevan a cabo sesiones de\u00a0EMDR\u202fen\u00a0formato grupal con una adaptaci\u00f3n del protocolo de Tratamiento Grupal Integrativo con\u202fEMDR\u202f(*EMDR-*IGTP)\u00a0y se har\u00e1 una evaluaci\u00f3n trimestral\u202fdel estado\u202fde cada participante, para permitir la incorporaci\u00f3n de nuevos participantes cuando se hayan logrado mejoras suficientes.<\/p>\n<p>Este grupo se ha iniciado el mayo de 2024 y se realiza en\u00a0co-terapia\u00a0por\u202fdos profesionales de la Fundaci\u00f3n Vidal y Barraquer.<\/div> <\/div> <\/div><\/div><\/div><div class=\"w-tabs-section color_custom\" id=\"1732779390066-05fa4b5c-b84b\" style=\"background-color: #9caebf;\"><a href=\"#1732779390066-05fa4b5c-b84b\" class=\"w-tabs-section-header\"><div class=\"w-tabs-section-header-h\"><h5 class=\"w-tabs-section-title\">FASE 3: INTEGRACI\u00d3N Y LA REHABILITACI\u00d3N<\/h5><div class=\"w-tabs-section-control\"><\/div><\/div><\/a><div class=\"w-tabs-section-content\"><div class=\"w-tabs-section-content-h i-cf\"><div class=\"wpb_text_column \"><div class=\"wpb_wrapper\">\n<h5><span style=\"color: #808080;\"><strong>Intervenci\u00f3n:\u00a0<\/strong><\/span><\/h5>\n<p>Grupo de apego y trauma relacional<\/p>\n<h5><span style=\"color: #808080;\"><strong>Caracter\u00edsticas:\u00a0<\/strong><\/span><\/h5>\n<p>Grupo terap\u00e9utico liderado por la psic\u00f3loga cl\u00ednica Noem\u00ed\u202fFigueroa, con formaci\u00f3n en grupo an\u00e1lisis. En \u00e9l participan usuarios con presencia de trauma relacional (especialmente: abandono, negligencia o\u202fparentalizaci\u00f3n)\u00a0que pueden haber o no participado en algunos de los grupos previos, pero no presentan s\u00edntomas interferentes de reexperimentaci\u00f3n, evitaci\u00f3n o reactividad psicofisiol\u00f3gica interferentes. El objetivo de este grupo es facilitar la integraci\u00f3n de las experiencias traum\u00e1ticas procesadas a trav\u00e9s de la reflexi\u00f3n grupal\u202fen relaci\u00f3n con\u202fel impacto de estas experiencias en\u202fsu estilo\u202frelacionales en el presente.<\/p>\n<p>Hasta el momento actual se han\u202fllevado\u202fa t\u00e9rmino dos grupos de estas caracter\u00edsticas, uno de los espec\u00edficos para poblaci\u00f3n m\u00e1s joven.<\/p>\n<p>Creemos que las intervenciones planteadas en estas tres l\u00edneas nos permiten ofrecer atenci\u00f3n psicoterap\u00e9utica a un amplio n\u00famero de las demandas de salud mental en los dispositivos de atenci\u00f3n primaria as\u00ed como contener una parte sustancial de derivaciones al\u202fCSMA\u202fofreciendo\u00a0un primer abordaje desde nuestras consultas, dando a la persona una contextualizaci\u00f3n\u00a0psico biogr\u00e1fica\u00a0de su sufrimiento presente as\u00ed como recursos para la estabilizaci\u00f3n sintom\u00e1tica y la integraci\u00f3n de las experiencias pasadas.<\/div> <\/div> <\/div><\/div><\/div><\/div><\/div><\/div><\/div><\/div><\/div><\/div><\/div><\/section><section class=\"l-section wpb_row height_medium\"><div class=\"l-section-h i-cf\"><div class=\"g-cols type_default valign_top\"><div class=\"vc_col-sm-12 wpb_column vc_column_container\"><div class=\"vc_column-inner\"><div class=\"wpb_wrapper\"><div class=\"wpb_text_column \"><div class=\"wpb_wrapper\"><span class=\"TextRun SCXW163801593 BCX8\" lang=\"ES-ES\" xml:lang=\"ES-ES\" data-contrast=\"auto\"><span class=\"NormalTextRun SCXW163801593 BCX8\" data-ccp-charstyle=\"Intense Emphasis\">En su comunicaci\u00f3n oral en el <a href=\"https:\/\/www.emdr-es.org\/\">Congreso Nacional EMDR Espa\u00f1a<\/a>, Luis Eduardo Est\u00e9vez present\u00f3 como conclusi\u00f3n que las intervenciones planteadas permiten ofrecer atenci\u00f3n psicoterap\u00e9utica a un amplio n<\/span><span class=\"NormalTextRun SCXW163801593 BCX8\" data-ccp-charstyle=\"Intense Emphasis\">\u00fa<\/span><span class=\"NormalTextRun SCXW163801593 BCX8\" data-ccp-charstyle=\"Intense Emphasis\">mero de demandas de salud mental en los dispositivos de Atenci\u00f3n Primaria. Ofreciendo<\/span><span class=\"NormalTextRun SCXW163801593 BCX8\" data-ccp-charstyle=\"Intense Emphasis\"> una contextualizaci\u00f3n psico biogr\u00e1fica del sufrimiento presente, as\u00ed como recursos para la estabilizaci\u00f3n sintom\u00e1ticos y la integraci\u00f3n de las experiencias pasadas. Se obtienen resultados prometedores por lo que contempla la eficacia, utilidad y satisfacci\u00f3n.\u00a0<\/span><\/span><span class=\"EOP SCXW163801593 BCX8\" data-ccp-props=\"{&quot;201341983&quot;:0,&quot;335551550&quot;:6,&quot;335551620&quot;:6,&quot;335559740&quot;:360}\">\u00a0<\/span><\/div> <\/div> <\/div><\/div><\/div><\/div><\/div><\/section><section class=\"l-section wpb_row height_medium\"><div class=\"l-section-h i-cf\"><div class=\"g-cols type_default valign_top\"><div class=\"vc_col-sm-12 wpb_column vc_column_container\"><div class=\"vc_column-inner\"><div class=\"wpb_wrapper\"><div class=\"wpb_text_column \"><div class=\"wpb_wrapper\">\n<blockquote>\n<h5 style=\"text-align: center;\"><span style=\"color: #000080;\">\u00abSe observa una elevada comorbilidad entre TEPT y otros problemas de salud\u00bb (Greene et al., 2016)<\/span><\/h5>\n<\/blockquote>\n<\/div> <\/div> <\/div><\/div><\/div><\/div><\/div><\/section><section class=\"l-section wpb_row height_medium\"><div class=\"l-section-h i-cf\"><div class=\"g-cols type_default valign_top\"><div class=\"vc_col-sm-12 wpb_column vc_column_container\"><div class=\"vc_column-inner\"><div class=\"wpb_wrapper\"><div class=\"wpb_text_column \"><div class=\"wpb_wrapper\">\n<h3><strong>Otras Jornadas\u00a0<\/strong><\/h3>\n<p><span data-contrast=\"auto\">Durante este a\u00f1o hemos participado en diferentes Jornadas en que hemos presentado el <a href=\"https:\/\/www.fvb.cat\/ca\/programa-psicoterapeutica-en-experiencies-vitals-adverses-i-estres-posttraumatic\/\">Programa de Intervenci\u00f3n Psicol\u00f3gica en Experiencias Vitales Adversas y Estr\u00e9s Postraum\u00e1tico<\/a>. El 8 y 9 de mayo se expuso a las <\/span><a href=\"https:\/\/www.saludcastillayleon.es\/CHLeon\/es\/actualidad\/x-jornadas-actualizacion-psicologia-clinica-papel-psicologo\"><i><span data-contrast=\"auto\">X Jornadas regionales de Actualizaci\u00f3n en Psicolog\u00eda Cl\u00ednica, el Papel del Psic\u00f3logo Cl\u00ednico en Atenci\u00f3n Primaria del Servicio Castellano Leon\u00e9s de Salud <\/span><\/i><\/a><span data-contrast=\"auto\">celebradas en el Complejo Asistencial Universitario de Le\u00f3n (CAULE).\u00a0<\/span><span data-ccp-props=\"{&quot;201341983&quot;:0,&quot;335551550&quot;:6,&quot;335551620&quot;:6,&quot;335559740&quot;:360}\">\u00a0<\/span><\/p>\n<p><span data-contrast=\"auto\">A finales de mayo tambi\u00e9n participamos en <a href=\"https:\/\/www.anpir.org\/home\/actividades-cientificas\/congresos-anpir\/congreso-anpir-2024\/\">XXIII Congreso Nacional y IV Internacional de la Sociedad Espa\u00f1ola de Psicolog\u00eda Cl\u00ednica<\/a> a C\u00e1diz.\u00a0<\/span><span data-ccp-props=\"{&quot;201341983&quot;:0,&quot;335551550&quot;:6,&quot;335551620&quot;:6,&quot;335559740&quot;:360}\">\u00a0<\/span><\/div> <\/div> <\/div><\/div><\/div><\/div><\/div><\/section><section class=\"l-section wpb_row height_medium\"><div class=\"l-section-h i-cf\"><div class=\"g-cols type_default valign_top\"><div class=\"vc_col-sm-12 wpb_column vc_column_container\"><div class=\"vc_column-inner\"><div class=\"wpb_wrapper\"><div class=\"w-image align_center\"><div class=\"us-frame\"><img loading=\"lazy\" decoding=\"async\" width=\"1024\" height=\"743\" src=\"https:\/\/www.fvb.cat\/wp-content\/uploads\/2024\/11\/INFOGRAFIA-PROYECTO-1024x743.jpg\" class=\"attachment-large size-large\" alt=\"Inforgrafia presentada a un dels congressos que ha participat l&#039;equip\" srcset=\"https:\/\/www.fvb.cat\/wp-content\/uploads\/2024\/11\/INFOGRAFIA-PROYECTO-1024x743.jpg 1024w, https:\/\/www.fvb.cat\/wp-content\/uploads\/2024\/11\/INFOGRAFIA-PROYECTO-300x218.jpg 300w, https:\/\/www.fvb.cat\/wp-content\/uploads\/2024\/11\/INFOGRAFIA-PROYECTO-768x557.jpg 768w, https:\/\/www.fvb.cat\/wp-content\/uploads\/2024\/11\/INFOGRAFIA-PROYECTO-1536x1115.jpg 1536w, https:\/\/www.fvb.cat\/wp-content\/uploads\/2024\/11\/INFOGRAFIA-PROYECTO-2048x1486.jpg 2048w, https:\/\/www.fvb.cat\/wp-content\/uploads\/2024\/11\/INFOGRAFIA-PROYECTO-320x232.jpg 320w, https:\/\/www.fvb.cat\/wp-content\/uploads\/2024\/11\/INFOGRAFIA-PROYECTO-480x348.jpg 480w, https:\/\/www.fvb.cat\/wp-content\/uploads\/2024\/11\/INFOGRAFIA-PROYECTO-800x581.jpg 800w, https:\/\/www.fvb.cat\/wp-content\/uploads\/2024\/11\/INFOGRAFIA-PROYECTO-600x435.jpg 600w\" sizes=\"(max-width: 1024px) 100vw, 1024px\" \/><\/div><\/div><\/div><\/div><\/div><\/div><\/div><\/section><section class=\"l-section wpb_row height_medium\"><div class=\"l-section-h i-cf\"><div class=\"g-cols type_default valign_top\"><div class=\"vc_col-sm-12 wpb_column vc_column_container\"><div class=\"vc_column-inner\"><div class=\"wpb_wrapper\"><div class=\"wpb_text_column \"><div class=\"wpb_wrapper\"><span class=\"TextRun SCXW200751906 BCX8\" lang=\"ES-ES\" xml:lang=\"ES-ES\" data-contrast=\"auto\"><span class=\"NormalTextRun SCXW200751906 BCX8\">En el 2023 se particip\u00f3 en las XXIV Jornadas de la Asociaci\u00f3n de Psicoterapia Anal\u00edtica Grupal en Sitges, con el lema \u2018Tiempos inciertos, vidas inestables. La importancia de lo grupal\u2019.\u00a0<\/span><\/span><span class=\"EOP SCXW200751906 BCX8\" data-ccp-props=\"{&quot;201341983&quot;:0,&quot;335551550&quot;:6,&quot;335551620&quot;:6,&quot;335559740&quot;:360}\">\u00a0<\/span><\/div> <\/div> <\/div><\/div><\/div><\/div><\/div><\/section><section class=\"l-section wpb_row height_medium\"><div class=\"l-section-h i-cf\"><div class=\"g-cols type_default valign_top\"><div class=\"vc_col-sm-6 wpb_column vc_column_container\"><div class=\"vc_column-inner\"><div class=\"wpb_wrapper\"><div class=\"wpb_text_column \"><div class=\"wpb_wrapper\">\n<h2><strong>\u00bfQu\u00e9 es la EMDR?<\/strong><\/h2>\n<\/div> <\/div> <div class=\"w-tabs layout_default accordion title_left icon_chevron iconpos_right \"><div class=\"w-tabs-list items_1\"><div class=\"w-tabs-list-h\"><div class=\"w-tabs-item\"><a href=\"#1732779973675-a63ffbbc-caf4\" class=\"w-tabs-item-h\"><span class=\"w-tabs-item-title\">\u00bfQU\u00c9 ES LA EMDR?<\/span><\/a><\/div>\n<\/div><\/div><div class=\"w-tabs-sections\"><div class=\"w-tabs-sections-h\"><div class=\"w-tabs-section\" id=\"1732779973675-a63ffbbc-caf4\"><a href=\"#1732779973675-a63ffbbc-caf4\" class=\"w-tabs-section-header\"><div class=\"w-tabs-section-header-h\"><h5 class=\"w-tabs-section-title\">\u00bfQU\u00c9 ES LA EMDR?<\/h5><div class=\"w-tabs-section-control\"><\/div><\/div><\/a><div class=\"w-tabs-section-content\"><div class=\"w-tabs-section-content-h i-cf\"><div class=\"wpb_text_column \"><div class=\"wpb_wrapper\"><span data-contrast=\"auto\"><a href=\"https:\/\/www.emdr-es.org\/\">La Terapia de Desensibilizaci\u00f3n y Reprocesamiento por Movimientos Oculares (EMDR)<\/a> es un m\u00e9todo de psicoterapia efectivo y ampliamente investigado. Ha demostrado ayudar a las personas a recuperarse de un trauma y otras experiencias angustiosas asociadas a problemas de salud mental como el estr\u00e9s postraum\u00e1tico (TEPT), la ansiedad, la depresi\u00f3n y muchas otras patolog\u00edas.\u00a0<\/span><span data-ccp-props=\"{&quot;201341983&quot;:0,&quot;335551550&quot;:6,&quot;335551620&quot;:6,&quot;335559740&quot;:360}\">\u00a0<\/span><\/p>\n<p><span data-contrast=\"auto\">Tanto la EMDR como las terapias de tipo cognitivo conductual (TCC) han mostrado altos niveles de evidencia para el tratamiento de los recuerdos traum\u00e1ticos. A diferencia de estas psicoterapias, EMDR no requiere que la persona usuaria hable en detalle del problema o que lleve a cabo tareas entre sesiones. Por ejemplo, a la terapia de exposici\u00f3n se busca que la persona est\u00e9 en contacto con las emociones que le genera el recuerdo sin evitarlo, hasta que se produce progresivamente un proceso de habituaci\u00f3n, reduciendo el malestar.<\/span><span data-ccp-props=\"{&quot;201341983&quot;:0,&quot;335551550&quot;:6,&quot;335551620&quot;:6,&quot;335559740&quot;:360}\">\u00a0<\/span><\/p>\n<p><span data-contrast=\"auto\">En terapia EMDR, la persona contactar\u00e1 muy brevemente con el recuerdo, para dejarle paso a un proceso asociativo con otros recuerdos, sensaciones o pensamientos. Por lo tanto, hay una disminuci\u00f3n del malestar (desensibilizaci\u00f3n), pero se pone en marcha, tambi\u00e9n, un proceso de m\u00faltiples asociaciones (reprocesamiento). Las dos terapias son efectivas, pero operan a trav\u00e9s de mecanismos diferentes.\u00a0<\/span><span data-ccp-props=\"{&quot;201341983&quot;:0,&quot;335551550&quot;:6,&quot;335551620&quot;:6,&quot;335559740&quot;:360}\">\u00a0<\/span><\/p>\n<p><span data-contrast=\"auto\">Para trabajar con EMDR es importante, no solo tratar la memoria espec\u00edfica que est\u00e1 bloqueada, sino las conexiones entre esta experiencia y situaciones previas, que pueden compartir los mismos pensamientos o sensaciones asociadas. Un terapeuta EMDR trabajar\u00e1 con el usuario\/a en comprender las ra\u00edces de las experiencias traum\u00e1ticas, y en elaborar un plan de trabajo global para eliminar su influencia al presente.\u00a0<\/span><span data-ccp-props=\"{&quot;201341983&quot;:0,&quot;335551550&quot;:6,&quot;335551620&quot;:6,&quot;335559740&quot;:360}\">\u00a0<\/span><\/p>\n<p><span data-contrast=\"auto\">La idea central del modelo EMDR, denominado Modelo de Procesamiento Adaptativo de Informaci\u00f3n (PAI), es que el sistema nervioso tiene mecanismos para procesar e integrar todo lo que nos va sucediendo, incluyendo las experiencias dif\u00edciles o estresantes.\u00a0<\/span><span data-ccp-props=\"{&quot;201341983&quot;:0,&quot;335551550&quot;:6,&quot;335551620&quot;:6,&quot;335559740&quot;:360}\">\u00a0<\/span><\/p>\n<p><span data-contrast=\"auto\">A veces, cuando estas experiencias son m\u00e1s intensas o complejas para la persona, el sistema se bloquea y el recuerdo permanente almacenado sin elaborar, con las mismas percepciones, pensamientos, emociones y sensaciones. Estos recuerdos no procesados no son fuente de aprendizaje, sino que pueden dar lugar a problemas y s\u00edntomas en el presente, cuando alguna cosa que sucede se conecta con estas experiencias. La terapia EMDR ha definido procedimientos para acceder y desbloquear estos recuerdos, y dejar as\u00ed que el sistema nervioso pueda, finalmente, integrarles.\u00a0<\/span><span data-ccp-props=\"{&quot;201341983&quot;:0,&quot;335551550&quot;:6,&quot;335551620&quot;:6,&quot;335559740&quot;:360}\">\u00a0<\/span><\/p>\n<p><span data-contrast=\"auto\">Dentro de estos procedimientos, uno de los elementos que se hacen servir es el movimiento ocular u otras formas de estimulaci\u00f3n bilateral del cerebro (t\u00e1ctil, auditiva).\u00a0<\/span><span data-ccp-props=\"{&quot;201341983&quot;:0,&quot;335551550&quot;:6,&quot;335551620&quot;:6,&quot;335559740&quot;:360}\">\u00a0<\/span><\/p>\n<p><span data-contrast=\"auto\">Aunque los movimientos oculares han dado nombre a la terapia, es importante tener en cuenta que este elemento por s\u00ed mismo no constituye un abordaje terap\u00e9utico, y su uso aislado no es recomendable.\u00a0<\/span><span data-ccp-props=\"{&quot;201341983&quot;:0,&quot;335551550&quot;:6,&quot;335551620&quot;:6,&quot;335559740&quot;:360}\">\u00a0<\/span><\/div> <\/div> <\/div><\/div><\/div><\/div><\/div><\/div><\/div><\/div><\/div><div class=\"vc_col-sm-6 wpb_column vc_column_container\"><div class=\"vc_column-inner\"><div class=\"wpb_wrapper\"><div class=\"wpb_text_column \"><div class=\"wpb_wrapper\">\n<h2><strong>\u00bfQui\u00e9n puede beneficiarse?<\/strong><\/h2>\n<\/div> <\/div> <div class=\"w-tabs layout_default accordion title_left icon_chevron iconpos_right \"><div class=\"w-tabs-list items_1\"><div class=\"w-tabs-list-h\"><div class=\"w-tabs-item\"><a href=\"#1732779998938-b17a2541-6a3b\" class=\"w-tabs-item-h\"><span class=\"w-tabs-item-title\">\u00bfQUIEN PUEDE BENEFICIARSE?<\/span><\/a><\/div>\n<\/div><\/div><div class=\"w-tabs-sections\"><div class=\"w-tabs-sections-h\"><div class=\"w-tabs-section\" id=\"1732779998938-b17a2541-6a3b\"><a href=\"#1732779998938-b17a2541-6a3b\" class=\"w-tabs-section-header\"><div class=\"w-tabs-section-header-h\"><h5 class=\"w-tabs-section-title\">\u00bfQUIEN PUEDE BENEFICIARSE?<\/h5><div class=\"w-tabs-section-control\"><\/div><\/div><\/a><div class=\"w-tabs-section-content\"><div class=\"w-tabs-section-content-h i-cf\"><div class=\"wpb_text_column \"><div class=\"wpb_wrapper\"><span data-contrast=\"auto\">La <a href=\"https:\/\/www.emdr-es.org\/\">terapia EMDR<\/a> ayuda a ni\u00f1os, beb\u00e9s y adultos de todas las edades. Los terapeutas usan la terapia EMDR para abordar una amplia gama de problemas.\u00a0<\/span><span data-ccp-props=\"{&quot;201341983&quot;:0,&quot;335551550&quot;:6,&quot;335551620&quot;:6,&quot;335559740&quot;:360}\">\u00a0<\/span><\/p>\n<ul>\n<li data-leveltext=\"-\" data-font=\"Calibri\" data-listid=\"3\" data-list-defn-props=\"{&quot;335551671&quot;:0,&quot;335552541&quot;:1,&quot;335559685&quot;:720,&quot;335559991&quot;:360,&quot;469769226&quot;:&quot;Calibri&quot;,&quot;469769242&quot;:&#091;8226&#093;,&quot;469777803&quot;:&quot;left&quot;,&quot;469777804&quot;:&quot;-&quot;,&quot;469777815&quot;:&quot;hybridMultilevel&quot;}\" aria-setsize=\"-1\" data-aria-posinset=\"0\" data-aria-level=\"1\"><span data-contrast=\"auto\">TEPT y otros problemas relacionados con el trauma como el estr\u00e9s.\u00a0<\/span><span data-ccp-props=\"{&quot;201341983&quot;:0,&quot;335551550&quot;:6,&quot;335551620&quot;:6,&quot;335559740&quot;:360}\">\u00a0<\/span><\/li>\n<\/ul>\n<ul>\n<li data-leveltext=\"-\" data-font=\"Calibri\" data-listid=\"3\" data-list-defn-props=\"{&quot;335551671&quot;:0,&quot;335552541&quot;:1,&quot;335559685&quot;:720,&quot;335559991&quot;:360,&quot;469769226&quot;:&quot;Calibri&quot;,&quot;469769242&quot;:&#091;8226&#093;,&quot;469777803&quot;:&quot;left&quot;,&quot;469777804&quot;:&quot;-&quot;,&quot;469777815&quot;:&quot;hybridMultilevel&quot;}\" aria-setsize=\"-1\" data-aria-posinset=\"1\" data-aria-level=\"1\"><span data-contrast=\"auto\">Ansiedad, ataques de p\u00e1nico o fobias.\u00a0<\/span><span data-ccp-props=\"{&quot;201341983&quot;:0,&quot;335551550&quot;:6,&quot;335551620&quot;:6,&quot;335559740&quot;:360}\">\u00a0<\/span><\/li>\n<\/ul>\n<ul>\n<li data-leveltext=\"-\" data-font=\"Calibri\" data-listid=\"3\" data-list-defn-props=\"{&quot;335551671&quot;:0,&quot;335552541&quot;:1,&quot;335559685&quot;:720,&quot;335559991&quot;:360,&quot;469769226&quot;:&quot;Calibri&quot;,&quot;469769242&quot;:&#091;8226&#093;,&quot;469777803&quot;:&quot;left&quot;,&quot;469777804&quot;:&quot;-&quot;,&quot;469777815&quot;:&quot;hybridMultilevel&quot;}\" aria-setsize=\"-1\" data-aria-posinset=\"2\" data-aria-level=\"1\"><span data-contrast=\"auto\">Enfermedades cr\u00f3nicas y problemas m\u00e9dicos.\u00a0<\/span><span data-ccp-props=\"{&quot;201341983&quot;:0,&quot;335551550&quot;:6,&quot;335551620&quot;:6,&quot;335559740&quot;:360}\">\u00a0<\/span><\/li>\n<\/ul>\n<ul>\n<li data-leveltext=\"-\" data-font=\"Calibri\" data-listid=\"3\" data-list-defn-props=\"{&quot;335551671&quot;:0,&quot;335552541&quot;:1,&quot;335559685&quot;:720,&quot;335559991&quot;:360,&quot;469769226&quot;:&quot;Calibri&quot;,&quot;469769242&quot;:&#091;8226&#093;,&quot;469777803&quot;:&quot;left&quot;,&quot;469777804&quot;:&quot;-&quot;,&quot;469777815&quot;:&quot;hybridMultilevel&quot;}\" aria-setsize=\"-1\" data-aria-posinset=\"3\" data-aria-level=\"1\"><span data-contrast=\"auto\">Depresi\u00f3n.\u00a0<\/span><span data-ccp-props=\"{&quot;201341983&quot;:0,&quot;335551550&quot;:6,&quot;335551620&quot;:6,&quot;335559740&quot;:360}\">\u00a0<\/span><\/li>\n<\/ul>\n<ul>\n<li data-leveltext=\"-\" data-font=\"Calibri\" data-listid=\"3\" data-list-defn-props=\"{&quot;335551671&quot;:0,&quot;335552541&quot;:1,&quot;335559685&quot;:720,&quot;335559991&quot;:360,&quot;469769226&quot;:&quot;Calibri&quot;,&quot;469769242&quot;:&#091;8226&#093;,&quot;469777803&quot;:&quot;left&quot;,&quot;469777804&quot;:&quot;-&quot;,&quot;469777815&quot;:&quot;hybridMultilevel&quot;}\" aria-setsize=\"-1\" data-aria-posinset=\"4\" data-aria-level=\"1\"><span data-contrast=\"auto\">Trastornos bipolares y psic\u00f3ticos.\u00a0<\/span><span data-ccp-props=\"{&quot;201341983&quot;:0,&quot;335551550&quot;:6,&quot;335551620&quot;:6,&quot;335559740&quot;:360}\">\u00a0<\/span><\/li>\n<\/ul>\n<ul>\n<li data-leveltext=\"-\" data-font=\"Calibri\" data-listid=\"3\" data-list-defn-props=\"{&quot;335551671&quot;:0,&quot;335552541&quot;:1,&quot;335559685&quot;:720,&quot;335559991&quot;:360,&quot;469769226&quot;:&quot;Calibri&quot;,&quot;469769242&quot;:&#091;8226&#093;,&quot;469777803&quot;:&quot;left&quot;,&quot;469777804&quot;:&quot;-&quot;,&quot;469777815&quot;:&quot;hybridMultilevel&quot;}\" aria-setsize=\"-1\" data-aria-posinset=\"5\" data-aria-level=\"1\"><span data-contrast=\"auto\">Trastornos disociativos.\u00a0<\/span><span data-ccp-props=\"{&quot;201341983&quot;:0,&quot;335551550&quot;:6,&quot;335551620&quot;:6,&quot;335559740&quot;:360}\">\u00a0<\/span><\/li>\n<\/ul>\n<ul>\n<li data-leveltext=\"-\" data-font=\"Calibri\" data-listid=\"3\" data-list-defn-props=\"{&quot;335551671&quot;:0,&quot;335552541&quot;:1,&quot;335559685&quot;:720,&quot;335559991&quot;:360,&quot;469769226&quot;:&quot;Calibri&quot;,&quot;469769242&quot;:&#091;8226&#093;,&quot;469777803&quot;:&quot;left&quot;,&quot;469777804&quot;:&quot;-&quot;,&quot;469777815&quot;:&quot;hybridMultilevel&quot;}\" aria-setsize=\"-1\" data-aria-posinset=\"6\" data-aria-level=\"1\"><span data-contrast=\"auto\">Trastornos alimentarios.\u00a0<\/span><span data-ccp-props=\"{&quot;201341983&quot;:0,&quot;335551550&quot;:6,&quot;335551620&quot;:6,&quot;335559740&quot;:360}\">\u00a0<\/span><\/li>\n<\/ul>\n<ul>\n<li data-leveltext=\"-\" data-font=\"Calibri\" data-listid=\"3\" data-list-defn-props=\"{&quot;335551671&quot;:0,&quot;335552541&quot;:1,&quot;335559685&quot;:720,&quot;335559991&quot;:360,&quot;469769226&quot;:&quot;Calibri&quot;,&quot;469769242&quot;:&#091;8226&#093;,&quot;469777803&quot;:&quot;left&quot;,&quot;469777804&quot;:&quot;-&quot;,&quot;469777815&quot;:&quot;hybridMultilevel&quot;}\" aria-setsize=\"-1\" data-aria-posinset=\"7\" data-aria-level=\"1\"><span data-contrast=\"auto\">Duelos y perdidas.\u00a0<\/span><span data-ccp-props=\"{&quot;201341983&quot;:0,&quot;335551550&quot;:6,&quot;335551620&quot;:6,&quot;335559740&quot;:360}\">\u00a0<\/span><\/li>\n<\/ul>\n<ul>\n<li data-leveltext=\"-\" data-font=\"Calibri\" data-listid=\"3\" data-list-defn-props=\"{&quot;335551671&quot;:0,&quot;335552541&quot;:1,&quot;335559685&quot;:720,&quot;335559991&quot;:360,&quot;469769226&quot;:&quot;Calibri&quot;,&quot;469769242&quot;:&#091;8226&#093;,&quot;469777803&quot;:&quot;left&quot;,&quot;469777804&quot;:&quot;-&quot;,&quot;469777815&quot;:&quot;hybridMultilevel&quot;}\" aria-setsize=\"-1\" data-aria-posinset=\"8\" data-aria-level=\"1\"><span data-contrast=\"auto\">Dolor.\u00a0<\/span><span data-ccp-props=\"{&quot;201341983&quot;:0,&quot;335551550&quot;:6,&quot;335551620&quot;:6,&quot;335559740&quot;:360}\">\u00a0<\/span><\/li>\n<\/ul>\n<ul>\n<li data-leveltext=\"-\" data-font=\"Calibri\" data-listid=\"3\" data-list-defn-props=\"{&quot;335551671&quot;:0,&quot;335552541&quot;:1,&quot;335559685&quot;:720,&quot;335559991&quot;:360,&quot;469769226&quot;:&quot;Calibri&quot;,&quot;469769242&quot;:&#091;8226&#093;,&quot;469777803&quot;:&quot;left&quot;,&quot;469777804&quot;:&quot;-&quot;,&quot;469777815&quot;:&quot;hybridMultilevel&quot;}\" aria-setsize=\"-1\" data-aria-posinset=\"9\" data-aria-level=\"1\"><span data-contrast=\"auto\">Ansiedad por el rendimiento.\u00a0<\/span><span data-ccp-props=\"{&quot;201341983&quot;:0,&quot;335551550&quot;:6,&quot;335551620&quot;:6,&quot;335559740&quot;:360}\">\u00a0<\/span><\/li>\n<\/ul>\n<ul>\n<li data-leveltext=\"-\" data-font=\"Calibri\" data-listid=\"3\" data-list-defn-props=\"{&quot;335551671&quot;:0,&quot;335552541&quot;:1,&quot;335559685&quot;:720,&quot;335559991&quot;:360,&quot;469769226&quot;:&quot;Calibri&quot;,&quot;469769242&quot;:&#091;8226&#093;,&quot;469777803&quot;:&quot;left&quot;,&quot;469777804&quot;:&quot;-&quot;,&quot;469777815&quot;:&quot;hybridMultilevel&quot;}\" aria-setsize=\"-1\" data-aria-posinset=\"10\" data-aria-level=\"1\"><span data-contrast=\"auto\">Trastornos de personalidad.\u00a0<\/span><span data-ccp-props=\"{&quot;201341983&quot;:0,&quot;335551550&quot;:6,&quot;335551620&quot;:6,&quot;335559740&quot;:360}\">\u00a0<\/span><\/li>\n<\/ul>\n<ul>\n<li data-leveltext=\"-\" data-font=\"Calibri\" data-listid=\"3\" data-list-defn-props=\"{&quot;335551671&quot;:0,&quot;335552541&quot;:1,&quot;335559685&quot;:720,&quot;335559991&quot;:360,&quot;469769226&quot;:&quot;Calibri&quot;,&quot;469769242&quot;:&#091;8226&#093;,&quot;469777803&quot;:&quot;left&quot;,&quot;469777804&quot;:&quot;-&quot;,&quot;469777815&quot;:&quot;hybridMultilevel&quot;}\" aria-setsize=\"-1\" data-aria-posinset=\"11\" data-aria-level=\"1\"><span data-contrast=\"auto\">Violencia y abuso f\u00edsicos, sexual y emocional.\u00a0<\/span><span data-ccp-props=\"{&quot;201341983&quot;:0,&quot;335551550&quot;:6,&quot;335551620&quot;:6,&quot;335559740&quot;:360}\">\u00a0<\/span><\/li>\n<\/ul>\n<ul>\n<li data-leveltext=\"-\" data-font=\"Calibri\" data-listid=\"3\" data-list-defn-props=\"{&quot;335551671&quot;:0,&quot;335552541&quot;:1,&quot;335559685&quot;:720,&quot;335559991&quot;:360,&quot;469769226&quot;:&quot;Calibri&quot;,&quot;469769242&quot;:&#091;8226&#093;,&quot;469777803&quot;:&quot;left&quot;,&quot;469777804&quot;:&quot;-&quot;,&quot;469777815&quot;:&quot;hybridMultilevel&quot;}\" aria-setsize=\"-1\" data-aria-posinset=\"12\" data-aria-level=\"1\"><span data-contrast=\"auto\">Trastornos del sue\u00f1o.\u00a0<\/span><span data-ccp-props=\"{&quot;201341983&quot;:0,&quot;335551550&quot;:6,&quot;335551620&quot;:6,&quot;335559740&quot;:360}\">\u00a0<\/span><\/li>\n<\/ul>\n<ul>\n<li data-leveltext=\"-\" data-font=\"Calibri\" data-listid=\"3\" data-list-defn-props=\"{&quot;335551671&quot;:0,&quot;335552541&quot;:1,&quot;335559685&quot;:720,&quot;335559991&quot;:360,&quot;469769226&quot;:&quot;Calibri&quot;,&quot;469769242&quot;:&#091;8226&#093;,&quot;469777803&quot;:&quot;left&quot;,&quot;469777804&quot;:&quot;-&quot;,&quot;469777815&quot;:&quot;hybridMultilevel&quot;}\" aria-setsize=\"-1\" data-aria-posinset=\"13\" data-aria-level=\"1\"><span data-contrast=\"auto\">Abuso de sustancias y adicci\u00f3n.\u00a0<\/span><span data-ccp-props=\"{&quot;201341983&quot;:0,&quot;335551550&quot;:6,&quot;335551620&quot;:6,&quot;335559740&quot;:360}\">\u00a0<\/span><\/li>\n<\/ul>\n<ul>\n<li data-leveltext=\"-\" data-font=\"Calibri\" data-listid=\"3\" data-list-defn-props=\"{&quot;335551671&quot;:0,&quot;335552541&quot;:1,&quot;335559685&quot;:720,&quot;335559991&quot;:360,&quot;469769226&quot;:&quot;Calibri&quot;,&quot;469769242&quot;:&#091;8226&#093;,&quot;469777803&quot;:&quot;left&quot;,&quot;469777804&quot;:&quot;-&quot;,&quot;469777815&quot;:&quot;hybridMultilevel&quot;}\" aria-setsize=\"-1\" data-aria-posinset=\"14\" data-aria-level=\"1\"><span data-contrast=\"auto\">Violencia y abuso.\u00a0<\/span><span data-ccp-props=\"{&quot;201341983&quot;:0,&quot;335551550&quot;:6,&quot;335551620&quot;:6,&quot;335559740&quot;:360}\">\u00a0<\/span><\/li>\n<\/ul>\n<p><span data-contrast=\"auto\">El enfoque del EMDR, en todo caso, no est\u00e1 centrado en el diagn\u00f3stico sino en la base de cada trastorno, en un grado o en otro, est\u00e1 influenciada por el ambiente en el que la persona se ha desarrollado y se ha relacionado. A\u00fan, algunas patolog\u00edas tienen importantes componentes gen\u00e9ticos, socioculturales o t\u00f3xicos, EMDR trabaja sobre las circunstancias vitales no procesadas que contribuyen a los problemas actuales.\u00a0<\/span><span data-ccp-props=\"{&quot;201341983&quot;:0,&quot;335551550&quot;:6,&quot;335551620&quot;:6,&quot;335559740&quot;:360}\">\u00a0<\/span><\/div> <\/div> <\/div><\/div><\/div><\/div><\/div><\/div><\/div><\/div><\/div><\/div><\/div><\/section>","protected":false},"excerpt":{"rendered":"<p>Disculpa, pero esta entrada est\u00e1 disponible s\u00f3lo en Catal\u00e0. For the sake&#8230;<\/p>\n","protected":false},"author":33,"featured_media":16421,"comment_status":"closed","ping_status":"closed","sticky":false,"template":"","format":"standard","meta":{"footnotes":""},"categories":[56,1],"tags":[570,572,567,569,568,571,573],"yoast_head":"<!-- This site is optimized with the Yoast SEO plugin v22.6 - https:\/\/yoast.com\/wordpress\/plugins\/seo\/ -->\n<title>La FVB en el Congreso EMDR Espa\u00f1a<\/title>\n<meta name=\"description\" content=\"El 9 de noviembre, la FVB estuvo presente en el Congreso Nacional EMDR Espa\u00f1a con una Comunicaci\u00f3n Oral con uno de los proyectos del PCP.\" \/>\n<meta name=\"robots\" content=\"index, follow, max-snippet:-1, max-image-preview:large, max-video-preview:-1\" \/>\n<link rel=\"canonical\" href=\"https:\/\/www.fvb.cat\/ca\/la-fvb-al-congres-emdr-espanya\/\" \/>\n<meta property=\"og:locale\" content=\"es_ES\" \/>\n<meta property=\"og:type\" content=\"article\" \/>\n<meta property=\"og:title\" content=\"La FVB en el Congreso EMDR Espa\u00f1a\" \/>\n<meta property=\"og:description\" content=\"El 9 de noviembre, la FVB estuvo presente en el Congreso Nacional EMDR Espa\u00f1a con una Comunicaci\u00f3n Oral con uno de los proyectos del PCP.\" \/>\n<meta property=\"og:url\" content=\"https:\/\/www.fvb.cat\/ca\/la-fvb-al-congres-emdr-espanya\/\" \/>\n<meta property=\"og:site_name\" content=\"Fundaci\u00f3 Vidal i Barraquer\" \/>\n<meta property=\"article:published_time\" content=\"2024-11-29T13:00:29+00:00\" \/>\n<meta property=\"article:modified_time\" content=\"2024-11-28T11:25:21+00:00\" \/>\n<meta property=\"og:image\" content=\"https:\/\/www.fvb.cat\/wp-content\/uploads\/2024\/11\/IMG1EMDR-1.jpg\" \/>\n\t<meta property=\"og:image:width\" content=\"1200\" \/>\n\t<meta property=\"og:image:height\" content=\"1600\" \/>\n\t<meta property=\"og:image:type\" content=\"image\/jpeg\" \/>\n<meta name=\"author\" content=\"Incidencies FVB\" \/>\n<meta name=\"twitter:card\" content=\"summary_large_image\" \/>\n<meta name=\"twitter:label1\" content=\"Escrito por\" \/>\n\t<meta name=\"twitter:data1\" content=\"Incidencies FVB\" \/>\n\t<meta name=\"twitter:label2\" content=\"Tiempo de lectura\" \/>\n\t<meta name=\"twitter:data2\" content=\"9 minutos\" \/>\n<script type=\"application\/ld+json\" class=\"yoast-schema-graph\">{\"@context\":\"https:\/\/schema.org\",\"@graph\":[{\"@type\":\"Article\",\"@id\":\"https:\/\/www.fvb.cat\/ca\/la-fvb-al-congres-emdr-espanya\/#article\",\"isPartOf\":{\"@id\":\"https:\/\/www.fvb.cat\/ca\/la-fvb-al-congres-emdr-espanya\/\"},\"author\":{\"name\":\"Incidencies FVB\",\"@id\":\"https:\/\/www.fvb.cat\/es\/#\/schema\/person\/83a51a8cdae04bb9ed05ac117cc725eb\"},\"headline\":\"La FVB en el Congreso EMDR Espa\u00f1a\",\"datePublished\":\"2024-11-29T13:00:29+00:00\",\"dateModified\":\"2024-11-28T11:25:21+00:00\",\"mainEntityOfPage\":{\"@id\":\"https:\/\/www.fvb.cat\/ca\/la-fvb-al-congres-emdr-espanya\/\"},\"wordCount\":4890,\"publisher\":{\"@id\":\"https:\/\/www.fvb.cat\/es\/#organization\"},\"image\":{\"@id\":\"https:\/\/www.fvb.cat\/ca\/la-fvb-al-congres-emdr-espanya\/#primaryimage\"},\"thumbnailUrl\":\"https:\/\/www.fvb.cat\/wp-content\/uploads\/2024\/11\/IMG1EMDR-1.jpg\",\"keywords\":[\"Atenci\u00f3 Prim\u00e0ria\",\"Atenci\u00f3n Primaria\",\"Terapia Grupal\",\"Tractament per fases\",\"Transdiagn\u00f2stic\",\"Transdiagn\u00f3stico\",\"Tratamiento por fases\"],\"articleSection\":[\"Actualidad\",\"General\"],\"inLanguage\":\"es\"},{\"@type\":\"WebPage\",\"@id\":\"https:\/\/www.fvb.cat\/ca\/la-fvb-al-congres-emdr-espanya\/\",\"url\":\"https:\/\/www.fvb.cat\/ca\/la-fvb-al-congres-emdr-espanya\/\",\"name\":\"La FVB en el Congreso EMDR Espa\u00f1a\",\"isPartOf\":{\"@id\":\"https:\/\/www.fvb.cat\/es\/#website\"},\"primaryImageOfPage\":{\"@id\":\"https:\/\/www.fvb.cat\/ca\/la-fvb-al-congres-emdr-espanya\/#primaryimage\"},\"image\":{\"@id\":\"https:\/\/www.fvb.cat\/ca\/la-fvb-al-congres-emdr-espanya\/#primaryimage\"},\"thumbnailUrl\":\"https:\/\/www.fvb.cat\/wp-content\/uploads\/2024\/11\/IMG1EMDR-1.jpg\",\"datePublished\":\"2024-11-29T13:00:29+00:00\",\"dateModified\":\"2024-11-28T11:25:21+00:00\",\"description\":\"El 9 de noviembre, la FVB estuvo presente en el Congreso Nacional EMDR Espa\u00f1a con una Comunicaci\u00f3n Oral con uno de los proyectos del PCP.\",\"breadcrumb\":{\"@id\":\"https:\/\/www.fvb.cat\/ca\/la-fvb-al-congres-emdr-espanya\/#breadcrumb\"},\"inLanguage\":\"es\",\"potentialAction\":[{\"@type\":\"ReadAction\",\"target\":[\"https:\/\/www.fvb.cat\/ca\/la-fvb-al-congres-emdr-espanya\/\"]}]},{\"@type\":\"ImageObject\",\"inLanguage\":\"es\",\"@id\":\"https:\/\/www.fvb.cat\/ca\/la-fvb-al-congres-emdr-espanya\/#primaryimage\",\"url\":\"https:\/\/www.fvb.cat\/wp-content\/uploads\/2024\/11\/IMG1EMDR-1.jpg\",\"contentUrl\":\"https:\/\/www.fvb.cat\/wp-content\/uploads\/2024\/11\/IMG1EMDR-1.jpg\",\"width\":1200,\"height\":1600},{\"@type\":\"BreadcrumbList\",\"@id\":\"https:\/\/www.fvb.cat\/ca\/la-fvb-al-congres-emdr-espanya\/#breadcrumb\",\"itemListElement\":[{\"@type\":\"ListItem\",\"position\":1,\"name\":\"Inici\",\"item\":\"https:\/\/www.fvb.cat\/es\/\"},{\"@type\":\"ListItem\",\"position\":2,\"name\":\"La FVB al Congr\u00e9s EMDR Espanya\"}]},{\"@type\":\"WebSite\",\"@id\":\"https:\/\/www.fvb.cat\/es\/#website\",\"url\":\"https:\/\/www.fvb.cat\/es\/\",\"name\":\"Fundaci\u00f3 Vidal i Barraquer\",\"description\":\"Asistencia, docencia e investigaci\u00f3n en Salud Mental\",\"publisher\":{\"@id\":\"https:\/\/www.fvb.cat\/es\/#organization\"},\"potentialAction\":[{\"@type\":\"SearchAction\",\"target\":{\"@type\":\"EntryPoint\",\"urlTemplate\":\"https:\/\/www.fvb.cat\/es\/?s={search_term_string}\"},\"query-input\":\"required name=search_term_string\"}],\"inLanguage\":\"es\"},{\"@type\":\"Organization\",\"@id\":\"https:\/\/www.fvb.cat\/es\/#organization\",\"name\":\"Fundaci\u00f3 Vidal i Barraquer\",\"url\":\"https:\/\/www.fvb.cat\/es\/\",\"logo\":{\"@type\":\"ImageObject\",\"inLanguage\":\"es\",\"@id\":\"https:\/\/www.fvb.cat\/es\/#\/schema\/logo\/image\/\",\"url\":\"https:\/\/www.fvb.cat\/wp-content\/uploads\/2024\/05\/logo-vidal-i-barrauqer-60-aniversari.jpg\",\"contentUrl\":\"https:\/\/www.fvb.cat\/wp-content\/uploads\/2024\/05\/logo-vidal-i-barrauqer-60-aniversari.jpg\",\"width\":2125,\"height\":703,\"caption\":\"Fundaci\u00f3 Vidal i Barraquer\"},\"image\":{\"@id\":\"https:\/\/www.fvb.cat\/es\/#\/schema\/logo\/image\/\"}},{\"@type\":\"Person\",\"@id\":\"https:\/\/www.fvb.cat\/es\/#\/schema\/person\/83a51a8cdae04bb9ed05ac117cc725eb\",\"name\":\"Incidencies FVB\",\"image\":{\"@type\":\"ImageObject\",\"inLanguage\":\"es\",\"@id\":\"https:\/\/www.fvb.cat\/es\/#\/schema\/person\/image\/\",\"url\":\"https:\/\/secure.gravatar.com\/avatar\/e273473f44d68622f3c121bdf3d64154?s=96&d=mm&r=g\",\"contentUrl\":\"https:\/\/secure.gravatar.com\/avatar\/e273473f44d68622f3c121bdf3d64154?s=96&d=mm&r=g\",\"caption\":\"Incidencies FVB\"},\"url\":\"https:\/\/www.fvb.cat\/es\/author\/incidencies-fvb\/\"}]}<\/script>\n<!-- \/ Yoast SEO plugin. -->","yoast_head_json":{"title":"La FVB en el Congreso EMDR Espa\u00f1a","description":"El 9 de noviembre, la FVB estuvo presente en el Congreso Nacional EMDR Espa\u00f1a con una Comunicaci\u00f3n Oral con uno de los proyectos del PCP.","robots":{"index":"index","follow":"follow","max-snippet":"max-snippet:-1","max-image-preview":"max-image-preview:large","max-video-preview":"max-video-preview:-1"},"canonical":"https:\/\/www.fvb.cat\/ca\/la-fvb-al-congres-emdr-espanya\/","og_locale":"es_ES","og_type":"article","og_title":"La FVB en el Congreso EMDR Espa\u00f1a","og_description":"El 9 de noviembre, la FVB estuvo presente en el Congreso Nacional EMDR Espa\u00f1a con una Comunicaci\u00f3n Oral con uno de los proyectos del PCP.","og_url":"https:\/\/www.fvb.cat\/ca\/la-fvb-al-congres-emdr-espanya\/","og_site_name":"Fundaci\u00f3 Vidal i Barraquer","article_published_time":"2024-11-29T13:00:29+00:00","article_modified_time":"2024-11-28T11:25:21+00:00","og_image":[{"width":1200,"height":1600,"url":"https:\/\/www.fvb.cat\/wp-content\/uploads\/2024\/11\/IMG1EMDR-1.jpg","type":"image\/jpeg"}],"author":"Incidencies FVB","twitter_card":"summary_large_image","twitter_misc":{"Escrito por":"Incidencies FVB","Tiempo de lectura":"9 minutos"},"schema":{"@context":"https:\/\/schema.org","@graph":[{"@type":"Article","@id":"https:\/\/www.fvb.cat\/ca\/la-fvb-al-congres-emdr-espanya\/#article","isPartOf":{"@id":"https:\/\/www.fvb.cat\/ca\/la-fvb-al-congres-emdr-espanya\/"},"author":{"name":"Incidencies FVB","@id":"https:\/\/www.fvb.cat\/es\/#\/schema\/person\/83a51a8cdae04bb9ed05ac117cc725eb"},"headline":"La FVB en el Congreso EMDR Espa\u00f1a","datePublished":"2024-11-29T13:00:29+00:00","dateModified":"2024-11-28T11:25:21+00:00","mainEntityOfPage":{"@id":"https:\/\/www.fvb.cat\/ca\/la-fvb-al-congres-emdr-espanya\/"},"wordCount":4890,"publisher":{"@id":"https:\/\/www.fvb.cat\/es\/#organization"},"image":{"@id":"https:\/\/www.fvb.cat\/ca\/la-fvb-al-congres-emdr-espanya\/#primaryimage"},"thumbnailUrl":"https:\/\/www.fvb.cat\/wp-content\/uploads\/2024\/11\/IMG1EMDR-1.jpg","keywords":["Atenci\u00f3 Prim\u00e0ria","Atenci\u00f3n Primaria","Terapia Grupal","Tractament per fases","Transdiagn\u00f2stic","Transdiagn\u00f3stico","Tratamiento por fases"],"articleSection":["Actualidad","General"],"inLanguage":"es"},{"@type":"WebPage","@id":"https:\/\/www.fvb.cat\/ca\/la-fvb-al-congres-emdr-espanya\/","url":"https:\/\/www.fvb.cat\/ca\/la-fvb-al-congres-emdr-espanya\/","name":"La FVB en el Congreso EMDR Espa\u00f1a","isPartOf":{"@id":"https:\/\/www.fvb.cat\/es\/#website"},"primaryImageOfPage":{"@id":"https:\/\/www.fvb.cat\/ca\/la-fvb-al-congres-emdr-espanya\/#primaryimage"},"image":{"@id":"https:\/\/www.fvb.cat\/ca\/la-fvb-al-congres-emdr-espanya\/#primaryimage"},"thumbnailUrl":"https:\/\/www.fvb.cat\/wp-content\/uploads\/2024\/11\/IMG1EMDR-1.jpg","datePublished":"2024-11-29T13:00:29+00:00","dateModified":"2024-11-28T11:25:21+00:00","description":"El 9 de noviembre, la FVB estuvo presente en el Congreso Nacional EMDR Espa\u00f1a con una Comunicaci\u00f3n Oral con uno de los proyectos del PCP.","breadcrumb":{"@id":"https:\/\/www.fvb.cat\/ca\/la-fvb-al-congres-emdr-espanya\/#breadcrumb"},"inLanguage":"es","potentialAction":[{"@type":"ReadAction","target":["https:\/\/www.fvb.cat\/ca\/la-fvb-al-congres-emdr-espanya\/"]}]},{"@type":"ImageObject","inLanguage":"es","@id":"https:\/\/www.fvb.cat\/ca\/la-fvb-al-congres-emdr-espanya\/#primaryimage","url":"https:\/\/www.fvb.cat\/wp-content\/uploads\/2024\/11\/IMG1EMDR-1.jpg","contentUrl":"https:\/\/www.fvb.cat\/wp-content\/uploads\/2024\/11\/IMG1EMDR-1.jpg","width":1200,"height":1600},{"@type":"BreadcrumbList","@id":"https:\/\/www.fvb.cat\/ca\/la-fvb-al-congres-emdr-espanya\/#breadcrumb","itemListElement":[{"@type":"ListItem","position":1,"name":"Inici","item":"https:\/\/www.fvb.cat\/es\/"},{"@type":"ListItem","position":2,"name":"La FVB al Congr\u00e9s EMDR Espanya"}]},{"@type":"WebSite","@id":"https:\/\/www.fvb.cat\/es\/#website","url":"https:\/\/www.fvb.cat\/es\/","name":"Fundaci\u00f3 Vidal i Barraquer","description":"Asistencia, docencia e investigaci\u00f3n en Salud Mental","publisher":{"@id":"https:\/\/www.fvb.cat\/es\/#organization"},"potentialAction":[{"@type":"SearchAction","target":{"@type":"EntryPoint","urlTemplate":"https:\/\/www.fvb.cat\/es\/?s={search_term_string}"},"query-input":"required name=search_term_string"}],"inLanguage":"es"},{"@type":"Organization","@id":"https:\/\/www.fvb.cat\/es\/#organization","name":"Fundaci\u00f3 Vidal i Barraquer","url":"https:\/\/www.fvb.cat\/es\/","logo":{"@type":"ImageObject","inLanguage":"es","@id":"https:\/\/www.fvb.cat\/es\/#\/schema\/logo\/image\/","url":"https:\/\/www.fvb.cat\/wp-content\/uploads\/2024\/05\/logo-vidal-i-barrauqer-60-aniversari.jpg","contentUrl":"https:\/\/www.fvb.cat\/wp-content\/uploads\/2024\/05\/logo-vidal-i-barrauqer-60-aniversari.jpg","width":2125,"height":703,"caption":"Fundaci\u00f3 Vidal i Barraquer"},"image":{"@id":"https:\/\/www.fvb.cat\/es\/#\/schema\/logo\/image\/"}},{"@type":"Person","@id":"https:\/\/www.fvb.cat\/es\/#\/schema\/person\/83a51a8cdae04bb9ed05ac117cc725eb","name":"Incidencies FVB","image":{"@type":"ImageObject","inLanguage":"es","@id":"https:\/\/www.fvb.cat\/es\/#\/schema\/person\/image\/","url":"https:\/\/secure.gravatar.com\/avatar\/e273473f44d68622f3c121bdf3d64154?s=96&d=mm&r=g","contentUrl":"https:\/\/secure.gravatar.com\/avatar\/e273473f44d68622f3c121bdf3d64154?s=96&d=mm&r=g","caption":"Incidencies FVB"},"url":"https:\/\/www.fvb.cat\/es\/author\/incidencies-fvb\/"}]}},"_links":{"self":[{"href":"https:\/\/www.fvb.cat\/es\/wp-json\/wp\/v2\/posts\/16413"}],"collection":[{"href":"https:\/\/www.fvb.cat\/es\/wp-json\/wp\/v2\/posts"}],"about":[{"href":"https:\/\/www.fvb.cat\/es\/wp-json\/wp\/v2\/types\/post"}],"author":[{"embeddable":true,"href":"https:\/\/www.fvb.cat\/es\/wp-json\/wp\/v2\/users\/33"}],"replies":[{"embeddable":true,"href":"https:\/\/www.fvb.cat\/es\/wp-json\/wp\/v2\/comments?post=16413"}],"version-history":[{"count":6,"href":"https:\/\/www.fvb.cat\/es\/wp-json\/wp\/v2\/posts\/16413\/revisions"}],"predecessor-version":[{"id":16435,"href":"https:\/\/www.fvb.cat\/es\/wp-json\/wp\/v2\/posts\/16413\/revisions\/16435"}],"wp:featuredmedia":[{"embeddable":true,"href":"https:\/\/www.fvb.cat\/es\/wp-json\/wp\/v2\/media\/16421"}],"wp:attachment":[{"href":"https:\/\/www.fvb.cat\/es\/wp-json\/wp\/v2\/media?parent=16413"}],"wp:term":[{"taxonomy":"category","embeddable":true,"href":"https:\/\/www.fvb.cat\/es\/wp-json\/wp\/v2\/categories?post=16413"},{"taxonomy":"post_tag","embeddable":true,"href":"https:\/\/www.fvb.cat\/es\/wp-json\/wp\/v2\/tags?post=16413"}],"curies":[{"name":"wp","href":"https:\/\/api.w.org\/{rel}","templated":true}]}}