{"id":12551,"date":"2023-05-05T13:38:12","date_gmt":"2023-05-05T12:38:12","guid":{"rendered":"https:\/\/www.fvb.cat\/?p=12551"},"modified":"2023-05-05T13:58:36","modified_gmt":"2023-05-05T12:58:36","slug":"premi-a-la-millora-de-la-qualitat-en-salut-mental","status":"publish","type":"post","link":"https:\/\/www.fvb.cat\/es\/catala-premi-a-la-millora-de-la-qualitat-en-salut-mental\/","title":{"rendered":"Premio a la Mejora de la Calidad en Salud Mental"},"content":{"rendered":"<div>El Proyecto ECID (Equipo Cl\u00ednico de Intervenci\u00f3n a Domicilio) de la <a href=\"https:\/\/www.fvb.cat\/es\/\">Fundaci\u00f3n Vidal i Barraquer<\/a> \u00a0ha recibido el premio a la Mejora de la Calidad en Salud Mental, otorgado por la <a href=\"https:\/\/www.fadq.org\" target=\"_blank\" rel=\"noopener\">Fundaci\u00f3n Avedis Donabedian<\/a>, en la edici\u00f3n de 2023.<\/div>\n<div><\/div>\n<div>Desde la Fundaci\u00f3n Vidal i Barraquer queremos agradecer este valioso reconocimiento al trabajo pionero e innovador del ECID con adolescentes de alto riesgo psicopatol\u00f3gico desvinculados de la red de salud mental, conocidos como non-help-seeking.<\/div>","protected":false},"excerpt":{"rendered":"<p>El Proyecto ECID (Equipo Cl\u00ednico de Intervenci\u00f3n a Domicilio) de la Fundaci\u00f3n&#8230;<\/p>\n","protected":false},"author":53,"featured_media":12550,"comment_status":"closed","ping_status":"closed","sticky":false,"template":"","format":"standard","meta":{"footnotes":""},"categories":[56],"tags":[245,280,279,281,235],"yoast_head":"<!-- This site is optimized with the Yoast SEO plugin v22.6 - https:\/\/yoast.com\/wordpress\/plugins\/seo\/ -->\n<title>Premio a la Mejora de la Calidad en Salud Mental - Fundaci\u00f3 Vidal i Barraquer<\/title>\n<meta name=\"robots\" content=\"index, follow, max-snippet:-1, max-image-preview:large, max-video-preview:-1\" \/>\n<link rel=\"canonical\" href=\"https:\/\/www.fvb.cat\/ca\/premi-a-la-millora-de-la-qualitat-en-salut-mental\/\" \/>\n<meta property=\"og:locale\" content=\"es_ES\" \/>\n<meta property=\"og:type\" content=\"article\" \/>\n<meta property=\"og:title\" content=\"[:ca]Premi a la Millora de la Qualitat en Salut Mental[:es]Premio a la Mejora de la Calidad en Salud Mental[:] - Fundaci\u00f3 Vidal i Barraquer\" \/>\n<meta property=\"og:description\" content=\"El Proyecto ECID (Equipo Cl\u00ednico de Intervenci\u00f3n a Domicilio) de la Fundaci\u00f3n...\" \/>\n<meta property=\"og:url\" content=\"https:\/\/www.fvb.cat\/ca\/premi-a-la-millora-de-la-qualitat-en-salut-mental\/\" \/>\n<meta property=\"og:site_name\" content=\"Fundaci\u00f3 Vidal i Barraquer\" \/>\n<meta property=\"article:published_time\" content=\"2023-05-05T12:38:12+00:00\" \/>\n<meta property=\"article:modified_time\" content=\"2023-05-05T12:58:36+00:00\" \/>\n<meta property=\"og:image\" content=\"https:\/\/www.fvb.cat\/wp-content\/uploads\/2023\/05\/VIDAL-I-BARRAQ-LUNDBECK-SALUD-MENTAL.jpg\" \/>\n\t<meta property=\"og:image:width\" content=\"991\" \/>\n\t<meta property=\"og:image:height\" content=\"550\" \/>\n\t<meta property=\"og:image:type\" content=\"image\/jpeg\" \/>\n<meta name=\"author\" content=\"Marta Miquel Grau\" \/>\n<meta name=\"twitter:card\" content=\"summary_large_image\" \/>\n<meta name=\"twitter:label1\" content=\"Escrito por\" \/>\n\t<meta name=\"twitter:data1\" content=\"Marta Miquel Grau\" \/>\n\t<meta name=\"twitter:label2\" content=\"Tiempo de lectura\" \/>\n\t<meta name=\"twitter:data2\" content=\"1 minuto\" \/>\n<script type=\"application\/ld+json\" class=\"yoast-schema-graph\">{\"@context\":\"https:\/\/schema.org\",\"@graph\":[{\"@type\":\"Article\",\"@id\":\"https:\/\/www.fvb.cat\/ca\/premi-a-la-millora-de-la-qualitat-en-salut-mental\/#article\",\"isPartOf\":{\"@id\":\"https:\/\/www.fvb.cat\/ca\/premi-a-la-millora-de-la-qualitat-en-salut-mental\/\"},\"author\":{\"name\":\"Marta Miquel Grau\",\"@id\":\"https:\/\/www.fvb.cat\/es\/#\/schema\/person\/03a2058687d4d3bae66e4e3837c78a1b\"},\"headline\":\"Premio a la Mejora de la Calidad en Salud Mental\",\"datePublished\":\"2023-05-05T12:38:12+00:00\",\"dateModified\":\"2023-05-05T12:58:36+00:00\",\"mainEntityOfPage\":{\"@id\":\"https:\/\/www.fvb.cat\/ca\/premi-a-la-millora-de-la-qualitat-en-salut-mental\/\"},\"wordCount\":177,\"publisher\":{\"@id\":\"https:\/\/www.fvb.cat\/es\/#organization\"},\"image\":{\"@id\":\"https:\/\/www.fvb.cat\/ca\/premi-a-la-millora-de-la-qualitat-en-salut-mental\/#primaryimage\"},\"thumbnailUrl\":\"https:\/\/www.fvb.cat\/wp-content\/uploads\/2023\/05\/VIDAL-I-BARRAQ-LUNDBECK-SALUD-MENTAL.jpg\",\"keywords\":[\"ECID\",\"fundacio vidal i barraquer\",\"premi\",\"salud mental\",\"salud mental\"],\"articleSection\":[\"Actualidad\"],\"inLanguage\":\"es\"},{\"@type\":\"WebPage\",\"@id\":\"https:\/\/www.fvb.cat\/ca\/premi-a-la-millora-de-la-qualitat-en-salut-mental\/\",\"url\":\"https:\/\/www.fvb.cat\/ca\/premi-a-la-millora-de-la-qualitat-en-salut-mental\/\",\"name\":\"[:ca]Premi a la Millora de la Qualitat en Salut Mental[:es]Premio a la Mejora de la Calidad en Salud Mental[:] - Fundaci\u00f3 Vidal i Barraquer\",\"isPartOf\":{\"@id\":\"https:\/\/www.fvb.cat\/es\/#website\"},\"primaryImageOfPage\":{\"@id\":\"https:\/\/www.fvb.cat\/ca\/premi-a-la-millora-de-la-qualitat-en-salut-mental\/#primaryimage\"},\"image\":{\"@id\":\"https:\/\/www.fvb.cat\/ca\/premi-a-la-millora-de-la-qualitat-en-salut-mental\/#primaryimage\"},\"thumbnailUrl\":\"https:\/\/www.fvb.cat\/wp-content\/uploads\/2023\/05\/VIDAL-I-BARRAQ-LUNDBECK-SALUD-MENTAL.jpg\",\"datePublished\":\"2023-05-05T12:38:12+00:00\",\"dateModified\":\"2023-05-05T12:58:36+00:00\",\"breadcrumb\":{\"@id\":\"https:\/\/www.fvb.cat\/ca\/premi-a-la-millora-de-la-qualitat-en-salut-mental\/#breadcrumb\"},\"inLanguage\":\"es\",\"potentialAction\":[{\"@type\":\"ReadAction\",\"target\":[\"https:\/\/www.fvb.cat\/ca\/premi-a-la-millora-de-la-qualitat-en-salut-mental\/\"]}]},{\"@type\":\"ImageObject\",\"inLanguage\":\"es\",\"@id\":\"https:\/\/www.fvb.cat\/ca\/premi-a-la-millora-de-la-qualitat-en-salut-mental\/#primaryimage\",\"url\":\"https:\/\/www.fvb.cat\/wp-content\/uploads\/2023\/05\/VIDAL-I-BARRAQ-LUNDBECK-SALUD-MENTAL.jpg\",\"contentUrl\":\"https:\/\/www.fvb.cat\/wp-content\/uploads\/2023\/05\/VIDAL-I-BARRAQ-LUNDBECK-SALUD-MENTAL.jpg\",\"width\":991,\"height\":550},{\"@type\":\"BreadcrumbList\",\"@id\":\"https:\/\/www.fvb.cat\/ca\/premi-a-la-millora-de-la-qualitat-en-salut-mental\/#breadcrumb\",\"itemListElement\":[{\"@type\":\"ListItem\",\"position\":1,\"name\":\"Inici\",\"item\":\"https:\/\/www.fvb.cat\/es\/\"},{\"@type\":\"ListItem\",\"position\":2,\"name\":\"Premi a la Millora de la Qualitat en Salut Mental\"}]},{\"@type\":\"WebSite\",\"@id\":\"https:\/\/www.fvb.cat\/es\/#website\",\"url\":\"https:\/\/www.fvb.cat\/es\/\",\"name\":\"Fundaci\u00f3 Vidal i Barraquer\",\"description\":\"Asistencia, docencia e investigaci\u00f3n en Salud Mental\",\"publisher\":{\"@id\":\"https:\/\/www.fvb.cat\/es\/#organization\"},\"potentialAction\":[{\"@type\":\"SearchAction\",\"target\":{\"@type\":\"EntryPoint\",\"urlTemplate\":\"https:\/\/www.fvb.cat\/es\/?s={search_term_string}\"},\"query-input\":\"required name=search_term_string\"}],\"inLanguage\":\"es\"},{\"@type\":\"Organization\",\"@id\":\"https:\/\/www.fvb.cat\/es\/#organization\",\"name\":\"Fundaci\u00f3 Vidal i Barraquer\",\"url\":\"https:\/\/www.fvb.cat\/es\/\",\"logo\":{\"@type\":\"ImageObject\",\"inLanguage\":\"es\",\"@id\":\"https:\/\/www.fvb.cat\/es\/#\/schema\/logo\/image\/\",\"url\":\"https:\/\/www.fvb.cat\/wp-content\/uploads\/2024\/05\/logo-vidal-i-barrauqer-60-aniversari.jpg\",\"contentUrl\":\"https:\/\/www.fvb.cat\/wp-content\/uploads\/2024\/05\/logo-vidal-i-barrauqer-60-aniversari.jpg\",\"width\":2125,\"height\":703,\"caption\":\"Fundaci\u00f3 Vidal i Barraquer\"},\"image\":{\"@id\":\"https:\/\/www.fvb.cat\/es\/#\/schema\/logo\/image\/\"}},{\"@type\":\"Person\",\"@id\":\"https:\/\/www.fvb.cat\/es\/#\/schema\/person\/03a2058687d4d3bae66e4e3837c78a1b\",\"name\":\"Marta Miquel Grau\",\"image\":{\"@type\":\"ImageObject\",\"inLanguage\":\"es\",\"@id\":\"https:\/\/www.fvb.cat\/es\/#\/schema\/person\/image\/\",\"url\":\"https:\/\/secure.gravatar.com\/avatar\/a40b58b6843691a8169243cc72f42961?s=96&d=mm&r=g\",\"contentUrl\":\"https:\/\/secure.gravatar.com\/avatar\/a40b58b6843691a8169243cc72f42961?s=96&d=mm&r=g\",\"caption\":\"Marta Miquel Grau\"},\"url\":\"https:\/\/www.fvb.cat\/es\/author\/mmiquel\/\"}]}<\/script>\n<!-- \/ Yoast SEO plugin. -->","yoast_head_json":{"title":"[:ca]Premi a la Millora de la Qualitat en Salut Mental[:es]Premio a la Mejora de la Calidad en Salud Mental[:] - Fundaci\u00f3 Vidal i Barraquer","robots":{"index":"index","follow":"follow","max-snippet":"max-snippet:-1","max-image-preview":"max-image-preview:large","max-video-preview":"max-video-preview:-1"},"canonical":"https:\/\/www.fvb.cat\/ca\/premi-a-la-millora-de-la-qualitat-en-salut-mental\/","og_locale":"es_ES","og_type":"article","og_title":"[:ca]Premi a la Millora de la Qualitat en Salut Mental[:es]Premio a la Mejora de la Calidad en Salud Mental[:] - Fundaci\u00f3 Vidal i Barraquer","og_description":"El Proyecto ECID (Equipo Cl\u00ednico de Intervenci\u00f3n a Domicilio) de la Fundaci\u00f3n...","og_url":"https:\/\/www.fvb.cat\/ca\/premi-a-la-millora-de-la-qualitat-en-salut-mental\/","og_site_name":"Fundaci\u00f3 Vidal i Barraquer","article_published_time":"2023-05-05T12:38:12+00:00","article_modified_time":"2023-05-05T12:58:36+00:00","og_image":[{"width":991,"height":550,"url":"https:\/\/www.fvb.cat\/wp-content\/uploads\/2023\/05\/VIDAL-I-BARRAQ-LUNDBECK-SALUD-MENTAL.jpg","type":"image\/jpeg"}],"author":"Marta Miquel Grau","twitter_card":"summary_large_image","twitter_misc":{"Escrito por":"Marta Miquel Grau","Tiempo de lectura":"1 minuto"},"schema":{"@context":"https:\/\/schema.org","@graph":[{"@type":"Article","@id":"https:\/\/www.fvb.cat\/ca\/premi-a-la-millora-de-la-qualitat-en-salut-mental\/#article","isPartOf":{"@id":"https:\/\/www.fvb.cat\/ca\/premi-a-la-millora-de-la-qualitat-en-salut-mental\/"},"author":{"name":"Marta Miquel Grau","@id":"https:\/\/www.fvb.cat\/es\/#\/schema\/person\/03a2058687d4d3bae66e4e3837c78a1b"},"headline":"Premio a la Mejora de la Calidad en Salud Mental","datePublished":"2023-05-05T12:38:12+00:00","dateModified":"2023-05-05T12:58:36+00:00","mainEntityOfPage":{"@id":"https:\/\/www.fvb.cat\/ca\/premi-a-la-millora-de-la-qualitat-en-salut-mental\/"},"wordCount":177,"publisher":{"@id":"https:\/\/www.fvb.cat\/es\/#organization"},"image":{"@id":"https:\/\/www.fvb.cat\/ca\/premi-a-la-millora-de-la-qualitat-en-salut-mental\/#primaryimage"},"thumbnailUrl":"https:\/\/www.fvb.cat\/wp-content\/uploads\/2023\/05\/VIDAL-I-BARRAQ-LUNDBECK-SALUD-MENTAL.jpg","keywords":["ECID","fundacio vidal i barraquer","premi","salud mental","salud mental"],"articleSection":["Actualidad"],"inLanguage":"es"},{"@type":"WebPage","@id":"https:\/\/www.fvb.cat\/ca\/premi-a-la-millora-de-la-qualitat-en-salut-mental\/","url":"https:\/\/www.fvb.cat\/ca\/premi-a-la-millora-de-la-qualitat-en-salut-mental\/","name":"[:ca]Premi a la Millora de la Qualitat en Salut Mental[:es]Premio a la Mejora de la Calidad en Salud Mental[:] - Fundaci\u00f3 Vidal i Barraquer","isPartOf":{"@id":"https:\/\/www.fvb.cat\/es\/#website"},"primaryImageOfPage":{"@id":"https:\/\/www.fvb.cat\/ca\/premi-a-la-millora-de-la-qualitat-en-salut-mental\/#primaryimage"},"image":{"@id":"https:\/\/www.fvb.cat\/ca\/premi-a-la-millora-de-la-qualitat-en-salut-mental\/#primaryimage"},"thumbnailUrl":"https:\/\/www.fvb.cat\/wp-content\/uploads\/2023\/05\/VIDAL-I-BARRAQ-LUNDBECK-SALUD-MENTAL.jpg","datePublished":"2023-05-05T12:38:12+00:00","dateModified":"2023-05-05T12:58:36+00:00","breadcrumb":{"@id":"https:\/\/www.fvb.cat\/ca\/premi-a-la-millora-de-la-qualitat-en-salut-mental\/#breadcrumb"},"inLanguage":"es","potentialAction":[{"@type":"ReadAction","target":["https:\/\/www.fvb.cat\/ca\/premi-a-la-millora-de-la-qualitat-en-salut-mental\/"]}]},{"@type":"ImageObject","inLanguage":"es","@id":"https:\/\/www.fvb.cat\/ca\/premi-a-la-millora-de-la-qualitat-en-salut-mental\/#primaryimage","url":"https:\/\/www.fvb.cat\/wp-content\/uploads\/2023\/05\/VIDAL-I-BARRAQ-LUNDBECK-SALUD-MENTAL.jpg","contentUrl":"https:\/\/www.fvb.cat\/wp-content\/uploads\/2023\/05\/VIDAL-I-BARRAQ-LUNDBECK-SALUD-MENTAL.jpg","width":991,"height":550},{"@type":"BreadcrumbList","@id":"https:\/\/www.fvb.cat\/ca\/premi-a-la-millora-de-la-qualitat-en-salut-mental\/#breadcrumb","itemListElement":[{"@type":"ListItem","position":1,"name":"Inici","item":"https:\/\/www.fvb.cat\/es\/"},{"@type":"ListItem","position":2,"name":"Premi a la Millora de la Qualitat en Salut Mental"}]},{"@type":"WebSite","@id":"https:\/\/www.fvb.cat\/es\/#website","url":"https:\/\/www.fvb.cat\/es\/","name":"Fundaci\u00f3 Vidal i Barraquer","description":"Asistencia, docencia e investigaci\u00f3n en Salud Mental","publisher":{"@id":"https:\/\/www.fvb.cat\/es\/#organization"},"potentialAction":[{"@type":"SearchAction","target":{"@type":"EntryPoint","urlTemplate":"https:\/\/www.fvb.cat\/es\/?s={search_term_string}"},"query-input":"required name=search_term_string"}],"inLanguage":"es"},{"@type":"Organization","@id":"https:\/\/www.fvb.cat\/es\/#organization","name":"Fundaci\u00f3 Vidal i Barraquer","url":"https:\/\/www.fvb.cat\/es\/","logo":{"@type":"ImageObject","inLanguage":"es","@id":"https:\/\/www.fvb.cat\/es\/#\/schema\/logo\/image\/","url":"https:\/\/www.fvb.cat\/wp-content\/uploads\/2024\/05\/logo-vidal-i-barrauqer-60-aniversari.jpg","contentUrl":"https:\/\/www.fvb.cat\/wp-content\/uploads\/2024\/05\/logo-vidal-i-barrauqer-60-aniversari.jpg","width":2125,"height":703,"caption":"Fundaci\u00f3 Vidal i Barraquer"},"image":{"@id":"https:\/\/www.fvb.cat\/es\/#\/schema\/logo\/image\/"}},{"@type":"Person","@id":"https:\/\/www.fvb.cat\/es\/#\/schema\/person\/03a2058687d4d3bae66e4e3837c78a1b","name":"Marta Miquel Grau","image":{"@type":"ImageObject","inLanguage":"es","@id":"https:\/\/www.fvb.cat\/es\/#\/schema\/person\/image\/","url":"https:\/\/secure.gravatar.com\/avatar\/a40b58b6843691a8169243cc72f42961?s=96&d=mm&r=g","contentUrl":"https:\/\/secure.gravatar.com\/avatar\/a40b58b6843691a8169243cc72f42961?s=96&d=mm&r=g","caption":"Marta Miquel Grau"},"url":"https:\/\/www.fvb.cat\/es\/author\/mmiquel\/"}]}},"_links":{"self":[{"href":"https:\/\/www.fvb.cat\/es\/wp-json\/wp\/v2\/posts\/12551"}],"collection":[{"href":"https:\/\/www.fvb.cat\/es\/wp-json\/wp\/v2\/posts"}],"about":[{"href":"https:\/\/www.fvb.cat\/es\/wp-json\/wp\/v2\/types\/post"}],"author":[{"embeddable":true,"href":"https:\/\/www.fvb.cat\/es\/wp-json\/wp\/v2\/users\/53"}],"replies":[{"embeddable":true,"href":"https:\/\/www.fvb.cat\/es\/wp-json\/wp\/v2\/comments?post=12551"}],"version-history":[{"count":1,"href":"https:\/\/www.fvb.cat\/es\/wp-json\/wp\/v2\/posts\/12551\/revisions"}],"predecessor-version":[{"id":12553,"href":"https:\/\/www.fvb.cat\/es\/wp-json\/wp\/v2\/posts\/12551\/revisions\/12553"}],"wp:featuredmedia":[{"embeddable":true,"href":"https:\/\/www.fvb.cat\/es\/wp-json\/wp\/v2\/media\/12550"}],"wp:attachment":[{"href":"https:\/\/www.fvb.cat\/es\/wp-json\/wp\/v2\/media?parent=12551"}],"wp:term":[{"taxonomy":"category","embeddable":true,"href":"https:\/\/www.fvb.cat\/es\/wp-json\/wp\/v2\/categories?post=12551"},{"taxonomy":"post_tag","embeddable":true,"href":"https:\/\/www.fvb.cat\/es\/wp-json\/wp\/v2\/tags?post=12551"}],"curies":[{"name":"wp","href":"https:\/\/api.w.org\/{rel}","templated":true}]}}