{"id":18508,"date":"2026-04-30T15:16:45","date_gmt":"2026-04-30T14:16:45","guid":{"rendered":"https:\/\/www.fvb.cat\/es\/?p=18508"},"modified":"2026-04-30T15:17:14","modified_gmt":"2026-04-30T14:17:14","slug":"aquest-sant-jordi-deixat-inspirar-per-les-recomanacions-literaries-dels-professionals-de-vidal-i-barraquer","status":"publish","type":"post","link":"https:\/\/www.fvb.cat\/ca\/aquest-sant-jordi-recomana\/","title":{"rendered":"Aquest Sant Jordi, deixa\u2019t inspirar per les recomanacions liter\u00e0ries dels professionals de Vidal i Barraquer"},"content":{"rendered":"La diada de Sant Jordi \u00e9s una de les celebracions m\u00e9s estimades del calendari, una jornada per compartir roses, cultura i, sobretot, el plaer de la lectura. Amb l\u2019objectiu de facilitar la tria entre la gran diversitat de llibres disponibles, la Fundaci\u00f3 Vidal i Barraquer ha impulsat una iniciativa col\u00b7laborativa en qu\u00e8 els i les seves professionals comparteixen recomanacions liter\u00e0ries personals.<\/p>\n<p>A trav\u00e9s d\u2019aquesta proposta, els professionals han seleccionat llibres que els han marcat o que han gaudit especialment, acompanyant cada t\u00edtol d\u2019una breu reflexi\u00f3. El resultat \u00e9s una recopilaci\u00f3 variada i inspiradora, amb obres que conviden a la reflexi\u00f3, el gaudi literari i el pensament cr\u00edtic.<\/p>\n<p>Entre les recomanacions recollides hi trobem <em>Pan de lim\u00f3n con semillas de amapola<\/em> de Cristina Campos, una novel\u00b7la de f\u00e0cil lectura sobre l\u2019amistat, l\u2019amor i la vida en general. Un altre dels llibres recomanats per una professional \u00e9s <em>Nuestra parte de la noche, <\/em>una autobiografia de l\u2019autora, Tara Westover, que va cr\u00e9ixer en una fam\u00edlia mormona fonamentalista als Estats Units. Amb la participaci\u00f3 de tothom, aquesta iniciativa s\u2019ha convertit en una font d\u2019inspiraci\u00f3 col\u00b7lectiva per trobar la lectura ideal aquest Sant Jordi.<\/p>\n<p>Totes les recomanacions han entrat en un sorteig de llibres de la col\u00b7lecci\u00f3 de Salut Mental de la Fundaci\u00f3 Vidal i Barraquer amb la editorial Herder. El libre que ha guanyador del sorteig ha estat <em>Antes de que se enfr\u00ede el caf\u00e9 <\/em>recomanat per <strong>Bego\u00f1a Trujillo<\/strong>, <strong>infermera especialitzada en salut mental del Centre d\u2019Atenci\u00f3 i Seguiment Grabivent<\/strong>, a qui felicitem i agra\u00efm la seva participaci\u00f3 en aquesta iniciativa.<\/p>\n<p>Amb aquesta acci\u00f3, la Fundaci\u00f3 Vidal i Barraquer reafirma el seu comprom\u00eds amb la cultura, el benestar emocional i la promoci\u00f3 de la lectura com a eina de creixement personal i col\u00b7lectiu.","protected":false},"excerpt":{"rendered":"<p>La diada de Sant Jordi \u00e9s una de les celebracions m\u00e9s estimades&#8230;<\/p>\n","protected":false},"author":33,"featured_media":18509,"comment_status":"closed","ping_status":"closed","sticky":false,"template":"","format":"standard","meta":{"footnotes":""},"categories":[56],"tags":[],"yoast_head":"<!-- This site is optimized with the Yoast SEO plugin v22.6 - https:\/\/yoast.com\/wordpress\/plugins\/seo\/ -->\n<title>Aquest Sant Jordi, deixa\u2019t inspirar per les recomanacions liter\u00e0ries dels professionals de Vidal i Barraquer - Fundaci\u00f3 Vidal i Barraquer<\/title>\n<meta name=\"robots\" content=\"index, follow, max-snippet:-1, max-image-preview:large, max-video-preview:-1\" \/>\n<link rel=\"canonical\" href=\"https:\/\/www.fvb.cat\/es\/?p=18508\" \/>\n<meta property=\"og:locale\" content=\"ca_ES\" \/>\n<meta property=\"og:type\" content=\"article\" \/>\n<meta property=\"og:title\" content=\"[:ca]Aquest Sant Jordi, deixa\u2019t inspirar per les recomanacions liter\u00e0ries dels professionals de Vidal i Barraquer[:es]Este Sant Jordi, d\u00e9jate inspirar por las recomendaciones literarias de los profesionales de Vidal i Barraquer[:] - Fundaci\u00f3 Vidal i Barraquer\" \/>\n<meta property=\"og:description\" content=\"La diada de Sant Jordi \u00e9s una de les celebracions m\u00e9s estimades...\" \/>\n<meta property=\"og:url\" content=\"https:\/\/www.fvb.cat\/es\/?p=18508\" \/>\n<meta property=\"og:site_name\" content=\"Fundaci\u00f3 Vidal i Barraquer\" \/>\n<meta property=\"article:published_time\" content=\"2026-04-30T14:16:45+00:00\" \/>\n<meta property=\"article:modified_time\" content=\"2026-04-30T14:17:14+00:00\" \/>\n<meta property=\"og:image\" content=\"https:\/\/www.fvb.cat\/wp-content\/uploads\/2026\/04\/IG_FVB-1.png\" \/>\n\t<meta property=\"og:image:width\" content=\"1080\" \/>\n\t<meta property=\"og:image:height\" content=\"1080\" \/>\n\t<meta property=\"og:image:type\" content=\"image\/png\" \/>\n<meta name=\"author\" content=\"Incidencies FVB\" \/>\n<meta name=\"twitter:card\" content=\"summary_large_image\" \/>\n<meta name=\"twitter:label1\" content=\"Escrit per\" \/>\n\t<meta name=\"twitter:data1\" content=\"Incidencies FVB\" \/>\n\t<meta name=\"twitter:label2\" content=\"Temps estimat de lectura\" \/>\n\t<meta name=\"twitter:data2\" content=\"2 minuts\" \/>\n<script type=\"application\/ld+json\" class=\"yoast-schema-graph\">{\"@context\":\"https:\/\/schema.org\",\"@graph\":[{\"@type\":\"Article\",\"@id\":\"https:\/\/www.fvb.cat\/es\/?p=18508#article\",\"isPartOf\":{\"@id\":\"https:\/\/www.fvb.cat\/es\/?p=18508\"},\"author\":{\"name\":\"Incidencies FVB\",\"@id\":\"https:\/\/www.fvb.cat\/es\/#\/schema\/person\/83a51a8cdae04bb9ed05ac117cc725eb\"},\"headline\":\"Aquest Sant Jordi, deixa\u2019t inspirar per les recomanacions liter\u00e0ries dels professionals de Vidal i Barraquer\",\"datePublished\":\"2026-04-30T14:16:45+00:00\",\"dateModified\":\"2026-04-30T14:17:14+00:00\",\"mainEntityOfPage\":{\"@id\":\"https:\/\/www.fvb.cat\/es\/?p=18508\"},\"wordCount\":670,\"publisher\":{\"@id\":\"https:\/\/www.fvb.cat\/es\/#organization\"},\"image\":{\"@id\":\"https:\/\/www.fvb.cat\/es\/?p=18508#primaryimage\"},\"thumbnailUrl\":\"https:\/\/www.fvb.cat\/wp-content\/uploads\/2026\/04\/IG_FVB-1.png\",\"articleSection\":[\"Actualitat\"],\"inLanguage\":\"ca\"},{\"@type\":\"WebPage\",\"@id\":\"https:\/\/www.fvb.cat\/es\/?p=18508\",\"url\":\"https:\/\/www.fvb.cat\/es\/?p=18508\",\"name\":\"[:ca]Aquest Sant Jordi, deixa\u2019t inspirar per les recomanacions liter\u00e0ries dels professionals de Vidal i Barraquer[:es]Este Sant Jordi, d\u00e9jate inspirar por las recomendaciones literarias de los profesionales de Vidal i Barraquer[:] - Fundaci\u00f3 Vidal i Barraquer\",\"isPartOf\":{\"@id\":\"https:\/\/www.fvb.cat\/es\/#website\"},\"primaryImageOfPage\":{\"@id\":\"https:\/\/www.fvb.cat\/es\/?p=18508#primaryimage\"},\"image\":{\"@id\":\"https:\/\/www.fvb.cat\/es\/?p=18508#primaryimage\"},\"thumbnailUrl\":\"https:\/\/www.fvb.cat\/wp-content\/uploads\/2026\/04\/IG_FVB-1.png\",\"datePublished\":\"2026-04-30T14:16:45+00:00\",\"dateModified\":\"2026-04-30T14:17:14+00:00\",\"breadcrumb\":{\"@id\":\"https:\/\/www.fvb.cat\/es\/?p=18508#breadcrumb\"},\"inLanguage\":\"ca\",\"potentialAction\":[{\"@type\":\"ReadAction\",\"target\":[\"https:\/\/www.fvb.cat\/es\/?p=18508\"]}]},{\"@type\":\"ImageObject\",\"inLanguage\":\"ca\",\"@id\":\"https:\/\/www.fvb.cat\/es\/?p=18508#primaryimage\",\"url\":\"https:\/\/www.fvb.cat\/wp-content\/uploads\/2026\/04\/IG_FVB-1.png\",\"contentUrl\":\"https:\/\/www.fvb.cat\/wp-content\/uploads\/2026\/04\/IG_FVB-1.png\",\"width\":1080,\"height\":1080},{\"@type\":\"BreadcrumbList\",\"@id\":\"https:\/\/www.fvb.cat\/es\/?p=18508#breadcrumb\",\"itemListElement\":[{\"@type\":\"ListItem\",\"position\":1,\"name\":\"Inici\",\"item\":\"https:\/\/www.fvb.cat\/es\/\"},{\"@type\":\"ListItem\",\"position\":2,\"name\":\"Este Sant Jordi, d\u00e9jate inspirar por las recomendaciones literarias de los profesionales de Vidal i Barraquer\"}]},{\"@type\":\"WebSite\",\"@id\":\"https:\/\/www.fvb.cat\/es\/#website\",\"url\":\"https:\/\/www.fvb.cat\/es\/\",\"name\":\"Fundaci\u00f3 Vidal i Barraquer\",\"description\":\"Assist\u00e8ncia, doc\u00e8ncia i recerca en la salut mental\",\"publisher\":{\"@id\":\"https:\/\/www.fvb.cat\/es\/#organization\"},\"potentialAction\":[{\"@type\":\"SearchAction\",\"target\":{\"@type\":\"EntryPoint\",\"urlTemplate\":\"https:\/\/www.fvb.cat\/es\/?s={search_term_string}\"},\"query-input\":\"required name=search_term_string\"}],\"inLanguage\":\"ca\"},{\"@type\":\"Organization\",\"@id\":\"https:\/\/www.fvb.cat\/es\/#organization\",\"name\":\"Fundaci\u00f3 Vidal i Barraquer\",\"url\":\"https:\/\/www.fvb.cat\/es\/\",\"logo\":{\"@type\":\"ImageObject\",\"inLanguage\":\"ca\",\"@id\":\"https:\/\/www.fvb.cat\/es\/#\/schema\/logo\/image\/\",\"url\":\"https:\/\/www.fvb.cat\/wp-content\/uploads\/2024\/05\/logo-vidal-i-barrauqer-60-aniversari.jpg\",\"contentUrl\":\"https:\/\/www.fvb.cat\/wp-content\/uploads\/2024\/05\/logo-vidal-i-barrauqer-60-aniversari.jpg\",\"width\":2125,\"height\":703,\"caption\":\"Fundaci\u00f3 Vidal i Barraquer\"},\"image\":{\"@id\":\"https:\/\/www.fvb.cat\/es\/#\/schema\/logo\/image\/\"}},{\"@type\":\"Person\",\"@id\":\"https:\/\/www.fvb.cat\/es\/#\/schema\/person\/83a51a8cdae04bb9ed05ac117cc725eb\",\"name\":\"Incidencies FVB\",\"image\":{\"@type\":\"ImageObject\",\"inLanguage\":\"ca\",\"@id\":\"https:\/\/www.fvb.cat\/es\/#\/schema\/person\/image\/\",\"url\":\"https:\/\/secure.gravatar.com\/avatar\/e273473f44d68622f3c121bdf3d64154?s=96&d=mm&r=g\",\"contentUrl\":\"https:\/\/secure.gravatar.com\/avatar\/e273473f44d68622f3c121bdf3d64154?s=96&d=mm&r=g\",\"caption\":\"Incidencies FVB\"},\"url\":\"https:\/\/www.fvb.cat\/ca\/author\/incidencies-fvb\/\"}]}<\/script>\n<!-- \/ Yoast SEO plugin. -->","yoast_head_json":{"title":"[:ca]Aquest Sant Jordi, deixa\u2019t inspirar per les recomanacions liter\u00e0ries dels professionals de Vidal i Barraquer[:es]Este Sant Jordi, d\u00e9jate inspirar por las recomendaciones literarias de los profesionales de Vidal i Barraquer[:] - Fundaci\u00f3 Vidal i Barraquer","robots":{"index":"index","follow":"follow","max-snippet":"max-snippet:-1","max-image-preview":"max-image-preview:large","max-video-preview":"max-video-preview:-1"},"canonical":"https:\/\/www.fvb.cat\/es\/?p=18508","og_locale":"ca_ES","og_type":"article","og_title":"[:ca]Aquest Sant Jordi, deixa\u2019t inspirar per les recomanacions liter\u00e0ries dels professionals de Vidal i Barraquer[:es]Este Sant Jordi, d\u00e9jate inspirar por las recomendaciones literarias de los profesionales de Vidal i Barraquer[:] - Fundaci\u00f3 Vidal i Barraquer","og_description":"La diada de Sant Jordi \u00e9s una de les celebracions m\u00e9s estimades...","og_url":"https:\/\/www.fvb.cat\/es\/?p=18508","og_site_name":"Fundaci\u00f3 Vidal i Barraquer","article_published_time":"2026-04-30T14:16:45+00:00","article_modified_time":"2026-04-30T14:17:14+00:00","og_image":[{"width":1080,"height":1080,"url":"https:\/\/www.fvb.cat\/wp-content\/uploads\/2026\/04\/IG_FVB-1.png","type":"image\/png"}],"author":"Incidencies FVB","twitter_card":"summary_large_image","twitter_misc":{"Escrit per":"Incidencies FVB","Temps estimat de lectura":"2 minuts"},"schema":{"@context":"https:\/\/schema.org","@graph":[{"@type":"Article","@id":"https:\/\/www.fvb.cat\/es\/?p=18508#article","isPartOf":{"@id":"https:\/\/www.fvb.cat\/es\/?p=18508"},"author":{"name":"Incidencies FVB","@id":"https:\/\/www.fvb.cat\/es\/#\/schema\/person\/83a51a8cdae04bb9ed05ac117cc725eb"},"headline":"Aquest Sant Jordi, deixa\u2019t inspirar per les recomanacions liter\u00e0ries dels professionals de Vidal i Barraquer","datePublished":"2026-04-30T14:16:45+00:00","dateModified":"2026-04-30T14:17:14+00:00","mainEntityOfPage":{"@id":"https:\/\/www.fvb.cat\/es\/?p=18508"},"wordCount":670,"publisher":{"@id":"https:\/\/www.fvb.cat\/es\/#organization"},"image":{"@id":"https:\/\/www.fvb.cat\/es\/?p=18508#primaryimage"},"thumbnailUrl":"https:\/\/www.fvb.cat\/wp-content\/uploads\/2026\/04\/IG_FVB-1.png","articleSection":["Actualitat"],"inLanguage":"ca"},{"@type":"WebPage","@id":"https:\/\/www.fvb.cat\/es\/?p=18508","url":"https:\/\/www.fvb.cat\/es\/?p=18508","name":"[:ca]Aquest Sant Jordi, deixa\u2019t inspirar per les recomanacions liter\u00e0ries dels professionals de Vidal i Barraquer[:es]Este Sant Jordi, d\u00e9jate inspirar por las recomendaciones literarias de los profesionales de Vidal i Barraquer[:] - Fundaci\u00f3 Vidal i Barraquer","isPartOf":{"@id":"https:\/\/www.fvb.cat\/es\/#website"},"primaryImageOfPage":{"@id":"https:\/\/www.fvb.cat\/es\/?p=18508#primaryimage"},"image":{"@id":"https:\/\/www.fvb.cat\/es\/?p=18508#primaryimage"},"thumbnailUrl":"https:\/\/www.fvb.cat\/wp-content\/uploads\/2026\/04\/IG_FVB-1.png","datePublished":"2026-04-30T14:16:45+00:00","dateModified":"2026-04-30T14:17:14+00:00","breadcrumb":{"@id":"https:\/\/www.fvb.cat\/es\/?p=18508#breadcrumb"},"inLanguage":"ca","potentialAction":[{"@type":"ReadAction","target":["https:\/\/www.fvb.cat\/es\/?p=18508"]}]},{"@type":"ImageObject","inLanguage":"ca","@id":"https:\/\/www.fvb.cat\/es\/?p=18508#primaryimage","url":"https:\/\/www.fvb.cat\/wp-content\/uploads\/2026\/04\/IG_FVB-1.png","contentUrl":"https:\/\/www.fvb.cat\/wp-content\/uploads\/2026\/04\/IG_FVB-1.png","width":1080,"height":1080},{"@type":"BreadcrumbList","@id":"https:\/\/www.fvb.cat\/es\/?p=18508#breadcrumb","itemListElement":[{"@type":"ListItem","position":1,"name":"Inici","item":"https:\/\/www.fvb.cat\/es\/"},{"@type":"ListItem","position":2,"name":"Este Sant Jordi, d\u00e9jate inspirar por las recomendaciones literarias de los profesionales de Vidal i Barraquer"}]},{"@type":"WebSite","@id":"https:\/\/www.fvb.cat\/es\/#website","url":"https:\/\/www.fvb.cat\/es\/","name":"Fundaci\u00f3 Vidal i Barraquer","description":"Assist\u00e8ncia, doc\u00e8ncia i recerca en la salut mental","publisher":{"@id":"https:\/\/www.fvb.cat\/es\/#organization"},"potentialAction":[{"@type":"SearchAction","target":{"@type":"EntryPoint","urlTemplate":"https:\/\/www.fvb.cat\/es\/?s={search_term_string}"},"query-input":"required name=search_term_string"}],"inLanguage":"ca"},{"@type":"Organization","@id":"https:\/\/www.fvb.cat\/es\/#organization","name":"Fundaci\u00f3 Vidal i Barraquer","url":"https:\/\/www.fvb.cat\/es\/","logo":{"@type":"ImageObject","inLanguage":"ca","@id":"https:\/\/www.fvb.cat\/es\/#\/schema\/logo\/image\/","url":"https:\/\/www.fvb.cat\/wp-content\/uploads\/2024\/05\/logo-vidal-i-barrauqer-60-aniversari.jpg","contentUrl":"https:\/\/www.fvb.cat\/wp-content\/uploads\/2024\/05\/logo-vidal-i-barrauqer-60-aniversari.jpg","width":2125,"height":703,"caption":"Fundaci\u00f3 Vidal i Barraquer"},"image":{"@id":"https:\/\/www.fvb.cat\/es\/#\/schema\/logo\/image\/"}},{"@type":"Person","@id":"https:\/\/www.fvb.cat\/es\/#\/schema\/person\/83a51a8cdae04bb9ed05ac117cc725eb","name":"Incidencies FVB","image":{"@type":"ImageObject","inLanguage":"ca","@id":"https:\/\/www.fvb.cat\/es\/#\/schema\/person\/image\/","url":"https:\/\/secure.gravatar.com\/avatar\/e273473f44d68622f3c121bdf3d64154?s=96&d=mm&r=g","contentUrl":"https:\/\/secure.gravatar.com\/avatar\/e273473f44d68622f3c121bdf3d64154?s=96&d=mm&r=g","caption":"Incidencies FVB"},"url":"https:\/\/www.fvb.cat\/ca\/author\/incidencies-fvb\/"}]}},"_links":{"self":[{"href":"https:\/\/www.fvb.cat\/ca\/wp-json\/wp\/v2\/posts\/18508"}],"collection":[{"href":"https:\/\/www.fvb.cat\/ca\/wp-json\/wp\/v2\/posts"}],"about":[{"href":"https:\/\/www.fvb.cat\/ca\/wp-json\/wp\/v2\/types\/post"}],"author":[{"embeddable":true,"href":"https:\/\/www.fvb.cat\/ca\/wp-json\/wp\/v2\/users\/33"}],"replies":[{"embeddable":true,"href":"https:\/\/www.fvb.cat\/ca\/wp-json\/wp\/v2\/comments?post=18508"}],"version-history":[{"count":2,"href":"https:\/\/www.fvb.cat\/ca\/wp-json\/wp\/v2\/posts\/18508\/revisions"}],"predecessor-version":[{"id":18511,"href":"https:\/\/www.fvb.cat\/ca\/wp-json\/wp\/v2\/posts\/18508\/revisions\/18511"}],"wp:featuredmedia":[{"embeddable":true,"href":"https:\/\/www.fvb.cat\/ca\/wp-json\/wp\/v2\/media\/18509"}],"wp:attachment":[{"href":"https:\/\/www.fvb.cat\/ca\/wp-json\/wp\/v2\/media?parent=18508"}],"wp:term":[{"taxonomy":"category","embeddable":true,"href":"https:\/\/www.fvb.cat\/ca\/wp-json\/wp\/v2\/categories?post=18508"},{"taxonomy":"post_tag","embeddable":true,"href":"https:\/\/www.fvb.cat\/ca\/wp-json\/wp\/v2\/tags?post=18508"}],"curies":[{"name":"wp","href":"https:\/\/api.w.org\/{rel}","templated":true}]}}