{"id":18505,"date":"2026-04-30T15:12:21","date_gmt":"2026-04-30T14:12:21","guid":{"rendered":"https:\/\/www.fvb.cat\/es\/?p=18505"},"modified":"2026-04-30T15:12:21","modified_gmt":"2026-04-30T14:12:21","slug":"tolerancia-zero-a-la-violencia-contra-els-professionals-de-la-salut","status":"publish","type":"post","link":"https:\/\/www.fvb.cat\/ca\/tolerancia-zero-a-la-violencia-contra-els-professionals-de-la-salut\/","title":{"rendered":"Toler\u00e0ncia zero a la viol\u00e8ncia contra els professionals de la salut"},"content":{"rendered":"<strong>L\u2019OSVASC impulsa una nova campanya despr\u00e9s de registrar m\u00e9s de 3.000 agressions el 2025 a Catalunya<\/strong><\/p>\n<p>Amb motiu del Dia Europeu contra les Agressions a Professionals Sanitaris, celebrat el 12 de mar\u00e7, les institucions sanit\u00e0ries posen el focus en una problem\u00e0tica creixent: la viol\u00e8ncia contra els professionals de la salut.<\/p>\n<p>L\u2019Observatori per a Situacions de Viol\u00e8ncia en l\u2019\u00c0mbit Sanitari de Catalunya (OSVASC) ha fet p\u00fabliques recentment les dades corresponents al 2025, que evidencien una situaci\u00f3 preocupant. Segons l\u2019informe, es van registrar un total de 3.039 agressions, un 12% m\u00e9s que l\u2019any anterior. Les dones en van ser les principals afectades, concentrant el 78% dels casos.<\/p>\n<p>Davant d\u2019aquest escenari, el Departament de Salut ha posat en marxa la campanya <strong>\u201cToler\u00e0ncia Zero a la Viol\u00e8ncia\u201d<\/strong>, una iniciativa que s\u2019emmarca en el conjunt d\u2019accions per prevenir i combatre aquestes situacions dins del sistema sanitari.<\/p>\n<p>El director general de Professionals de la Salut, Jordi Vilana, ha anunciat que s\u2019est\u00e0 treballant en un nou instrument legislatiu que permeti desplegar un sistema integral de protecci\u00f3, prevenci\u00f3 i resposta davant la viol\u00e8ncia als centres sanitaris. Aquest marc tamb\u00e9 inclour\u00e0 un r\u00e8gim sancionador.<\/p>\n<p>L\u2019informe de l\u2019OSVASC tamb\u00e9 destaca que la viol\u00e8ncia no afecta exclusivament el personal sanitari. El personal administratiu pateix el 23% de les agressions registrades. En la majoria dels casos, aquestes es manifesten en forma d\u2019insults, inj\u00faries o amenaces.<\/p>\n<p>Les institucions remarquen que garantir entorns assistencials segurs \u00e9s essencial tant per al benestar dels professionals com per al bon funcionament del sistema de salut. Quan un professional se sent segur, recolzat i valorat, el sistema esdev\u00e9 m\u00e9s eficient i hum\u00e0.<\/p>\n<p>En aquest context, es fa una crida a refor\u00e7ar els valors de respecte i conviv\u00e8ncia dins l\u2019\u00e0mbit sanitari, recordant que qualsevol forma de viol\u00e8ncia vulnera els principis fonamentals de la tasca assistencial: cuidar, acompanyar i donar resposta a les necessitats de les persones.<\/p>\n<p>Totes les institucions i agents del sistema de salut de Catalunya han reiterat el seu comprom\u00eds ferm amb la toler\u00e0ncia zero davant qualsevol tipus de viol\u00e8ncia contra els professionals.","protected":false},"excerpt":{"rendered":"<p>L\u2019OSVASC impulsa una nova campanya despr\u00e9s de registrar m\u00e9s de 3.000 agressions&#8230;<\/p>\n","protected":false},"author":33,"featured_media":18506,"comment_status":"closed","ping_status":"closed","sticky":false,"template":"","format":"standard","meta":{"footnotes":""},"categories":[56],"tags":[],"yoast_head":"<!-- This site is optimized with the Yoast SEO plugin v22.6 - https:\/\/yoast.com\/wordpress\/plugins\/seo\/ -->\n<title>Augmenten les agressions a sanitaris a Catalunya: m\u00e9s de 3.000 casos el 2025<\/title>\n<meta name=\"description\" content=\"Salut impulsa la campanya \u201cToler\u00e0ncia Zero\u201d per la viol\u00e8ncia als centres sanitaris.\" \/>\n<meta name=\"robots\" content=\"index, follow, max-snippet:-1, max-image-preview:large, max-video-preview:-1\" \/>\n<link rel=\"canonical\" href=\"https:\/\/www.fvb.cat\/es\/?p=18505\" \/>\n<meta property=\"og:locale\" content=\"ca_ES\" \/>\n<meta property=\"og:type\" content=\"article\" \/>\n<meta property=\"og:title\" content=\"Augmenten les agressions a sanitaris a Catalunya: m\u00e9s de 3.000 casos el 2025\" \/>\n<meta property=\"og:description\" content=\"Salut impulsa la campanya \u201cToler\u00e0ncia Zero\u201d per la viol\u00e8ncia als centres sanitaris.\" \/>\n<meta property=\"og:url\" content=\"https:\/\/www.fvb.cat\/es\/?p=18505\" \/>\n<meta property=\"og:site_name\" content=\"Fundaci\u00f3 Vidal i Barraquer\" \/>\n<meta property=\"article:published_time\" content=\"2026-04-30T14:12:21+00:00\" \/>\n<meta property=\"og:image\" content=\"https:\/\/www.fvb.cat\/wp-content\/uploads\/2026\/04\/img-tolerancia-zero_page-0001.jpg\" \/>\n\t<meta property=\"og:image:width\" content=\"1238\" \/>\n\t<meta property=\"og:image:height\" content=\"1756\" \/>\n\t<meta property=\"og:image:type\" content=\"image\/jpeg\" \/>\n<meta name=\"author\" content=\"Incidencies FVB\" \/>\n<meta name=\"twitter:card\" content=\"summary_large_image\" \/>\n<meta name=\"twitter:label1\" content=\"Escrit per\" \/>\n\t<meta name=\"twitter:data1\" content=\"Incidencies FVB\" \/>\n\t<meta name=\"twitter:label2\" content=\"Temps estimat de lectura\" \/>\n\t<meta name=\"twitter:data2\" content=\"2 minuts\" \/>\n<script type=\"application\/ld+json\" class=\"yoast-schema-graph\">{\"@context\":\"https:\/\/schema.org\",\"@graph\":[{\"@type\":\"Article\",\"@id\":\"https:\/\/www.fvb.cat\/es\/?p=18505#article\",\"isPartOf\":{\"@id\":\"https:\/\/www.fvb.cat\/es\/?p=18505\"},\"author\":{\"name\":\"Incidencies FVB\",\"@id\":\"https:\/\/www.fvb.cat\/es\/#\/schema\/person\/83a51a8cdae04bb9ed05ac117cc725eb\"},\"headline\":\"Toler\u00e0ncia zero a la viol\u00e8ncia contra els professionals de la salut\",\"datePublished\":\"2026-04-30T14:12:21+00:00\",\"dateModified\":\"2026-04-30T14:12:21+00:00\",\"mainEntityOfPage\":{\"@id\":\"https:\/\/www.fvb.cat\/es\/?p=18505\"},\"wordCount\":749,\"publisher\":{\"@id\":\"https:\/\/www.fvb.cat\/es\/#organization\"},\"image\":{\"@id\":\"https:\/\/www.fvb.cat\/es\/?p=18505#primaryimage\"},\"thumbnailUrl\":\"https:\/\/www.fvb.cat\/wp-content\/uploads\/2026\/04\/img-tolerancia-zero_page-0001.jpg\",\"articleSection\":[\"Actualitat\"],\"inLanguage\":\"ca\"},{\"@type\":\"WebPage\",\"@id\":\"https:\/\/www.fvb.cat\/es\/?p=18505\",\"url\":\"https:\/\/www.fvb.cat\/es\/?p=18505\",\"name\":\"Augmenten les agressions a sanitaris a Catalunya: m\u00e9s de 3.000 casos el 2025\",\"isPartOf\":{\"@id\":\"https:\/\/www.fvb.cat\/es\/#website\"},\"primaryImageOfPage\":{\"@id\":\"https:\/\/www.fvb.cat\/es\/?p=18505#primaryimage\"},\"image\":{\"@id\":\"https:\/\/www.fvb.cat\/es\/?p=18505#primaryimage\"},\"thumbnailUrl\":\"https:\/\/www.fvb.cat\/wp-content\/uploads\/2026\/04\/img-tolerancia-zero_page-0001.jpg\",\"datePublished\":\"2026-04-30T14:12:21+00:00\",\"dateModified\":\"2026-04-30T14:12:21+00:00\",\"description\":\"Salut impulsa la campanya \u201cToler\u00e0ncia Zero\u201d per la viol\u00e8ncia als centres sanitaris.\",\"breadcrumb\":{\"@id\":\"https:\/\/www.fvb.cat\/es\/?p=18505#breadcrumb\"},\"inLanguage\":\"ca\",\"potentialAction\":[{\"@type\":\"ReadAction\",\"target\":[\"https:\/\/www.fvb.cat\/es\/?p=18505\"]}]},{\"@type\":\"ImageObject\",\"inLanguage\":\"ca\",\"@id\":\"https:\/\/www.fvb.cat\/es\/?p=18505#primaryimage\",\"url\":\"https:\/\/www.fvb.cat\/wp-content\/uploads\/2026\/04\/img-tolerancia-zero_page-0001.jpg\",\"contentUrl\":\"https:\/\/www.fvb.cat\/wp-content\/uploads\/2026\/04\/img-tolerancia-zero_page-0001.jpg\",\"width\":1238,\"height\":1756},{\"@type\":\"BreadcrumbList\",\"@id\":\"https:\/\/www.fvb.cat\/es\/?p=18505#breadcrumb\",\"itemListElement\":[{\"@type\":\"ListItem\",\"position\":1,\"name\":\"Inici\",\"item\":\"https:\/\/www.fvb.cat\/es\/\"},{\"@type\":\"ListItem\",\"position\":2,\"name\":\"Tolerancia cero a la violencia contra los profesionales de la salud\"}]},{\"@type\":\"WebSite\",\"@id\":\"https:\/\/www.fvb.cat\/es\/#website\",\"url\":\"https:\/\/www.fvb.cat\/es\/\",\"name\":\"Fundaci\u00f3 Vidal i Barraquer\",\"description\":\"Assist\u00e8ncia, doc\u00e8ncia i recerca en la salut mental\",\"publisher\":{\"@id\":\"https:\/\/www.fvb.cat\/es\/#organization\"},\"potentialAction\":[{\"@type\":\"SearchAction\",\"target\":{\"@type\":\"EntryPoint\",\"urlTemplate\":\"https:\/\/www.fvb.cat\/es\/?s={search_term_string}\"},\"query-input\":\"required name=search_term_string\"}],\"inLanguage\":\"ca\"},{\"@type\":\"Organization\",\"@id\":\"https:\/\/www.fvb.cat\/es\/#organization\",\"name\":\"Fundaci\u00f3 Vidal i Barraquer\",\"url\":\"https:\/\/www.fvb.cat\/es\/\",\"logo\":{\"@type\":\"ImageObject\",\"inLanguage\":\"ca\",\"@id\":\"https:\/\/www.fvb.cat\/es\/#\/schema\/logo\/image\/\",\"url\":\"https:\/\/www.fvb.cat\/wp-content\/uploads\/2024\/05\/logo-vidal-i-barrauqer-60-aniversari.jpg\",\"contentUrl\":\"https:\/\/www.fvb.cat\/wp-content\/uploads\/2024\/05\/logo-vidal-i-barrauqer-60-aniversari.jpg\",\"width\":2125,\"height\":703,\"caption\":\"Fundaci\u00f3 Vidal i Barraquer\"},\"image\":{\"@id\":\"https:\/\/www.fvb.cat\/es\/#\/schema\/logo\/image\/\"}},{\"@type\":\"Person\",\"@id\":\"https:\/\/www.fvb.cat\/es\/#\/schema\/person\/83a51a8cdae04bb9ed05ac117cc725eb\",\"name\":\"Incidencies FVB\",\"image\":{\"@type\":\"ImageObject\",\"inLanguage\":\"ca\",\"@id\":\"https:\/\/www.fvb.cat\/es\/#\/schema\/person\/image\/\",\"url\":\"https:\/\/secure.gravatar.com\/avatar\/e273473f44d68622f3c121bdf3d64154?s=96&d=mm&r=g\",\"contentUrl\":\"https:\/\/secure.gravatar.com\/avatar\/e273473f44d68622f3c121bdf3d64154?s=96&d=mm&r=g\",\"caption\":\"Incidencies FVB\"},\"url\":\"https:\/\/www.fvb.cat\/ca\/author\/incidencies-fvb\/\"}]}<\/script>\n<!-- \/ Yoast SEO plugin. -->","yoast_head_json":{"title":"Augmenten les agressions a sanitaris a Catalunya: m\u00e9s de 3.000 casos el 2025","description":"Salut impulsa la campanya \u201cToler\u00e0ncia Zero\u201d per la viol\u00e8ncia als centres sanitaris.","robots":{"index":"index","follow":"follow","max-snippet":"max-snippet:-1","max-image-preview":"max-image-preview:large","max-video-preview":"max-video-preview:-1"},"canonical":"https:\/\/www.fvb.cat\/es\/?p=18505","og_locale":"ca_ES","og_type":"article","og_title":"Augmenten les agressions a sanitaris a Catalunya: m\u00e9s de 3.000 casos el 2025","og_description":"Salut impulsa la campanya \u201cToler\u00e0ncia Zero\u201d per la viol\u00e8ncia als centres sanitaris.","og_url":"https:\/\/www.fvb.cat\/es\/?p=18505","og_site_name":"Fundaci\u00f3 Vidal i Barraquer","article_published_time":"2026-04-30T14:12:21+00:00","og_image":[{"width":1238,"height":1756,"url":"https:\/\/www.fvb.cat\/wp-content\/uploads\/2026\/04\/img-tolerancia-zero_page-0001.jpg","type":"image\/jpeg"}],"author":"Incidencies FVB","twitter_card":"summary_large_image","twitter_misc":{"Escrit per":"Incidencies FVB","Temps estimat de lectura":"2 minuts"},"schema":{"@context":"https:\/\/schema.org","@graph":[{"@type":"Article","@id":"https:\/\/www.fvb.cat\/es\/?p=18505#article","isPartOf":{"@id":"https:\/\/www.fvb.cat\/es\/?p=18505"},"author":{"name":"Incidencies FVB","@id":"https:\/\/www.fvb.cat\/es\/#\/schema\/person\/83a51a8cdae04bb9ed05ac117cc725eb"},"headline":"Toler\u00e0ncia zero a la viol\u00e8ncia contra els professionals de la salut","datePublished":"2026-04-30T14:12:21+00:00","dateModified":"2026-04-30T14:12:21+00:00","mainEntityOfPage":{"@id":"https:\/\/www.fvb.cat\/es\/?p=18505"},"wordCount":749,"publisher":{"@id":"https:\/\/www.fvb.cat\/es\/#organization"},"image":{"@id":"https:\/\/www.fvb.cat\/es\/?p=18505#primaryimage"},"thumbnailUrl":"https:\/\/www.fvb.cat\/wp-content\/uploads\/2026\/04\/img-tolerancia-zero_page-0001.jpg","articleSection":["Actualitat"],"inLanguage":"ca"},{"@type":"WebPage","@id":"https:\/\/www.fvb.cat\/es\/?p=18505","url":"https:\/\/www.fvb.cat\/es\/?p=18505","name":"Augmenten les agressions a sanitaris a Catalunya: m\u00e9s de 3.000 casos el 2025","isPartOf":{"@id":"https:\/\/www.fvb.cat\/es\/#website"},"primaryImageOfPage":{"@id":"https:\/\/www.fvb.cat\/es\/?p=18505#primaryimage"},"image":{"@id":"https:\/\/www.fvb.cat\/es\/?p=18505#primaryimage"},"thumbnailUrl":"https:\/\/www.fvb.cat\/wp-content\/uploads\/2026\/04\/img-tolerancia-zero_page-0001.jpg","datePublished":"2026-04-30T14:12:21+00:00","dateModified":"2026-04-30T14:12:21+00:00","description":"Salut impulsa la campanya \u201cToler\u00e0ncia Zero\u201d per la viol\u00e8ncia als centres sanitaris.","breadcrumb":{"@id":"https:\/\/www.fvb.cat\/es\/?p=18505#breadcrumb"},"inLanguage":"ca","potentialAction":[{"@type":"ReadAction","target":["https:\/\/www.fvb.cat\/es\/?p=18505"]}]},{"@type":"ImageObject","inLanguage":"ca","@id":"https:\/\/www.fvb.cat\/es\/?p=18505#primaryimage","url":"https:\/\/www.fvb.cat\/wp-content\/uploads\/2026\/04\/img-tolerancia-zero_page-0001.jpg","contentUrl":"https:\/\/www.fvb.cat\/wp-content\/uploads\/2026\/04\/img-tolerancia-zero_page-0001.jpg","width":1238,"height":1756},{"@type":"BreadcrumbList","@id":"https:\/\/www.fvb.cat\/es\/?p=18505#breadcrumb","itemListElement":[{"@type":"ListItem","position":1,"name":"Inici","item":"https:\/\/www.fvb.cat\/es\/"},{"@type":"ListItem","position":2,"name":"Tolerancia cero a la violencia contra los profesionales de la salud"}]},{"@type":"WebSite","@id":"https:\/\/www.fvb.cat\/es\/#website","url":"https:\/\/www.fvb.cat\/es\/","name":"Fundaci\u00f3 Vidal i Barraquer","description":"Assist\u00e8ncia, doc\u00e8ncia i recerca en la salut mental","publisher":{"@id":"https:\/\/www.fvb.cat\/es\/#organization"},"potentialAction":[{"@type":"SearchAction","target":{"@type":"EntryPoint","urlTemplate":"https:\/\/www.fvb.cat\/es\/?s={search_term_string}"},"query-input":"required name=search_term_string"}],"inLanguage":"ca"},{"@type":"Organization","@id":"https:\/\/www.fvb.cat\/es\/#organization","name":"Fundaci\u00f3 Vidal i Barraquer","url":"https:\/\/www.fvb.cat\/es\/","logo":{"@type":"ImageObject","inLanguage":"ca","@id":"https:\/\/www.fvb.cat\/es\/#\/schema\/logo\/image\/","url":"https:\/\/www.fvb.cat\/wp-content\/uploads\/2024\/05\/logo-vidal-i-barrauqer-60-aniversari.jpg","contentUrl":"https:\/\/www.fvb.cat\/wp-content\/uploads\/2024\/05\/logo-vidal-i-barrauqer-60-aniversari.jpg","width":2125,"height":703,"caption":"Fundaci\u00f3 Vidal i Barraquer"},"image":{"@id":"https:\/\/www.fvb.cat\/es\/#\/schema\/logo\/image\/"}},{"@type":"Person","@id":"https:\/\/www.fvb.cat\/es\/#\/schema\/person\/83a51a8cdae04bb9ed05ac117cc725eb","name":"Incidencies FVB","image":{"@type":"ImageObject","inLanguage":"ca","@id":"https:\/\/www.fvb.cat\/es\/#\/schema\/person\/image\/","url":"https:\/\/secure.gravatar.com\/avatar\/e273473f44d68622f3c121bdf3d64154?s=96&d=mm&r=g","contentUrl":"https:\/\/secure.gravatar.com\/avatar\/e273473f44d68622f3c121bdf3d64154?s=96&d=mm&r=g","caption":"Incidencies FVB"},"url":"https:\/\/www.fvb.cat\/ca\/author\/incidencies-fvb\/"}]}},"_links":{"self":[{"href":"https:\/\/www.fvb.cat\/ca\/wp-json\/wp\/v2\/posts\/18505"}],"collection":[{"href":"https:\/\/www.fvb.cat\/ca\/wp-json\/wp\/v2\/posts"}],"about":[{"href":"https:\/\/www.fvb.cat\/ca\/wp-json\/wp\/v2\/types\/post"}],"author":[{"embeddable":true,"href":"https:\/\/www.fvb.cat\/ca\/wp-json\/wp\/v2\/users\/33"}],"replies":[{"embeddable":true,"href":"https:\/\/www.fvb.cat\/ca\/wp-json\/wp\/v2\/comments?post=18505"}],"version-history":[{"count":1,"href":"https:\/\/www.fvb.cat\/ca\/wp-json\/wp\/v2\/posts\/18505\/revisions"}],"predecessor-version":[{"id":18507,"href":"https:\/\/www.fvb.cat\/ca\/wp-json\/wp\/v2\/posts\/18505\/revisions\/18507"}],"wp:featuredmedia":[{"embeddable":true,"href":"https:\/\/www.fvb.cat\/ca\/wp-json\/wp\/v2\/media\/18506"}],"wp:attachment":[{"href":"https:\/\/www.fvb.cat\/ca\/wp-json\/wp\/v2\/media?parent=18505"}],"wp:term":[{"taxonomy":"category","embeddable":true,"href":"https:\/\/www.fvb.cat\/ca\/wp-json\/wp\/v2\/categories?post=18505"},{"taxonomy":"post_tag","embeddable":true,"href":"https:\/\/www.fvb.cat\/ca\/wp-json\/wp\/v2\/tags?post=18505"}],"curies":[{"name":"wp","href":"https:\/\/api.w.org\/{rel}","templated":true}]}}