{"id":18502,"date":"2026-04-30T15:07:35","date_gmt":"2026-04-30T14:07:35","guid":{"rendered":"https:\/\/www.fvb.cat\/es\/?p=18502"},"modified":"2026-04-30T15:07:35","modified_gmt":"2026-04-30T14:07:35","slug":"vint-i-dos-professionals-de-la-fundacio-participen-a-la-31a-cursa-de-la-sanitat-catalana","status":"publish","type":"post","link":"https:\/\/www.fvb.cat\/ca\/la-fvb-participa-a-la-31-cursa-atletica-sanitat-catalana\/","title":{"rendered":"Vint-i-dos professionals de la Fundaci\u00f3 participen a la 31a cursa de la Sanitat Catalana"},"content":{"rendered":"Un any m\u00e9s, la Fundaci\u00f3 Vidal i Barraquer ha estat present a la 31a edici\u00f3 de la Cursa Atl\u00e8tica de la Sanitat Catalana, amb la participaci\u00f3 de vint-i-dos professionals de la instituci\u00f3. Aquesta prova esportiva s\u2019ha consolidat com una cita de refer\u00e8ncia dins el calendari del sector sanitari, promovent l\u2019activitat f\u00edsica i els valors de conviv\u00e8ncia i salut.<\/p>\n<p>La cursa, organitzada per l\u2019Hospital Germans Trias i Pujol, ha reunit enguany m\u00e9s de 720 participants, que han compartit una jornada marcada pel bon ambient i l\u2019esperit esportiu. L\u2019esdeveniment ha comptat tamb\u00e9 amb animaci\u00f3 i una batucada, gr\u00e0cies a la implicaci\u00f3 dels voluntaris de l\u2019hospital, que han contribu\u00eft a fer de la jornada una experi\u00e8ncia din\u00e0mica i festiva.<\/p>\n<p>Els participants han pogut escollir entre dos recorreguts, de 5,5 km o de 10 km. Tots dos itineraris han tingut com a punt de sortida i arribada el Campus Can Ruti, amb un tra\u00e7at que ha recorregut la Serralada de Marina, a Badalona, en un entorn natural privilegiat.","protected":false},"excerpt":{"rendered":"<p>Un any m\u00e9s, la Fundaci\u00f3 Vidal i Barraquer ha estat present a&#8230;<\/p>\n","protected":false},"author":33,"featured_media":18503,"comment_status":"closed","ping_status":"closed","sticky":false,"template":"","format":"standard","meta":{"footnotes":""},"categories":[56],"tags":[],"yoast_head":"<!-- This site is optimized with the Yoast SEO plugin v22.6 - https:\/\/yoast.com\/wordpress\/plugins\/seo\/ -->\n<title>Vint-i-dos professionals de la Fundaci\u00f3 participen a la 31a cursa de la Sanitat Catalana  - Fundaci\u00f3 Vidal i Barraquer<\/title>\n<meta name=\"robots\" content=\"index, follow, max-snippet:-1, max-image-preview:large, max-video-preview:-1\" \/>\n<link rel=\"canonical\" href=\"https:\/\/www.fvb.cat\/es\/?p=18502\" \/>\n<meta property=\"og:locale\" content=\"ca_ES\" \/>\n<meta property=\"og:type\" content=\"article\" \/>\n<meta property=\"og:title\" content=\"[:ca]Vint-i-dos professionals de la Fundaci\u00f3 participen a la 31a cursa de la Sanitat Catalana [:es]Veintid\u00f3s profesionales de la Fundaci\u00f3n participan en la 31\u00aa Carrera de la Sanidad Catalana[:] - Fundaci\u00f3 Vidal i Barraquer\" \/>\n<meta property=\"og:description\" content=\"Un any m\u00e9s, la Fundaci\u00f3 Vidal i Barraquer ha estat present a...\" \/>\n<meta property=\"og:url\" content=\"https:\/\/www.fvb.cat\/es\/?p=18502\" \/>\n<meta property=\"og:site_name\" content=\"Fundaci\u00f3 Vidal i Barraquer\" \/>\n<meta property=\"article:published_time\" content=\"2026-04-30T14:07:35+00:00\" \/>\n<meta property=\"og:image\" content=\"https:\/\/www.fvb.cat\/wp-content\/uploads\/2026\/04\/IMATGE-PROFESSIONALS-PARTICIPANTS-A-LA-CURSA.jpeg\" \/>\n\t<meta property=\"og:image:width\" content=\"1600\" \/>\n\t<meta property=\"og:image:height\" content=\"1200\" \/>\n\t<meta property=\"og:image:type\" content=\"image\/jpeg\" \/>\n<meta name=\"author\" content=\"Incidencies FVB\" \/>\n<meta name=\"twitter:card\" content=\"summary_large_image\" \/>\n<meta name=\"twitter:label1\" content=\"Escrit per\" \/>\n\t<meta name=\"twitter:data1\" content=\"Incidencies FVB\" \/>\n\t<meta name=\"twitter:label2\" content=\"Temps estimat de lectura\" \/>\n\t<meta name=\"twitter:data2\" content=\"1 minut\" \/>\n<script type=\"application\/ld+json\" class=\"yoast-schema-graph\">{\"@context\":\"https:\/\/schema.org\",\"@graph\":[{\"@type\":\"Article\",\"@id\":\"https:\/\/www.fvb.cat\/es\/?p=18502#article\",\"isPartOf\":{\"@id\":\"https:\/\/www.fvb.cat\/es\/?p=18502\"},\"author\":{\"name\":\"Incidencies FVB\",\"@id\":\"https:\/\/www.fvb.cat\/es\/#\/schema\/person\/83a51a8cdae04bb9ed05ac117cc725eb\"},\"headline\":\"Vint-i-dos professionals de la Fundaci\u00f3 participen a la 31a cursa de la Sanitat Catalana\",\"datePublished\":\"2026-04-30T14:07:35+00:00\",\"dateModified\":\"2026-04-30T14:07:35+00:00\",\"mainEntityOfPage\":{\"@id\":\"https:\/\/www.fvb.cat\/es\/?p=18502\"},\"wordCount\":394,\"publisher\":{\"@id\":\"https:\/\/www.fvb.cat\/es\/#organization\"},\"image\":{\"@id\":\"https:\/\/www.fvb.cat\/es\/?p=18502#primaryimage\"},\"thumbnailUrl\":\"https:\/\/www.fvb.cat\/wp-content\/uploads\/2026\/04\/IMATGE-PROFESSIONALS-PARTICIPANTS-A-LA-CURSA.jpeg\",\"articleSection\":[\"Actualitat\"],\"inLanguage\":\"ca\"},{\"@type\":\"WebPage\",\"@id\":\"https:\/\/www.fvb.cat\/es\/?p=18502\",\"url\":\"https:\/\/www.fvb.cat\/es\/?p=18502\",\"name\":\"[:ca]Vint-i-dos professionals de la Fundaci\u00f3 participen a la 31a cursa de la Sanitat Catalana [:es]Veintid\u00f3s profesionales de la Fundaci\u00f3n participan en la 31\u00aa Carrera de la Sanidad Catalana[:] - Fundaci\u00f3 Vidal i Barraquer\",\"isPartOf\":{\"@id\":\"https:\/\/www.fvb.cat\/es\/#website\"},\"primaryImageOfPage\":{\"@id\":\"https:\/\/www.fvb.cat\/es\/?p=18502#primaryimage\"},\"image\":{\"@id\":\"https:\/\/www.fvb.cat\/es\/?p=18502#primaryimage\"},\"thumbnailUrl\":\"https:\/\/www.fvb.cat\/wp-content\/uploads\/2026\/04\/IMATGE-PROFESSIONALS-PARTICIPANTS-A-LA-CURSA.jpeg\",\"datePublished\":\"2026-04-30T14:07:35+00:00\",\"dateModified\":\"2026-04-30T14:07:35+00:00\",\"breadcrumb\":{\"@id\":\"https:\/\/www.fvb.cat\/es\/?p=18502#breadcrumb\"},\"inLanguage\":\"ca\",\"potentialAction\":[{\"@type\":\"ReadAction\",\"target\":[\"https:\/\/www.fvb.cat\/es\/?p=18502\"]}]},{\"@type\":\"ImageObject\",\"inLanguage\":\"ca\",\"@id\":\"https:\/\/www.fvb.cat\/es\/?p=18502#primaryimage\",\"url\":\"https:\/\/www.fvb.cat\/wp-content\/uploads\/2026\/04\/IMATGE-PROFESSIONALS-PARTICIPANTS-A-LA-CURSA.jpeg\",\"contentUrl\":\"https:\/\/www.fvb.cat\/wp-content\/uploads\/2026\/04\/IMATGE-PROFESSIONALS-PARTICIPANTS-A-LA-CURSA.jpeg\",\"width\":1600,\"height\":1200},{\"@type\":\"BreadcrumbList\",\"@id\":\"https:\/\/www.fvb.cat\/es\/?p=18502#breadcrumb\",\"itemListElement\":[{\"@type\":\"ListItem\",\"position\":1,\"name\":\"Inici\",\"item\":\"https:\/\/www.fvb.cat\/es\/\"},{\"@type\":\"ListItem\",\"position\":2,\"name\":\"Veintid\u00f3s profesionales de la Fundaci\u00f3n participan en la 31\u00aa Carrera de la Sanidad Catalana\"}]},{\"@type\":\"WebSite\",\"@id\":\"https:\/\/www.fvb.cat\/es\/#website\",\"url\":\"https:\/\/www.fvb.cat\/es\/\",\"name\":\"Fundaci\u00f3 Vidal i Barraquer\",\"description\":\"Assist\u00e8ncia, doc\u00e8ncia i recerca en la salut mental\",\"publisher\":{\"@id\":\"https:\/\/www.fvb.cat\/es\/#organization\"},\"potentialAction\":[{\"@type\":\"SearchAction\",\"target\":{\"@type\":\"EntryPoint\",\"urlTemplate\":\"https:\/\/www.fvb.cat\/es\/?s={search_term_string}\"},\"query-input\":\"required name=search_term_string\"}],\"inLanguage\":\"ca\"},{\"@type\":\"Organization\",\"@id\":\"https:\/\/www.fvb.cat\/es\/#organization\",\"name\":\"Fundaci\u00f3 Vidal i Barraquer\",\"url\":\"https:\/\/www.fvb.cat\/es\/\",\"logo\":{\"@type\":\"ImageObject\",\"inLanguage\":\"ca\",\"@id\":\"https:\/\/www.fvb.cat\/es\/#\/schema\/logo\/image\/\",\"url\":\"https:\/\/www.fvb.cat\/wp-content\/uploads\/2024\/05\/logo-vidal-i-barrauqer-60-aniversari.jpg\",\"contentUrl\":\"https:\/\/www.fvb.cat\/wp-content\/uploads\/2024\/05\/logo-vidal-i-barrauqer-60-aniversari.jpg\",\"width\":2125,\"height\":703,\"caption\":\"Fundaci\u00f3 Vidal i Barraquer\"},\"image\":{\"@id\":\"https:\/\/www.fvb.cat\/es\/#\/schema\/logo\/image\/\"}},{\"@type\":\"Person\",\"@id\":\"https:\/\/www.fvb.cat\/es\/#\/schema\/person\/83a51a8cdae04bb9ed05ac117cc725eb\",\"name\":\"Incidencies FVB\",\"image\":{\"@type\":\"ImageObject\",\"inLanguage\":\"ca\",\"@id\":\"https:\/\/www.fvb.cat\/es\/#\/schema\/person\/image\/\",\"url\":\"https:\/\/secure.gravatar.com\/avatar\/e273473f44d68622f3c121bdf3d64154?s=96&d=mm&r=g\",\"contentUrl\":\"https:\/\/secure.gravatar.com\/avatar\/e273473f44d68622f3c121bdf3d64154?s=96&d=mm&r=g\",\"caption\":\"Incidencies FVB\"},\"url\":\"https:\/\/www.fvb.cat\/ca\/author\/incidencies-fvb\/\"}]}<\/script>\n<!-- \/ Yoast SEO plugin. -->","yoast_head_json":{"title":"[:ca]Vint-i-dos professionals de la Fundaci\u00f3 participen a la 31a cursa de la Sanitat Catalana [:es]Veintid\u00f3s profesionales de la Fundaci\u00f3n participan en la 31\u00aa Carrera de la Sanidad Catalana[:] - Fundaci\u00f3 Vidal i Barraquer","robots":{"index":"index","follow":"follow","max-snippet":"max-snippet:-1","max-image-preview":"max-image-preview:large","max-video-preview":"max-video-preview:-1"},"canonical":"https:\/\/www.fvb.cat\/es\/?p=18502","og_locale":"ca_ES","og_type":"article","og_title":"[:ca]Vint-i-dos professionals de la Fundaci\u00f3 participen a la 31a cursa de la Sanitat Catalana [:es]Veintid\u00f3s profesionales de la Fundaci\u00f3n participan en la 31\u00aa Carrera de la Sanidad Catalana[:] - Fundaci\u00f3 Vidal i Barraquer","og_description":"Un any m\u00e9s, la Fundaci\u00f3 Vidal i Barraquer ha estat present a...","og_url":"https:\/\/www.fvb.cat\/es\/?p=18502","og_site_name":"Fundaci\u00f3 Vidal i Barraquer","article_published_time":"2026-04-30T14:07:35+00:00","og_image":[{"width":1600,"height":1200,"url":"https:\/\/www.fvb.cat\/wp-content\/uploads\/2026\/04\/IMATGE-PROFESSIONALS-PARTICIPANTS-A-LA-CURSA.jpeg","type":"image\/jpeg"}],"author":"Incidencies FVB","twitter_card":"summary_large_image","twitter_misc":{"Escrit per":"Incidencies FVB","Temps estimat de lectura":"1 minut"},"schema":{"@context":"https:\/\/schema.org","@graph":[{"@type":"Article","@id":"https:\/\/www.fvb.cat\/es\/?p=18502#article","isPartOf":{"@id":"https:\/\/www.fvb.cat\/es\/?p=18502"},"author":{"name":"Incidencies FVB","@id":"https:\/\/www.fvb.cat\/es\/#\/schema\/person\/83a51a8cdae04bb9ed05ac117cc725eb"},"headline":"Vint-i-dos professionals de la Fundaci\u00f3 participen a la 31a cursa de la Sanitat Catalana","datePublished":"2026-04-30T14:07:35+00:00","dateModified":"2026-04-30T14:07:35+00:00","mainEntityOfPage":{"@id":"https:\/\/www.fvb.cat\/es\/?p=18502"},"wordCount":394,"publisher":{"@id":"https:\/\/www.fvb.cat\/es\/#organization"},"image":{"@id":"https:\/\/www.fvb.cat\/es\/?p=18502#primaryimage"},"thumbnailUrl":"https:\/\/www.fvb.cat\/wp-content\/uploads\/2026\/04\/IMATGE-PROFESSIONALS-PARTICIPANTS-A-LA-CURSA.jpeg","articleSection":["Actualitat"],"inLanguage":"ca"},{"@type":"WebPage","@id":"https:\/\/www.fvb.cat\/es\/?p=18502","url":"https:\/\/www.fvb.cat\/es\/?p=18502","name":"[:ca]Vint-i-dos professionals de la Fundaci\u00f3 participen a la 31a cursa de la Sanitat Catalana [:es]Veintid\u00f3s profesionales de la Fundaci\u00f3n participan en la 31\u00aa Carrera de la Sanidad Catalana[:] - Fundaci\u00f3 Vidal i Barraquer","isPartOf":{"@id":"https:\/\/www.fvb.cat\/es\/#website"},"primaryImageOfPage":{"@id":"https:\/\/www.fvb.cat\/es\/?p=18502#primaryimage"},"image":{"@id":"https:\/\/www.fvb.cat\/es\/?p=18502#primaryimage"},"thumbnailUrl":"https:\/\/www.fvb.cat\/wp-content\/uploads\/2026\/04\/IMATGE-PROFESSIONALS-PARTICIPANTS-A-LA-CURSA.jpeg","datePublished":"2026-04-30T14:07:35+00:00","dateModified":"2026-04-30T14:07:35+00:00","breadcrumb":{"@id":"https:\/\/www.fvb.cat\/es\/?p=18502#breadcrumb"},"inLanguage":"ca","potentialAction":[{"@type":"ReadAction","target":["https:\/\/www.fvb.cat\/es\/?p=18502"]}]},{"@type":"ImageObject","inLanguage":"ca","@id":"https:\/\/www.fvb.cat\/es\/?p=18502#primaryimage","url":"https:\/\/www.fvb.cat\/wp-content\/uploads\/2026\/04\/IMATGE-PROFESSIONALS-PARTICIPANTS-A-LA-CURSA.jpeg","contentUrl":"https:\/\/www.fvb.cat\/wp-content\/uploads\/2026\/04\/IMATGE-PROFESSIONALS-PARTICIPANTS-A-LA-CURSA.jpeg","width":1600,"height":1200},{"@type":"BreadcrumbList","@id":"https:\/\/www.fvb.cat\/es\/?p=18502#breadcrumb","itemListElement":[{"@type":"ListItem","position":1,"name":"Inici","item":"https:\/\/www.fvb.cat\/es\/"},{"@type":"ListItem","position":2,"name":"Veintid\u00f3s profesionales de la Fundaci\u00f3n participan en la 31\u00aa Carrera de la Sanidad Catalana"}]},{"@type":"WebSite","@id":"https:\/\/www.fvb.cat\/es\/#website","url":"https:\/\/www.fvb.cat\/es\/","name":"Fundaci\u00f3 Vidal i Barraquer","description":"Assist\u00e8ncia, doc\u00e8ncia i recerca en la salut mental","publisher":{"@id":"https:\/\/www.fvb.cat\/es\/#organization"},"potentialAction":[{"@type":"SearchAction","target":{"@type":"EntryPoint","urlTemplate":"https:\/\/www.fvb.cat\/es\/?s={search_term_string}"},"query-input":"required name=search_term_string"}],"inLanguage":"ca"},{"@type":"Organization","@id":"https:\/\/www.fvb.cat\/es\/#organization","name":"Fundaci\u00f3 Vidal i Barraquer","url":"https:\/\/www.fvb.cat\/es\/","logo":{"@type":"ImageObject","inLanguage":"ca","@id":"https:\/\/www.fvb.cat\/es\/#\/schema\/logo\/image\/","url":"https:\/\/www.fvb.cat\/wp-content\/uploads\/2024\/05\/logo-vidal-i-barrauqer-60-aniversari.jpg","contentUrl":"https:\/\/www.fvb.cat\/wp-content\/uploads\/2024\/05\/logo-vidal-i-barrauqer-60-aniversari.jpg","width":2125,"height":703,"caption":"Fundaci\u00f3 Vidal i Barraquer"},"image":{"@id":"https:\/\/www.fvb.cat\/es\/#\/schema\/logo\/image\/"}},{"@type":"Person","@id":"https:\/\/www.fvb.cat\/es\/#\/schema\/person\/83a51a8cdae04bb9ed05ac117cc725eb","name":"Incidencies FVB","image":{"@type":"ImageObject","inLanguage":"ca","@id":"https:\/\/www.fvb.cat\/es\/#\/schema\/person\/image\/","url":"https:\/\/secure.gravatar.com\/avatar\/e273473f44d68622f3c121bdf3d64154?s=96&d=mm&r=g","contentUrl":"https:\/\/secure.gravatar.com\/avatar\/e273473f44d68622f3c121bdf3d64154?s=96&d=mm&r=g","caption":"Incidencies FVB"},"url":"https:\/\/www.fvb.cat\/ca\/author\/incidencies-fvb\/"}]}},"_links":{"self":[{"href":"https:\/\/www.fvb.cat\/ca\/wp-json\/wp\/v2\/posts\/18502"}],"collection":[{"href":"https:\/\/www.fvb.cat\/ca\/wp-json\/wp\/v2\/posts"}],"about":[{"href":"https:\/\/www.fvb.cat\/ca\/wp-json\/wp\/v2\/types\/post"}],"author":[{"embeddable":true,"href":"https:\/\/www.fvb.cat\/ca\/wp-json\/wp\/v2\/users\/33"}],"replies":[{"embeddable":true,"href":"https:\/\/www.fvb.cat\/ca\/wp-json\/wp\/v2\/comments?post=18502"}],"version-history":[{"count":1,"href":"https:\/\/www.fvb.cat\/ca\/wp-json\/wp\/v2\/posts\/18502\/revisions"}],"predecessor-version":[{"id":18504,"href":"https:\/\/www.fvb.cat\/ca\/wp-json\/wp\/v2\/posts\/18502\/revisions\/18504"}],"wp:featuredmedia":[{"embeddable":true,"href":"https:\/\/www.fvb.cat\/ca\/wp-json\/wp\/v2\/media\/18503"}],"wp:attachment":[{"href":"https:\/\/www.fvb.cat\/ca\/wp-json\/wp\/v2\/media?parent=18502"}],"wp:term":[{"taxonomy":"category","embeddable":true,"href":"https:\/\/www.fvb.cat\/ca\/wp-json\/wp\/v2\/categories?post=18502"},{"taxonomy":"post_tag","embeddable":true,"href":"https:\/\/www.fvb.cat\/ca\/wp-json\/wp\/v2\/tags?post=18502"}],"curies":[{"name":"wp","href":"https:\/\/api.w.org\/{rel}","templated":true}]}}