{"id":17477,"date":"2024-05-12T11:48:03","date_gmt":"2024-05-12T10:48:03","guid":{"rendered":"https:\/\/www.fvb.cat\/ca\/?p=17477"},"modified":"2025-09-16T12:03:28","modified_gmt":"2025-09-16T11:03:28","slug":"la-iii-convocatoria-connecta-de-la-fundacio-la-caixa-premia-un-projecte-de-recerca-de-la-fundacio-vidal-i-barraquer","status":"publish","type":"post","link":"https:\/\/www.fvb.cat\/ca\/la-iii-convocatoria-connecta-de-la-fundacio-la-caixa-premia-un-projecte-de-recerca-de-la-fundacio-vidal-i-barraquer\/","title":{"rendered":"La III Convocat\u00f2ria Connecta de \u2018La Fundaci\u00f3 La Caixa\u2019 premia un projecte de recerca de la Fundaci\u00f3 Vidal i Barraquer"},"content":{"rendered":"<section class=\"l-section wpb_row height_medium\"><div class=\"l-section-h i-cf\"><div class=\"g-cols type_default valign_top\"><div class=\"vc_col-sm-12 wpb_column vc_column_container\"><div class=\"vc_column-inner\"><div class=\"wpb_wrapper\"><div class=\"wpb_text_column \"><div class=\"wpb_wrapper\">\n<h5>El projecte de recerca <em>Joves en alt risc psicopatol\u00f2gic i d\u2019exclusi\u00f3: impacte de l\u2019ECID en el seu benestar social <\/em>busca aconseguir un major suport emp\u00edric que avali la intervenci\u00f3 de l\u2019ECID. Amb aix\u00f2 es podr\u00e0 facilitar la implementaci\u00f3 d\u2019equips similars per tot el territori, cosa que multiplicar\u00e0 el benefici pels adolescents d\u2019alt risc d\u2019exclusi\u00f3 social.<\/h5>\n<p><!--more--><\/p>\n<p>Amb els anys hem vist que hi ha una evid\u00e8ncia emp\u00edrica sobre l\u2019efici\u00e8ncia de la intervenci\u00f3 de l\u2019ECID. El tractament ofert \u00e9s l\u2019efectiu amb joves de molt alt risc que a m\u00e9s a m\u00e9s, facilita la vinculaci\u00f3 al tractament per a adolescents de risc extremadament alt.<\/p>\n<blockquote>\n<p style=\"text-align: center;\">\u201cL\u2019objectiu principal de l\u2019ECID \u00e9s vincular-se als adolescents amb un personal que els acompanyar\u00e0 a reprendre un projecte de vida, atenent els trastorns mentals greus que pretenen\u201d.<\/p>\n<\/blockquote>\n<p>Amb aquests antecedents, la Fundaci\u00f3 Vidal i Barraquer juntament amb la Universitat del Pa\u00eds Basc (UPV\/EHU) i la Universitat de M\u00e0laga posen en marxa el projecte de recerca <em>Joves en alt risc psicopatol\u00f2gic i d\u2019exclusi\u00f3: impacte de l\u2019ECID en el seu benestar social. <\/em>Aquest projecte vol estudiar l\u2019impacte de la intervenci\u00f3 en l\u2019\u00e0mbit social, definint i avaluant els canvis en una s\u00e8rie d\u2019indicadors que serveixin a l\u2019equip de recerca per mesurar el valor de la intervenci\u00f3, m\u00e9s enll\u00e0 de l\u2019\u00e0mbit cl\u00ednic.<\/p>\n<p>L\u2019objectiu general del projecte <em>Joves en alt risc psicopatol\u00f2gic i d\u2019exclusi\u00f3: impacte de l\u2019ECID en el seu benestar social <\/em>\u00e9s avaluar l\u2019impacte en la millora del benestar emocional i social dels i les adolescents amb problemes de salut mental greus atesos a l\u2019ECID sota el paraigua del model AMBIT.<\/p>\n<p>La rellev\u00e0ncia i l\u2019impacte que aquest projecte pot tenir \u00e9s molt alt, ja que l\u2019objectiu de l\u2019ECID d\u2019ajudar a aquests adolescents a reconnectar-se amb el sistema, a reconstruir un projecte de vida, \u00e9s quelcom que pot minimitzar el risc que acabin convertits en consumidors cr\u00f2nics de recursos sanitaris i socials en un futur pr\u00f2xim.<\/p>\n<p>Aix\u00f2 permetr\u00e0 avaluar el valor de la intervenci\u00f3 de l\u2019ECID m\u00e9s enll\u00e0 de l\u2019efic\u00e0cia cl\u00ednica, a en estudiar aspectes com la vinculaci\u00f3 dels menors amb els professionals assistencials, la millora en l\u2019assist\u00e8ncia i rendiment acad\u00e8mic, la millora en la qualitat de les relacions socials i la millora en el benestar familiar, entre altres.<\/p>\n<blockquote>\n<p style=\"text-align: center;\">\u201cSi s\u2019aconsegueix un major suport emp\u00edric que avali la intervenci\u00f3 de l\u2019ECID, es podr\u00e0 facilitar la implementaci\u00f3 d\u2019equips similars per tot el territori, una cosa que multiplicar\u00e0 el benefici pels adolescents d\u2019alt risc d\u2019exclusi\u00f3 social\u201d.<\/p>\n<\/blockquote>\n<p>&nbsp;<\/p>\n<p><strong>QUINA METODOLOGIA SEGUIR\u00c0?<\/strong><\/p>\n<p>Partint de la base metodol\u00f2gica de m\u00e8todes mixtos, la proposta recull un proc\u00e9s de dos anys dividit en quatre fases i en el que es plantegen tres nivells de concreci\u00f3.<\/p>\n<p>Aquestes quatre fases es divideixen en dos anys. El 2024 (any d\u2019inici del projecte) es comen\u00e7a per la fase de diagn\u00f2stic i recollida de dades, on es realitzar\u00e0 amb una cerca l\u2019impacte de les diferents intervencions dutes a terme amb joves amb problemes de salut mental i conductuals.<\/p>\n<p>A la segona fase, tamb\u00e9 iniciada el 2024, s\u2019aprofundir\u00e0 en les veus i experi\u00e8ncies dels i les joves participants utilitzant diferents t\u00e8cniques narratives en un entorn segur en compartir les seves experi\u00e8ncies. A trav\u00e9s de les dades recopilades es dur\u00e0 a terme una an\u00e0lisi de contingut per examinar i extreure patrons tem\u00e0tics de les narratives recopilades identificant temes emergents i connexions entre elles.<\/p>\n<p>El 2025 es realitzaran les dues \u00faltimes fases. En primer lloc, la fase d\u2019an\u00e0lisi en la qual s\u2019analitzaran les dades de car\u00e0cter quantitatiu recollides en la primera fase i a l\u2019hist\u00f2ric del recurs des del 2018.<\/p>\n<p>Finalment, a l\u2019\u00faltima fase dels resultats es difondran en congressos cient\u00edfics, f\u00f2rums socials i sanitaris. Es realitzaran publicacions en revistes i seminaris finals per a compartir i debatre els resultats i orientacions a les millores.<\/p>\n<p>El coneixement generat per aquesta recerca permetr\u00e0 millorar les estrat\u00e8gies i t\u00e8cnica d\u2019intervenci\u00f3 espec\u00edfiques en tots els serveis i equips, amb el focus posat en aquesta poblaci\u00f3 que acumula factors de risc psicopatol\u00f2gic i social, amb l\u2019objectiu de minimitzar les greus conseq\u00fc\u00e8ncies derivades del fet que queden exclosos dels serveis assistencials i els processos formatius.<\/p>\n<\/div> <\/div> <\/div><\/div><\/div><\/div><\/div><\/section><section class=\"l-section wpb_row height_medium\"><div class=\"l-section-h i-cf\"><div class=\"g-cols type_default valign_top\"><div class=\"vc_col-sm-12 wpb_column vc_column_container\"><div class=\"vc_column-inner\"><div class=\"wpb_wrapper\"><div class=\"w-tabs layout_default accordion title_left icon_chevron iconpos_right \"><div class=\"w-tabs-list items_1\"><div class=\"w-tabs-list-h\"><div class=\"w-tabs-item\"><a href=\"#1758020091532-332623f6-a862\" class=\"w-tabs-item-h\"><span class=\"w-tabs-item-title\">QU\u00c8 \u00c9S L'ECID?<\/span><\/a><\/div>\n<\/div><\/div><div class=\"w-tabs-sections\"><div class=\"w-tabs-sections-h\"><div class=\"w-tabs-section\" id=\"1758020091532-332623f6-a862\"><a href=\"#1758020091532-332623f6-a862\" class=\"w-tabs-section-header\"><div class=\"w-tabs-section-header-h\"><h5 class=\"w-tabs-section-title\">QU\u00c8 \u00c9S L'ECID?<\/h5><div class=\"w-tabs-section-control\"><\/div><\/div><\/a><div class=\"w-tabs-section-content\"><div class=\"w-tabs-section-content-h i-cf\"><div class=\"wpb_text_column \"><div class=\"wpb_wrapper\"><p>L\u2019Equip Cl\u00ednic d\u2019Intervenci\u00f3 a Domicili (ECID), \u00e9s el primer equip a la xarxa p\u00fablica de salut mental \u00e9s Espanya (2017) per a atendre a aquest grup d\u2019adolescents. L\u2019objectiu principal \u00e9s vincular als adolescents amb un professional que els acompanyar\u00e0 a reprendre un projecte de vida, atenent els trastorns mentals greus que presenten, facilitant la re-vinculaci\u00f3 a un proc\u00e9s formatiu i refor\u00e7ant la seva xarxa de relacions existents. Per aix\u00f2, el\/la professional s\u2019adapta a la situaci\u00f3 particular i necessitats espec\u00edfiques de cada adolescent, atenent-los on acceptin.<\/p>\n<p>La majoria dels joves que compleixin criteris per ser atesos per l\u2019ECID acaben exclosos de l\u2019assist\u00e8ncia com que no es poden adaptar al que els serveis existents poden oferir, augmentant el risc de deteriorament i cronicitat psicopatol\u00f2gicament, social i acad\u00e8mica-laboral. El fet que continu\u00efn desatesos i absentistes t\u00e9 un cost molt alt personalment i per les seves fam\u00edlies, per\u00f2 tamb\u00e9 un elevat cost econ\u00f2mic per a l\u2019administraci\u00f3, si es cronifica el trastorn mental i l\u2019exclusi\u00f3 social.<\/p><\/div> <\/div> <\/div><\/div><\/div><\/div><\/div><\/div><\/div><\/div><\/div><\/div><\/div><\/section>","protected":false},"excerpt":{"rendered":"<p>El projecte de recerca Joves en alt risc psicopatol\u00f2gic i d\u2019exclusi\u00f3: impacte&#8230;<\/p>\n","protected":false},"author":33,"featured_media":17478,"comment_status":"closed","ping_status":"closed","sticky":false,"template":"","format":"standard","meta":{"footnotes":""},"categories":[56,610],"tags":[245,613,603,611,612],"yoast_head":"<!-- This site is optimized with the Yoast SEO plugin v22.6 - https:\/\/yoast.com\/wordpress\/plugins\/seo\/ -->\n<title>La III Convocat\u00f2ria Connecta de \u2018La Fundaci\u00f3 La Caixa\u2019 premia un projecte de recerca de la FVB<\/title>\n<meta name=\"description\" content=\"El projecte Joves en alt risc psicopatol\u00f2gic i d\u2019exclusi\u00f3: impacte de l\u2019ECID en el seu benestar social busca aconseguir un major suport emp\u00edric\" \/>\n<meta name=\"robots\" content=\"index, follow, max-snippet:-1, max-image-preview:large, max-video-preview:-1\" \/>\n<link rel=\"canonical\" href=\"https:\/\/www.fvb.cat\/ca\/?p=17477\" \/>\n<meta property=\"og:locale\" content=\"ca_ES\" \/>\n<meta property=\"og:type\" content=\"article\" \/>\n<meta property=\"og:title\" content=\"La III Convocat\u00f2ria Connecta de \u2018La Fundaci\u00f3 La Caixa\u2019 premia un projecte de recerca de la FVB\" \/>\n<meta property=\"og:description\" content=\"El projecte Joves en alt risc psicopatol\u00f2gic i d\u2019exclusi\u00f3: impacte de l\u2019ECID en el seu benestar social busca aconseguir un major suport emp\u00edric\" \/>\n<meta property=\"og:url\" content=\"https:\/\/www.fvb.cat\/ca\/?p=17477\" \/>\n<meta property=\"og:site_name\" content=\"Fundaci\u00f3 Vidal i Barraquer\" \/>\n<meta property=\"article:published_time\" content=\"2024-05-12T10:48:03+00:00\" \/>\n<meta property=\"article:modified_time\" content=\"2025-09-16T11:03:28+00:00\" \/>\n<meta property=\"og:image\" content=\"https:\/\/www.fvb.cat\/wp-content\/uploads\/2025\/09\/adolescente_a_pixabay.png\" \/>\n\t<meta property=\"og:image:width\" content=\"671\" \/>\n\t<meta property=\"og:image:height\" content=\"390\" \/>\n\t<meta property=\"og:image:type\" content=\"image\/png\" \/>\n<meta name=\"author\" content=\"Incidencies FVB\" \/>\n<meta name=\"twitter:card\" content=\"summary_large_image\" \/>\n<meta name=\"twitter:label1\" content=\"Escrit per\" \/>\n\t<meta name=\"twitter:data1\" content=\"Incidencies FVB\" \/>\n\t<meta name=\"twitter:label2\" content=\"Temps estimat de lectura\" \/>\n\t<meta name=\"twitter:data2\" content=\"6 minuts\" \/>\n<script type=\"application\/ld+json\" class=\"yoast-schema-graph\">{\"@context\":\"https:\/\/schema.org\",\"@graph\":[{\"@type\":\"Article\",\"@id\":\"https:\/\/www.fvb.cat\/ca\/?p=17477#article\",\"isPartOf\":{\"@id\":\"https:\/\/www.fvb.cat\/ca\/?p=17477\"},\"author\":{\"name\":\"Incidencies FVB\",\"@id\":\"https:\/\/www.fvb.cat\/es\/#\/schema\/person\/83a51a8cdae04bb9ed05ac117cc725eb\"},\"headline\":\"La III Convocat\u00f2ria Connecta de \u2018La Fundaci\u00f3 La Caixa\u2019 premia un projecte de recerca de la Fundaci\u00f3 Vidal i Barraquer\",\"datePublished\":\"2024-05-12T10:48:03+00:00\",\"dateModified\":\"2025-09-16T11:03:28+00:00\",\"mainEntityOfPage\":{\"@id\":\"https:\/\/www.fvb.cat\/ca\/?p=17477\"},\"wordCount\":2132,\"publisher\":{\"@id\":\"https:\/\/www.fvb.cat\/es\/#organization\"},\"image\":{\"@id\":\"https:\/\/www.fvb.cat\/ca\/?p=17477#primaryimage\"},\"thumbnailUrl\":\"https:\/\/www.fvb.cat\/wp-content\/uploads\/2025\/09\/adolescente_a_pixabay.png\",\"keywords\":[\"ECID\",\"Exclusi\u00f3\",\"joves\",\"LaCaixa\",\"Psicopatologia\"],\"articleSection\":[\"Actualitat\",\"ECID\"],\"inLanguage\":\"ca\"},{\"@type\":\"WebPage\",\"@id\":\"https:\/\/www.fvb.cat\/ca\/?p=17477\",\"url\":\"https:\/\/www.fvb.cat\/ca\/?p=17477\",\"name\":\"La III Convocat\u00f2ria Connecta de \u2018La Fundaci\u00f3 La Caixa\u2019 premia un projecte de recerca de la FVB\",\"isPartOf\":{\"@id\":\"https:\/\/www.fvb.cat\/es\/#website\"},\"primaryImageOfPage\":{\"@id\":\"https:\/\/www.fvb.cat\/ca\/?p=17477#primaryimage\"},\"image\":{\"@id\":\"https:\/\/www.fvb.cat\/ca\/?p=17477#primaryimage\"},\"thumbnailUrl\":\"https:\/\/www.fvb.cat\/wp-content\/uploads\/2025\/09\/adolescente_a_pixabay.png\",\"datePublished\":\"2024-05-12T10:48:03+00:00\",\"dateModified\":\"2025-09-16T11:03:28+00:00\",\"description\":\"El projecte Joves en alt risc psicopatol\u00f2gic i d\u2019exclusi\u00f3: impacte de l\u2019ECID en el seu benestar social busca aconseguir un major suport emp\u00edric\",\"breadcrumb\":{\"@id\":\"https:\/\/www.fvb.cat\/ca\/?p=17477#breadcrumb\"},\"inLanguage\":\"ca\",\"potentialAction\":[{\"@type\":\"ReadAction\",\"target\":[\"https:\/\/www.fvb.cat\/ca\/?p=17477\"]}]},{\"@type\":\"ImageObject\",\"inLanguage\":\"ca\",\"@id\":\"https:\/\/www.fvb.cat\/ca\/?p=17477#primaryimage\",\"url\":\"https:\/\/www.fvb.cat\/wp-content\/uploads\/2025\/09\/adolescente_a_pixabay.png\",\"contentUrl\":\"https:\/\/www.fvb.cat\/wp-content\/uploads\/2025\/09\/adolescente_a_pixabay.png\",\"width\":671,\"height\":390},{\"@type\":\"BreadcrumbList\",\"@id\":\"https:\/\/www.fvb.cat\/ca\/?p=17477#breadcrumb\",\"itemListElement\":[{\"@type\":\"ListItem\",\"position\":1,\"name\":\"Inici\",\"item\":\"https:\/\/www.fvb.cat\/es\/\"},{\"@type\":\"ListItem\",\"position\":2,\"name\":\"La III Convocat\u00f2ria Connecta de \u2018La Fundaci\u00f3 La Caixa\u2019 premia un projecte de recerca de la Fundaci\u00f3 Vidal i Barraquer\"}]},{\"@type\":\"WebSite\",\"@id\":\"https:\/\/www.fvb.cat\/es\/#website\",\"url\":\"https:\/\/www.fvb.cat\/es\/\",\"name\":\"Fundaci\u00f3 Vidal i Barraquer\",\"description\":\"Assist\u00e8ncia, doc\u00e8ncia i recerca en la salut mental\",\"publisher\":{\"@id\":\"https:\/\/www.fvb.cat\/es\/#organization\"},\"potentialAction\":[{\"@type\":\"SearchAction\",\"target\":{\"@type\":\"EntryPoint\",\"urlTemplate\":\"https:\/\/www.fvb.cat\/es\/?s={search_term_string}\"},\"query-input\":\"required name=search_term_string\"}],\"inLanguage\":\"ca\"},{\"@type\":\"Organization\",\"@id\":\"https:\/\/www.fvb.cat\/es\/#organization\",\"name\":\"Fundaci\u00f3 Vidal i Barraquer\",\"url\":\"https:\/\/www.fvb.cat\/es\/\",\"logo\":{\"@type\":\"ImageObject\",\"inLanguage\":\"ca\",\"@id\":\"https:\/\/www.fvb.cat\/es\/#\/schema\/logo\/image\/\",\"url\":\"https:\/\/www.fvb.cat\/wp-content\/uploads\/2024\/05\/logo-vidal-i-barrauqer-60-aniversari.jpg\",\"contentUrl\":\"https:\/\/www.fvb.cat\/wp-content\/uploads\/2024\/05\/logo-vidal-i-barrauqer-60-aniversari.jpg\",\"width\":2125,\"height\":703,\"caption\":\"Fundaci\u00f3 Vidal i Barraquer\"},\"image\":{\"@id\":\"https:\/\/www.fvb.cat\/es\/#\/schema\/logo\/image\/\"}},{\"@type\":\"Person\",\"@id\":\"https:\/\/www.fvb.cat\/es\/#\/schema\/person\/83a51a8cdae04bb9ed05ac117cc725eb\",\"name\":\"Incidencies FVB\",\"image\":{\"@type\":\"ImageObject\",\"inLanguage\":\"ca\",\"@id\":\"https:\/\/www.fvb.cat\/es\/#\/schema\/person\/image\/\",\"url\":\"https:\/\/secure.gravatar.com\/avatar\/e273473f44d68622f3c121bdf3d64154?s=96&d=mm&r=g\",\"contentUrl\":\"https:\/\/secure.gravatar.com\/avatar\/e273473f44d68622f3c121bdf3d64154?s=96&d=mm&r=g\",\"caption\":\"Incidencies FVB\"},\"url\":\"https:\/\/www.fvb.cat\/ca\/author\/incidencies-fvb\/\"}]}<\/script>\n<!-- \/ Yoast SEO plugin. -->","yoast_head_json":{"title":"La III Convocat\u00f2ria Connecta de \u2018La Fundaci\u00f3 La Caixa\u2019 premia un projecte de recerca de la FVB","description":"El projecte Joves en alt risc psicopatol\u00f2gic i d\u2019exclusi\u00f3: impacte de l\u2019ECID en el seu benestar social busca aconseguir un major suport emp\u00edric","robots":{"index":"index","follow":"follow","max-snippet":"max-snippet:-1","max-image-preview":"max-image-preview:large","max-video-preview":"max-video-preview:-1"},"canonical":"https:\/\/www.fvb.cat\/ca\/?p=17477","og_locale":"ca_ES","og_type":"article","og_title":"La III Convocat\u00f2ria Connecta de \u2018La Fundaci\u00f3 La Caixa\u2019 premia un projecte de recerca de la FVB","og_description":"El projecte Joves en alt risc psicopatol\u00f2gic i d\u2019exclusi\u00f3: impacte de l\u2019ECID en el seu benestar social busca aconseguir un major suport emp\u00edric","og_url":"https:\/\/www.fvb.cat\/ca\/?p=17477","og_site_name":"Fundaci\u00f3 Vidal i Barraquer","article_published_time":"2024-05-12T10:48:03+00:00","article_modified_time":"2025-09-16T11:03:28+00:00","og_image":[{"width":671,"height":390,"url":"https:\/\/www.fvb.cat\/wp-content\/uploads\/2025\/09\/adolescente_a_pixabay.png","type":"image\/png"}],"author":"Incidencies FVB","twitter_card":"summary_large_image","twitter_misc":{"Escrit per":"Incidencies FVB","Temps estimat de lectura":"6 minuts"},"schema":{"@context":"https:\/\/schema.org","@graph":[{"@type":"Article","@id":"https:\/\/www.fvb.cat\/ca\/?p=17477#article","isPartOf":{"@id":"https:\/\/www.fvb.cat\/ca\/?p=17477"},"author":{"name":"Incidencies FVB","@id":"https:\/\/www.fvb.cat\/es\/#\/schema\/person\/83a51a8cdae04bb9ed05ac117cc725eb"},"headline":"La III Convocat\u00f2ria Connecta de \u2018La Fundaci\u00f3 La Caixa\u2019 premia un projecte de recerca de la Fundaci\u00f3 Vidal i Barraquer","datePublished":"2024-05-12T10:48:03+00:00","dateModified":"2025-09-16T11:03:28+00:00","mainEntityOfPage":{"@id":"https:\/\/www.fvb.cat\/ca\/?p=17477"},"wordCount":2132,"publisher":{"@id":"https:\/\/www.fvb.cat\/es\/#organization"},"image":{"@id":"https:\/\/www.fvb.cat\/ca\/?p=17477#primaryimage"},"thumbnailUrl":"https:\/\/www.fvb.cat\/wp-content\/uploads\/2025\/09\/adolescente_a_pixabay.png","keywords":["ECID","Exclusi\u00f3","joves","LaCaixa","Psicopatologia"],"articleSection":["Actualitat","ECID"],"inLanguage":"ca"},{"@type":"WebPage","@id":"https:\/\/www.fvb.cat\/ca\/?p=17477","url":"https:\/\/www.fvb.cat\/ca\/?p=17477","name":"La III Convocat\u00f2ria Connecta de \u2018La Fundaci\u00f3 La Caixa\u2019 premia un projecte de recerca de la FVB","isPartOf":{"@id":"https:\/\/www.fvb.cat\/es\/#website"},"primaryImageOfPage":{"@id":"https:\/\/www.fvb.cat\/ca\/?p=17477#primaryimage"},"image":{"@id":"https:\/\/www.fvb.cat\/ca\/?p=17477#primaryimage"},"thumbnailUrl":"https:\/\/www.fvb.cat\/wp-content\/uploads\/2025\/09\/adolescente_a_pixabay.png","datePublished":"2024-05-12T10:48:03+00:00","dateModified":"2025-09-16T11:03:28+00:00","description":"El projecte Joves en alt risc psicopatol\u00f2gic i d\u2019exclusi\u00f3: impacte de l\u2019ECID en el seu benestar social busca aconseguir un major suport emp\u00edric","breadcrumb":{"@id":"https:\/\/www.fvb.cat\/ca\/?p=17477#breadcrumb"},"inLanguage":"ca","potentialAction":[{"@type":"ReadAction","target":["https:\/\/www.fvb.cat\/ca\/?p=17477"]}]},{"@type":"ImageObject","inLanguage":"ca","@id":"https:\/\/www.fvb.cat\/ca\/?p=17477#primaryimage","url":"https:\/\/www.fvb.cat\/wp-content\/uploads\/2025\/09\/adolescente_a_pixabay.png","contentUrl":"https:\/\/www.fvb.cat\/wp-content\/uploads\/2025\/09\/adolescente_a_pixabay.png","width":671,"height":390},{"@type":"BreadcrumbList","@id":"https:\/\/www.fvb.cat\/ca\/?p=17477#breadcrumb","itemListElement":[{"@type":"ListItem","position":1,"name":"Inici","item":"https:\/\/www.fvb.cat\/es\/"},{"@type":"ListItem","position":2,"name":"La III Convocat\u00f2ria Connecta de \u2018La Fundaci\u00f3 La Caixa\u2019 premia un projecte de recerca de la Fundaci\u00f3 Vidal i Barraquer"}]},{"@type":"WebSite","@id":"https:\/\/www.fvb.cat\/es\/#website","url":"https:\/\/www.fvb.cat\/es\/","name":"Fundaci\u00f3 Vidal i Barraquer","description":"Assist\u00e8ncia, doc\u00e8ncia i recerca en la salut mental","publisher":{"@id":"https:\/\/www.fvb.cat\/es\/#organization"},"potentialAction":[{"@type":"SearchAction","target":{"@type":"EntryPoint","urlTemplate":"https:\/\/www.fvb.cat\/es\/?s={search_term_string}"},"query-input":"required name=search_term_string"}],"inLanguage":"ca"},{"@type":"Organization","@id":"https:\/\/www.fvb.cat\/es\/#organization","name":"Fundaci\u00f3 Vidal i Barraquer","url":"https:\/\/www.fvb.cat\/es\/","logo":{"@type":"ImageObject","inLanguage":"ca","@id":"https:\/\/www.fvb.cat\/es\/#\/schema\/logo\/image\/","url":"https:\/\/www.fvb.cat\/wp-content\/uploads\/2024\/05\/logo-vidal-i-barrauqer-60-aniversari.jpg","contentUrl":"https:\/\/www.fvb.cat\/wp-content\/uploads\/2024\/05\/logo-vidal-i-barrauqer-60-aniversari.jpg","width":2125,"height":703,"caption":"Fundaci\u00f3 Vidal i Barraquer"},"image":{"@id":"https:\/\/www.fvb.cat\/es\/#\/schema\/logo\/image\/"}},{"@type":"Person","@id":"https:\/\/www.fvb.cat\/es\/#\/schema\/person\/83a51a8cdae04bb9ed05ac117cc725eb","name":"Incidencies FVB","image":{"@type":"ImageObject","inLanguage":"ca","@id":"https:\/\/www.fvb.cat\/es\/#\/schema\/person\/image\/","url":"https:\/\/secure.gravatar.com\/avatar\/e273473f44d68622f3c121bdf3d64154?s=96&d=mm&r=g","contentUrl":"https:\/\/secure.gravatar.com\/avatar\/e273473f44d68622f3c121bdf3d64154?s=96&d=mm&r=g","caption":"Incidencies FVB"},"url":"https:\/\/www.fvb.cat\/ca\/author\/incidencies-fvb\/"}]}},"_links":{"self":[{"href":"https:\/\/www.fvb.cat\/ca\/wp-json\/wp\/v2\/posts\/17477"}],"collection":[{"href":"https:\/\/www.fvb.cat\/ca\/wp-json\/wp\/v2\/posts"}],"about":[{"href":"https:\/\/www.fvb.cat\/ca\/wp-json\/wp\/v2\/types\/post"}],"author":[{"embeddable":true,"href":"https:\/\/www.fvb.cat\/ca\/wp-json\/wp\/v2\/users\/33"}],"replies":[{"embeddable":true,"href":"https:\/\/www.fvb.cat\/ca\/wp-json\/wp\/v2\/comments?post=17477"}],"version-history":[{"count":2,"href":"https:\/\/www.fvb.cat\/ca\/wp-json\/wp\/v2\/posts\/17477\/revisions"}],"predecessor-version":[{"id":17480,"href":"https:\/\/www.fvb.cat\/ca\/wp-json\/wp\/v2\/posts\/17477\/revisions\/17480"}],"wp:featuredmedia":[{"embeddable":true,"href":"https:\/\/www.fvb.cat\/ca\/wp-json\/wp\/v2\/media\/17478"}],"wp:attachment":[{"href":"https:\/\/www.fvb.cat\/ca\/wp-json\/wp\/v2\/media?parent=17477"}],"wp:term":[{"taxonomy":"category","embeddable":true,"href":"https:\/\/www.fvb.cat\/ca\/wp-json\/wp\/v2\/categories?post=17477"},{"taxonomy":"post_tag","embeddable":true,"href":"https:\/\/www.fvb.cat\/ca\/wp-json\/wp\/v2\/tags?post=17477"}],"curies":[{"name":"wp","href":"https:\/\/api.w.org\/{rel}","templated":true}]}}