{"id":17470,"date":"2024-10-30T10:52:37","date_gmt":"2024-10-30T09:52:37","guid":{"rendered":"https:\/\/www.fvb.cat\/ca\/?p=17470"},"modified":"2025-09-16T11:21:43","modified_gmt":"2025-09-16T10:21:43","slug":"ladolescencia-es-una-epoca-de-florida-pero-tambe-de-dubtes-i-malestars-laia-ferrer","status":"publish","type":"post","link":"https:\/\/www.fvb.cat\/ca\/entrevista-a-fondo-equip-guia\/","title":{"rendered":"\u201cL\u2019adolesc\u00e8ncia \u00e9s una \u00e8poca de florida, per\u00f2 tamb\u00e9 de dubtes i malestars\u201d \u2013 Laia Ferrer"},"content":{"rendered":"<section class=\"l-section wpb_row height_medium\"><div class=\"l-section-h i-cf\"><div class=\"g-cols type_default valign_top\"><div class=\"vc_col-sm-12 wpb_column vc_column_container\"><div class=\"vc_column-inner\"><div class=\"wpb_wrapper\"><div class=\"wpb_text_column \"><div class=\"wpb_wrapper\">\n<h5>La periodista Gemma Nierga conversa amb Laia Ferrer, psic\u00f2loga cl\u00ednica i coordinadora de l\u2019<a href=\"https:\/\/www.fvb.cat\/ca\/assistencia-publica\/equip-guia-maresme-barcelones-nord\/\">Equip Guia del Barcelon\u00e8s Nord i Maresme Central<\/a> de la Fundaci\u00f3 Vidal i Barraquer al programa <a href=\"https:\/\/fundacionlacaixa.org\/es\/programas-sociales-a-fondo\"><em>A fondo<\/em><\/a> per explorar les causes de l\u2019augment dels problemes de salut mental en la joventut i com podem, com a societat, oferir un suport efectiu.<\/h5>\n<p><!--more--><\/p>\n<p>Actualment, veiem publicats moltes dades sobre adolescents, joves i salut mental, per\u00f2 moltes vegades no aprofundim en elles. Algunes d\u2019aquestes revelen que \u201cl\u2019ansietat, la depressi\u00f3 o l\u2019estr\u00e8s en un 75% dels casos abans dels vint-i-cinc anys\u201d. La psic\u00f2loga cl\u00ednica, Laia Ferrer aclareix que majorit\u00e0riament \u201cels joves sofreixen d\u2019ansietat i depressi\u00f3, per\u00f2 com a formes reactives o situacions estressants que viuen al seu dia a dia\u201d. El problema arriba quan aquestes situacions es tornen cr\u00f2niques perqu\u00e8 no es troben les formes de resoldre les dificultats emocionals o quan els joves venen de viure situacions traum\u00e0tiques o experi\u00e8ncies molt dif\u00edcils en la seva inf\u00e0ncia i adolesc\u00e8ncia. Tot aix\u00f2 es pot agreujar quan es tornen cr\u00f2niques i romanen quan comen\u00e7a la vida adulta.<\/p>\n<p>Solem pensar en l\u2019adolesc\u00e8ncia com a una \u00e8poca de florida, per a provar, fer activitats, inicis i primeres vegades. Per\u00f2 tamb\u00e9 \u00e9s una \u00e8poca en qu\u00e8 els i les joves travessen molts dubtes, malestars i a vegades expressen aquest malestar fent-se mal a ells i elles mateixes.<\/p>\n<p>Afortunadament, en molts casos darrere del patiment hi ha una ajuda de professionals. On ens hem de preocupar com a societat \u00e9s quan s\u00ed que existeix el desig real de desapar\u00e8ixer o morir en aquests joves.<\/p>\n<p>La coordinadora de l\u2019<a href=\"https:\/\/www.fvb.cat\/ca\/assistencia-publica\/equip-guia-maresme-barcelones-nord\/\">Equip Guia<\/a> de la Fundaci\u00f3 Vidal i Barraquer explica que els canvis bruscos s\u00f3n una dels grans senyals que ens poden indicar que hi ha un problema de salut mental. Per exemple, quan deixen de gaudir de coses que els feien feli\u00e7os, deixen de tenir relacions socials, etc. Totes aquestes podrien ser senyals que hi ha alguna cosa que est\u00e0 passant, que els joves pateixen i que per algun motiu no poden explicar, possiblement perqu\u00e8 ells mateixos tampoc els saben entendre.<\/p>\n<p><strong>Qui \u00e9s el primer a adonar-se\u2019n?<\/strong> Moltes vegades els primers en adonar-se s\u00f3n els mateixos companys de classe a l\u2019institut o l\u2019entorn dels amics i amigues del\/la jove, ja que a vegades la fam\u00edlia \u00e9s la font dels conflictes.<\/p>\n<p>Una altra de les problem\u00e0tiques amb les qu\u00e8 es troben els joves amb alguna problem\u00e0tica de salut mental \u00e9s la cerca de treball. Sigui perqu\u00e8 existeix un estigma o perqu\u00e8 ells\/es mateixos\/es no saben com afrontar aquest proc\u00e9s. Per aix\u00f2 existeixen programes com <a href=\"https:\/\/fundacionlacaixa.org\/es\/programa-incorpora\"><em>Incorpora<\/em> de la Fundaci\u00f3 \u201cla Caixa\u201d<\/a> que juguen el paper de sensibilitzar a les empreses a l\u2019hora de contractar joves amb problemes de salut mental.<\/p>\n<p>Finalment, la Laia Ferrer demana un desig, que la salut mental ha comen\u00e7at a rebre recursos i tenir una import\u00e0ncia i rellev\u00e0ncia en la societat. Ara, el repte que tenim segons la coordinadora de l\u2019<a href=\"https:\/\/www.fvb.cat\/ca\/assistencia-publica\/equip-guia-maresme-barcelones-nord\/\">Equip Guia<\/a> \u00e9s no abandonar l\u2019esfor\u00e7 i continuar treballant per disminuir l\u2019estigma.<\/p>\n<\/div> <\/div> <\/div><\/div><\/div><\/div><\/div><\/section><section class=\"l-section wpb_row height_medium\"><div class=\"l-section-h i-cf\"><div class=\"g-cols type_default valign_top\"><div class=\"vc_col-sm-12 wpb_column vc_column_container\"><div class=\"vc_column-inner\"><div class=\"wpb_wrapper\"><div class=\"w-video ratio_16x9\"><div class=\"w-video-h\"><iframe loading=\"lazy\" width=\"420\" height=\"315\" src=\"\/\/www.youtube.com\/embed\/WybIyE5CEc8?rel=0\" allowfullscreen><\/iframe><\/div><\/div><\/div><\/div><\/div><\/div><\/div><\/section>","protected":false},"excerpt":{"rendered":"<p>La periodista Gemma Nierga conversa amb Laia Ferrer, psic\u00f2loga cl\u00ednica i coordinadora&#8230;<\/p>\n","protected":false},"author":33,"featured_media":17471,"comment_status":"closed","ping_status":"closed","sticky":false,"template":"","format":"standard","meta":{"footnotes":""},"categories":[56,601],"tags":[246,604,603,602,149],"yoast_head":"<!-- This site is optimized with the Yoast SEO plugin v22.6 - https:\/\/yoast.com\/wordpress\/plugins\/seo\/ -->\n<title>L&#039;adolesc\u00e8ncia \u00e9s una \u00e8poca de florida per\u00f2 tamb\u00e9 de dubtes<\/title>\n<meta name=\"description\" content=\"Una entrevista per explorar les causes de l\u2019augment dels problemes de salut mental en la joventut i com podem oferir un suport efectiu.\" \/>\n<meta name=\"robots\" content=\"index, follow, max-snippet:-1, max-image-preview:large, max-video-preview:-1\" \/>\n<link rel=\"canonical\" href=\"https:\/\/www.fvb.cat\/ca\/?p=17470\" \/>\n<meta property=\"og:locale\" content=\"ca_ES\" \/>\n<meta property=\"og:type\" content=\"article\" \/>\n<meta property=\"og:title\" content=\"L&#039;adolesc\u00e8ncia \u00e9s una \u00e8poca de florida per\u00f2 tamb\u00e9 de dubtes\" \/>\n<meta property=\"og:description\" content=\"Una entrevista per explorar les causes de l\u2019augment dels problemes de salut mental en la joventut i com podem oferir un suport efectiu.\" \/>\n<meta property=\"og:url\" content=\"https:\/\/www.fvb.cat\/ca\/?p=17470\" \/>\n<meta property=\"og:site_name\" content=\"Fundaci\u00f3 Vidal i Barraquer\" \/>\n<meta property=\"article:published_time\" content=\"2024-10-30T09:52:37+00:00\" \/>\n<meta property=\"article:modified_time\" content=\"2025-09-16T10:21:43+00:00\" \/>\n<meta property=\"og:image\" content=\"https:\/\/www.fvb.cat\/wp-content\/uploads\/2025\/09\/Entrevista-A-FONDO_l.ferrer_a_f.lacaixa.png\" \/>\n\t<meta property=\"og:image:width\" content=\"1103\" \/>\n\t<meta property=\"og:image:height\" content=\"597\" \/>\n\t<meta property=\"og:image:type\" content=\"image\/png\" \/>\n<meta name=\"author\" content=\"Incidencies FVB\" \/>\n<meta name=\"twitter:card\" content=\"summary_large_image\" \/>\n<meta name=\"twitter:label1\" content=\"Escrit per\" \/>\n\t<meta name=\"twitter:data1\" content=\"Incidencies FVB\" \/>\n\t<meta name=\"twitter:label2\" content=\"Temps estimat de lectura\" \/>\n\t<meta name=\"twitter:data2\" content=\"3 minuts\" \/>\n<script type=\"application\/ld+json\" class=\"yoast-schema-graph\">{\"@context\":\"https:\/\/schema.org\",\"@graph\":[{\"@type\":\"Article\",\"@id\":\"https:\/\/www.fvb.cat\/ca\/?p=17470#article\",\"isPartOf\":{\"@id\":\"https:\/\/www.fvb.cat\/ca\/?p=17470\"},\"author\":{\"name\":\"Incidencies FVB\",\"@id\":\"https:\/\/www.fvb.cat\/es\/#\/schema\/person\/83a51a8cdae04bb9ed05ac117cc725eb\"},\"headline\":\"\u201cL\u2019adolesc\u00e8ncia \u00e9s una \u00e8poca de florida, per\u00f2 tamb\u00e9 de dubtes i malestars\u201d \u2013 Laia Ferrer\",\"datePublished\":\"2024-10-30T09:52:37+00:00\",\"dateModified\":\"2025-09-16T10:21:43+00:00\",\"mainEntityOfPage\":{\"@id\":\"https:\/\/www.fvb.cat\/ca\/?p=17470\"},\"wordCount\":1190,\"publisher\":{\"@id\":\"https:\/\/www.fvb.cat\/es\/#organization\"},\"image\":{\"@id\":\"https:\/\/www.fvb.cat\/ca\/?p=17470#primaryimage\"},\"thumbnailUrl\":\"https:\/\/www.fvb.cat\/wp-content\/uploads\/2025\/09\/Entrevista-A-FONDO_l.ferrer_a_f.lacaixa.png\",\"keywords\":[\"adolescents\",\"Fundaci\u00f3 la Caixa\",\"joves\",\"LaiaFerrer\",\"Psicologia\"],\"articleSection\":[\"Actualitat\",\"EQUIP GUIA\"],\"inLanguage\":\"ca\"},{\"@type\":\"WebPage\",\"@id\":\"https:\/\/www.fvb.cat\/ca\/?p=17470\",\"url\":\"https:\/\/www.fvb.cat\/ca\/?p=17470\",\"name\":\"L'adolesc\u00e8ncia \u00e9s una \u00e8poca de florida per\u00f2 tamb\u00e9 de dubtes\",\"isPartOf\":{\"@id\":\"https:\/\/www.fvb.cat\/es\/#website\"},\"primaryImageOfPage\":{\"@id\":\"https:\/\/www.fvb.cat\/ca\/?p=17470#primaryimage\"},\"image\":{\"@id\":\"https:\/\/www.fvb.cat\/ca\/?p=17470#primaryimage\"},\"thumbnailUrl\":\"https:\/\/www.fvb.cat\/wp-content\/uploads\/2025\/09\/Entrevista-A-FONDO_l.ferrer_a_f.lacaixa.png\",\"datePublished\":\"2024-10-30T09:52:37+00:00\",\"dateModified\":\"2025-09-16T10:21:43+00:00\",\"description\":\"Una entrevista per explorar les causes de l\u2019augment dels problemes de salut mental en la joventut i com podem oferir un suport efectiu.\",\"breadcrumb\":{\"@id\":\"https:\/\/www.fvb.cat\/ca\/?p=17470#breadcrumb\"},\"inLanguage\":\"ca\",\"potentialAction\":[{\"@type\":\"ReadAction\",\"target\":[\"https:\/\/www.fvb.cat\/ca\/?p=17470\"]}]},{\"@type\":\"ImageObject\",\"inLanguage\":\"ca\",\"@id\":\"https:\/\/www.fvb.cat\/ca\/?p=17470#primaryimage\",\"url\":\"https:\/\/www.fvb.cat\/wp-content\/uploads\/2025\/09\/Entrevista-A-FONDO_l.ferrer_a_f.lacaixa.png\",\"contentUrl\":\"https:\/\/www.fvb.cat\/wp-content\/uploads\/2025\/09\/Entrevista-A-FONDO_l.ferrer_a_f.lacaixa.png\",\"width\":1103,\"height\":597},{\"@type\":\"BreadcrumbList\",\"@id\":\"https:\/\/www.fvb.cat\/ca\/?p=17470#breadcrumb\",\"itemListElement\":[{\"@type\":\"ListItem\",\"position\":1,\"name\":\"Inici\",\"item\":\"https:\/\/www.fvb.cat\/es\/\"},{\"@type\":\"ListItem\",\"position\":2,\"name\":\"\u201cL\u2019adolesc\u00e8ncia \u00e9s una \u00e8poca de florida, per\u00f2 tamb\u00e9 de dubtes i malestars\u201d \u2013 Laia Ferrer\"}]},{\"@type\":\"WebSite\",\"@id\":\"https:\/\/www.fvb.cat\/es\/#website\",\"url\":\"https:\/\/www.fvb.cat\/es\/\",\"name\":\"Fundaci\u00f3 Vidal i Barraquer\",\"description\":\"Assist\u00e8ncia, doc\u00e8ncia i recerca en la salut mental\",\"publisher\":{\"@id\":\"https:\/\/www.fvb.cat\/es\/#organization\"},\"potentialAction\":[{\"@type\":\"SearchAction\",\"target\":{\"@type\":\"EntryPoint\",\"urlTemplate\":\"https:\/\/www.fvb.cat\/es\/?s={search_term_string}\"},\"query-input\":\"required name=search_term_string\"}],\"inLanguage\":\"ca\"},{\"@type\":\"Organization\",\"@id\":\"https:\/\/www.fvb.cat\/es\/#organization\",\"name\":\"Fundaci\u00f3 Vidal i Barraquer\",\"url\":\"https:\/\/www.fvb.cat\/es\/\",\"logo\":{\"@type\":\"ImageObject\",\"inLanguage\":\"ca\",\"@id\":\"https:\/\/www.fvb.cat\/es\/#\/schema\/logo\/image\/\",\"url\":\"https:\/\/www.fvb.cat\/wp-content\/uploads\/2024\/05\/logo-vidal-i-barrauqer-60-aniversari.jpg\",\"contentUrl\":\"https:\/\/www.fvb.cat\/wp-content\/uploads\/2024\/05\/logo-vidal-i-barrauqer-60-aniversari.jpg\",\"width\":2125,\"height\":703,\"caption\":\"Fundaci\u00f3 Vidal i Barraquer\"},\"image\":{\"@id\":\"https:\/\/www.fvb.cat\/es\/#\/schema\/logo\/image\/\"}},{\"@type\":\"Person\",\"@id\":\"https:\/\/www.fvb.cat\/es\/#\/schema\/person\/83a51a8cdae04bb9ed05ac117cc725eb\",\"name\":\"Incidencies FVB\",\"image\":{\"@type\":\"ImageObject\",\"inLanguage\":\"ca\",\"@id\":\"https:\/\/www.fvb.cat\/es\/#\/schema\/person\/image\/\",\"url\":\"https:\/\/secure.gravatar.com\/avatar\/e273473f44d68622f3c121bdf3d64154?s=96&d=mm&r=g\",\"contentUrl\":\"https:\/\/secure.gravatar.com\/avatar\/e273473f44d68622f3c121bdf3d64154?s=96&d=mm&r=g\",\"caption\":\"Incidencies FVB\"},\"url\":\"https:\/\/www.fvb.cat\/ca\/author\/incidencies-fvb\/\"}]}<\/script>\n<!-- \/ Yoast SEO plugin. -->","yoast_head_json":{"title":"L'adolesc\u00e8ncia \u00e9s una \u00e8poca de florida per\u00f2 tamb\u00e9 de dubtes","description":"Una entrevista per explorar les causes de l\u2019augment dels problemes de salut mental en la joventut i com podem oferir un suport efectiu.","robots":{"index":"index","follow":"follow","max-snippet":"max-snippet:-1","max-image-preview":"max-image-preview:large","max-video-preview":"max-video-preview:-1"},"canonical":"https:\/\/www.fvb.cat\/ca\/?p=17470","og_locale":"ca_ES","og_type":"article","og_title":"L'adolesc\u00e8ncia \u00e9s una \u00e8poca de florida per\u00f2 tamb\u00e9 de dubtes","og_description":"Una entrevista per explorar les causes de l\u2019augment dels problemes de salut mental en la joventut i com podem oferir un suport efectiu.","og_url":"https:\/\/www.fvb.cat\/ca\/?p=17470","og_site_name":"Fundaci\u00f3 Vidal i Barraquer","article_published_time":"2024-10-30T09:52:37+00:00","article_modified_time":"2025-09-16T10:21:43+00:00","og_image":[{"width":1103,"height":597,"url":"https:\/\/www.fvb.cat\/wp-content\/uploads\/2025\/09\/Entrevista-A-FONDO_l.ferrer_a_f.lacaixa.png","type":"image\/png"}],"author":"Incidencies FVB","twitter_card":"summary_large_image","twitter_misc":{"Escrit per":"Incidencies FVB","Temps estimat de lectura":"3 minuts"},"schema":{"@context":"https:\/\/schema.org","@graph":[{"@type":"Article","@id":"https:\/\/www.fvb.cat\/ca\/?p=17470#article","isPartOf":{"@id":"https:\/\/www.fvb.cat\/ca\/?p=17470"},"author":{"name":"Incidencies FVB","@id":"https:\/\/www.fvb.cat\/es\/#\/schema\/person\/83a51a8cdae04bb9ed05ac117cc725eb"},"headline":"\u201cL\u2019adolesc\u00e8ncia \u00e9s una \u00e8poca de florida, per\u00f2 tamb\u00e9 de dubtes i malestars\u201d \u2013 Laia Ferrer","datePublished":"2024-10-30T09:52:37+00:00","dateModified":"2025-09-16T10:21:43+00:00","mainEntityOfPage":{"@id":"https:\/\/www.fvb.cat\/ca\/?p=17470"},"wordCount":1190,"publisher":{"@id":"https:\/\/www.fvb.cat\/es\/#organization"},"image":{"@id":"https:\/\/www.fvb.cat\/ca\/?p=17470#primaryimage"},"thumbnailUrl":"https:\/\/www.fvb.cat\/wp-content\/uploads\/2025\/09\/Entrevista-A-FONDO_l.ferrer_a_f.lacaixa.png","keywords":["adolescents","Fundaci\u00f3 la Caixa","joves","LaiaFerrer","Psicologia"],"articleSection":["Actualitat","EQUIP GUIA"],"inLanguage":"ca"},{"@type":"WebPage","@id":"https:\/\/www.fvb.cat\/ca\/?p=17470","url":"https:\/\/www.fvb.cat\/ca\/?p=17470","name":"L'adolesc\u00e8ncia \u00e9s una \u00e8poca de florida per\u00f2 tamb\u00e9 de dubtes","isPartOf":{"@id":"https:\/\/www.fvb.cat\/es\/#website"},"primaryImageOfPage":{"@id":"https:\/\/www.fvb.cat\/ca\/?p=17470#primaryimage"},"image":{"@id":"https:\/\/www.fvb.cat\/ca\/?p=17470#primaryimage"},"thumbnailUrl":"https:\/\/www.fvb.cat\/wp-content\/uploads\/2025\/09\/Entrevista-A-FONDO_l.ferrer_a_f.lacaixa.png","datePublished":"2024-10-30T09:52:37+00:00","dateModified":"2025-09-16T10:21:43+00:00","description":"Una entrevista per explorar les causes de l\u2019augment dels problemes de salut mental en la joventut i com podem oferir un suport efectiu.","breadcrumb":{"@id":"https:\/\/www.fvb.cat\/ca\/?p=17470#breadcrumb"},"inLanguage":"ca","potentialAction":[{"@type":"ReadAction","target":["https:\/\/www.fvb.cat\/ca\/?p=17470"]}]},{"@type":"ImageObject","inLanguage":"ca","@id":"https:\/\/www.fvb.cat\/ca\/?p=17470#primaryimage","url":"https:\/\/www.fvb.cat\/wp-content\/uploads\/2025\/09\/Entrevista-A-FONDO_l.ferrer_a_f.lacaixa.png","contentUrl":"https:\/\/www.fvb.cat\/wp-content\/uploads\/2025\/09\/Entrevista-A-FONDO_l.ferrer_a_f.lacaixa.png","width":1103,"height":597},{"@type":"BreadcrumbList","@id":"https:\/\/www.fvb.cat\/ca\/?p=17470#breadcrumb","itemListElement":[{"@type":"ListItem","position":1,"name":"Inici","item":"https:\/\/www.fvb.cat\/es\/"},{"@type":"ListItem","position":2,"name":"\u201cL\u2019adolesc\u00e8ncia \u00e9s una \u00e8poca de florida, per\u00f2 tamb\u00e9 de dubtes i malestars\u201d \u2013 Laia Ferrer"}]},{"@type":"WebSite","@id":"https:\/\/www.fvb.cat\/es\/#website","url":"https:\/\/www.fvb.cat\/es\/","name":"Fundaci\u00f3 Vidal i Barraquer","description":"Assist\u00e8ncia, doc\u00e8ncia i recerca en la salut mental","publisher":{"@id":"https:\/\/www.fvb.cat\/es\/#organization"},"potentialAction":[{"@type":"SearchAction","target":{"@type":"EntryPoint","urlTemplate":"https:\/\/www.fvb.cat\/es\/?s={search_term_string}"},"query-input":"required name=search_term_string"}],"inLanguage":"ca"},{"@type":"Organization","@id":"https:\/\/www.fvb.cat\/es\/#organization","name":"Fundaci\u00f3 Vidal i Barraquer","url":"https:\/\/www.fvb.cat\/es\/","logo":{"@type":"ImageObject","inLanguage":"ca","@id":"https:\/\/www.fvb.cat\/es\/#\/schema\/logo\/image\/","url":"https:\/\/www.fvb.cat\/wp-content\/uploads\/2024\/05\/logo-vidal-i-barrauqer-60-aniversari.jpg","contentUrl":"https:\/\/www.fvb.cat\/wp-content\/uploads\/2024\/05\/logo-vidal-i-barrauqer-60-aniversari.jpg","width":2125,"height":703,"caption":"Fundaci\u00f3 Vidal i Barraquer"},"image":{"@id":"https:\/\/www.fvb.cat\/es\/#\/schema\/logo\/image\/"}},{"@type":"Person","@id":"https:\/\/www.fvb.cat\/es\/#\/schema\/person\/83a51a8cdae04bb9ed05ac117cc725eb","name":"Incidencies FVB","image":{"@type":"ImageObject","inLanguage":"ca","@id":"https:\/\/www.fvb.cat\/es\/#\/schema\/person\/image\/","url":"https:\/\/secure.gravatar.com\/avatar\/e273473f44d68622f3c121bdf3d64154?s=96&d=mm&r=g","contentUrl":"https:\/\/secure.gravatar.com\/avatar\/e273473f44d68622f3c121bdf3d64154?s=96&d=mm&r=g","caption":"Incidencies FVB"},"url":"https:\/\/www.fvb.cat\/ca\/author\/incidencies-fvb\/"}]}},"_links":{"self":[{"href":"https:\/\/www.fvb.cat\/ca\/wp-json\/wp\/v2\/posts\/17470"}],"collection":[{"href":"https:\/\/www.fvb.cat\/ca\/wp-json\/wp\/v2\/posts"}],"about":[{"href":"https:\/\/www.fvb.cat\/ca\/wp-json\/wp\/v2\/types\/post"}],"author":[{"embeddable":true,"href":"https:\/\/www.fvb.cat\/ca\/wp-json\/wp\/v2\/users\/33"}],"replies":[{"embeddable":true,"href":"https:\/\/www.fvb.cat\/ca\/wp-json\/wp\/v2\/comments?post=17470"}],"version-history":[{"count":2,"href":"https:\/\/www.fvb.cat\/ca\/wp-json\/wp\/v2\/posts\/17470\/revisions"}],"predecessor-version":[{"id":17473,"href":"https:\/\/www.fvb.cat\/ca\/wp-json\/wp\/v2\/posts\/17470\/revisions\/17473"}],"wp:featuredmedia":[{"embeddable":true,"href":"https:\/\/www.fvb.cat\/ca\/wp-json\/wp\/v2\/media\/17471"}],"wp:attachment":[{"href":"https:\/\/www.fvb.cat\/ca\/wp-json\/wp\/v2\/media?parent=17470"}],"wp:term":[{"taxonomy":"category","embeddable":true,"href":"https:\/\/www.fvb.cat\/ca\/wp-json\/wp\/v2\/categories?post=17470"},{"taxonomy":"post_tag","embeddable":true,"href":"https:\/\/www.fvb.cat\/ca\/wp-json\/wp\/v2\/tags?post=17470"}],"curies":[{"name":"wp","href":"https:\/\/api.w.org\/{rel}","templated":true}]}}