{"id":17264,"date":"2025-07-10T10:22:20","date_gmt":"2025-07-10T09:22:20","guid":{"rendered":"https:\/\/www.fvb.cat\/ca\/?p=17264"},"modified":"2025-07-10T10:25:44","modified_gmt":"2025-07-10T09:25:44","slug":"i-jornada-dinnovacio-en-psicoterapia","status":"publish","type":"post","link":"https:\/\/www.fvb.cat\/ca\/mes-de-150-persones-assisteixen-a-la-i-jornada-dinnovacio-en-psicoterapia-de-la-fundacio-vidal-i-barraquer\/","title":{"rendered":"M\u00e9s de 150 persones assisteixen a la I Jornada d\u2019Innovaci\u00f3 en Psicoter\u00e0pia de la Fundaci\u00f3 Vidal i Barraquer"},"content":{"rendered":"El Palau Macaya de Barcelona ha acollit el 4 de juliol la I Jornada d\u2019Innovaci\u00f3 en Psicoter\u00e0pia, amb un format en l\u00ednia i presencial. Una jornada en qu\u00e8 s\u2019ha pogut explorar innovacions en el camp de la psicoter\u00e0pia. S\u2019han abordat aportacions de models psicoterap\u00e8utics adaptats a la realitat del m\u00f3n contemporani, que integren la perspectiva acad\u00e8mica i cl\u00ednica per abordar el patiment emocional i els trastorns mentals.<\/p>\n<p><!--more--><\/p>\n<p>S\u2019ha pogut comptar amb la pres\u00e8ncia de tres professionals de renom nacional i internacional com s\u00f3n <a href=\"https:\/\/neurocenter-unige.ch\/research-groups\/martin-debbane\/\">Martin Debban\u00e9<\/a>, professor de Psicopatologia al Departament de Recerca de Psicologia Cl\u00ednica, Educativa i de la Salut, University College London. <a href=\"https:\/\/ca.wikipedia.org\/wiki\/Neus_Barrantes-Vidal\">Neus Vidal Barrantes<\/a>, professora del Departament de Psicologia Cl\u00ednica i de la Salut de la Universitat Aut\u00f2noma de Barcelona (UAB). I, <a href=\"https:\/\/www.linkedin.com\/in\/jorge-ti%C3%B3-rodr%C3%ADguez-67945470\/?original_referer=https%3A%2F%2Fwww%2Egoogle%2Ecom%2F&amp;originalSubdomain=es\">Jorge Ti\u00f3<\/a>, psicoanalista de la Societat Espanyola de Psicoan\u00e0lisi i la International Psychoanalytical Association.<\/p>\n<p>La interacci\u00f3 entre la investigaci\u00f3 i la pr\u00e0ctica cl\u00ednica \u00e9s fonamental per garantir tractaments m\u00e9s efectius i ajustats a les necessitats individuals de les persones ateses. Per aix\u00f2, aquesta jornada reuneix professionals, investigadors i estudiants interessats i interessades en el desenvolupament i l\u2019aplicaci\u00f3 de metodologies innovadores.<\/p>\n<p>La jornada ha comen\u00e7at amb la pon\u00e8ncia de Jorge Ti\u00f3 titulada \u2018Adolesc\u00e8ncia i Transgressi\u00f3: Psicoter\u00e0pia a p\u00fabers i adolescents denunciats per transgressors de la llei\u2019. Ti\u00f3 ha explicat les diferents extensions de l\u2019Equip d\u2019Atenci\u00f3 al Menor de Pere Claver Grup. Aquest equip, guardonat el 2009 amb una menci\u00f3 honor\u00edfica del Departament de Just\u00edcia de la Generalitat de Catalunya, desenvolupa un programa d\u2019atenci\u00f3 en salut mental a adolescents denunciats al sistema de Just\u00edcia Juvenil.<\/p>\n<div id=\"attachment_17268\" style=\"width: 235px\" class=\"wp-caption aligncenter\"><img loading=\"lazy\" decoding=\"async\" aria-describedby=\"caption-attachment-17268\" class=\"wp-image-17268 size-medium\" src=\"https:\/\/www.fvb.cat\/wp-content\/uploads\/2025\/07\/JORGE-TIO-JORNADA_A_FVB-225x300.jpg\" alt=\"\" width=\"225\" height=\"300\" srcset=\"https:\/\/www.fvb.cat\/wp-content\/uploads\/2025\/07\/JORGE-TIO-JORNADA_A_FVB-225x300.jpg 225w, https:\/\/www.fvb.cat\/wp-content\/uploads\/2025\/07\/JORGE-TIO-JORNADA_A_FVB-768x1024.jpg 768w, https:\/\/www.fvb.cat\/wp-content\/uploads\/2025\/07\/JORGE-TIO-JORNADA_A_FVB-1152x1536.jpg 1152w, https:\/\/www.fvb.cat\/wp-content\/uploads\/2025\/07\/JORGE-TIO-JORNADA_A_FVB-1536x2048.jpg 1536w, https:\/\/www.fvb.cat\/wp-content\/uploads\/2025\/07\/JORGE-TIO-JORNADA_A_FVB-320x427.jpg 320w, https:\/\/www.fvb.cat\/wp-content\/uploads\/2025\/07\/JORGE-TIO-JORNADA_A_FVB-480x640.jpg 480w, https:\/\/www.fvb.cat\/wp-content\/uploads\/2025\/07\/JORGE-TIO-JORNADA_A_FVB-800x1067.jpg 800w, https:\/\/www.fvb.cat\/wp-content\/uploads\/2025\/07\/JORGE-TIO-JORNADA_A_FVB-600x800.jpg 600w, https:\/\/www.fvb.cat\/wp-content\/uploads\/2025\/07\/JORGE-TIO-JORNADA_A_FVB-scaled.jpg 1920w\" sizes=\"(max-width: 225px) 100vw, 225px\" \/><p id=\"caption-attachment-17268\" class=\"wp-caption-text\">Jorge Ti\u00f3, psicoanalista de la Societat Espanyola de Psicoan\u00e0lisi i la International Psychoanalytical Association<\/p><\/div>\n<p>&nbsp;<\/p>\n<p>Durant la jornada, hi ha hagut un espai per fer l\u2019entrega de la primera edici\u00f3 de dues beques. La Beca Jordi Font i Rodon, per cursar el <a href=\"https:\/\/www.fvb.cat\/ca\/docencia\/master-de-formacio-permanent-psicoterapia-psicoanalitica-contemporania-2025\/\">M\u00e0ster de Formaci\u00f3 Permanent en Psicoter\u00e0pia Psicoanal\u00edtica Contempor\u00e0nia<\/a> (MPPC) on el jurat ha determinat que la guanyadora sigui la Sara Marco, que ha rebut la beca de la m\u00e0 del president del Patronat de la Fundaci\u00f3 Vidal i Barraquer, el Sr. Xavier Trias.<\/p>\n<p>Marco, emocionada de poder cursar el m\u00e0ster aquest curs, donava les gr\u00e0cies a l\u2019Institut Universitari de Salut Mental Vidal i Barraquer i la Universitat Ramon Llull per donar-li aquesta oportunitat. El MPPC \u00e9s un m\u00e0ster propi de l\u2019URL que fa vint-i-nou anys que forma a generacions de psicoterapeutes, segons ha explicat el Dr. Mark Dangerfield, <a href=\"https:\/\/www.fvb.cat\/ca\/docencia\/\">director de l\u2019IUSM<\/a>.<\/p>\n<p>La segona beca entregada durant el dia ha estat per cursar la primera edici\u00f3 del <a href=\"https:\/\/www.fvb.cat\/ca\/docencia\/master-formacio-permanent-psicoterapia-psicodinamica-en-la-perinatalitat-la-infancia-i-adolescencia\/\">M\u00e0ster de Formaci\u00f3 Permanent en Psicoter\u00e0pia en la Perinatalitat, la Inf\u00e0ncia i l\u2019Adolesc\u00e8ncia (MPPPIA)<\/a>. Un m\u00e0ster, que com ha explicat la directora, Marta Golan\u00f3, s\u2019ha creat amb la col\u00b7laboraci\u00f3 de diferents entitats amb una traject\u00f2ria llarga i consolidada.<\/p>\n<p>La guanyadora de la beca Fernando Angulo ha estat Fedra Pischedda. Li ha fet entrega de la beca el Sr. \u00c0lex Angulo, membre del Patronat de la Fundaci\u00f3 Fernando Angulo. Pischedda ha assegurat que el m\u00e0ster li donar\u00e0 \u201ctotes les eines per l\u2019escolta a aquests nens\/es i poder-ho fer des del respecte m\u00e9s gran possible que \u00e9s l\u2019enfocament psicodin\u00e0mic psicoanal\u00edtic\u201d.<\/p>\n<div id=\"attachment_17269\" style=\"width: 235px\" class=\"wp-caption aligncenter\"><img loading=\"lazy\" decoding=\"async\" aria-describedby=\"caption-attachment-17269\" class=\"wp-image-17269 size-medium\" src=\"https:\/\/www.fvb.cat\/wp-content\/uploads\/2025\/07\/JORNADA-NEUS_A_FVB-225x300.jpg\" alt=\"\" width=\"225\" height=\"300\" srcset=\"https:\/\/www.fvb.cat\/wp-content\/uploads\/2025\/07\/JORNADA-NEUS_A_FVB-225x300.jpg 225w, https:\/\/www.fvb.cat\/wp-content\/uploads\/2025\/07\/JORNADA-NEUS_A_FVB-768x1024.jpg 768w, https:\/\/www.fvb.cat\/wp-content\/uploads\/2025\/07\/JORNADA-NEUS_A_FVB-1152x1536.jpg 1152w, https:\/\/www.fvb.cat\/wp-content\/uploads\/2025\/07\/JORNADA-NEUS_A_FVB-1536x2048.jpg 1536w, https:\/\/www.fvb.cat\/wp-content\/uploads\/2025\/07\/JORNADA-NEUS_A_FVB-320x427.jpg 320w, https:\/\/www.fvb.cat\/wp-content\/uploads\/2025\/07\/JORNADA-NEUS_A_FVB-480x640.jpg 480w, https:\/\/www.fvb.cat\/wp-content\/uploads\/2025\/07\/JORNADA-NEUS_A_FVB-800x1067.jpg 800w, https:\/\/www.fvb.cat\/wp-content\/uploads\/2025\/07\/JORNADA-NEUS_A_FVB-600x800.jpg 600w, https:\/\/www.fvb.cat\/wp-content\/uploads\/2025\/07\/JORNADA-NEUS_A_FVB-scaled.jpg 1920w\" sizes=\"(max-width: 225px) 100vw, 225px\" \/><p id=\"caption-attachment-17269\" class=\"wp-caption-text\">Neus Vidal Barrantes, professora del Departament de Psicologia Cl\u00ednica i de la Salut de la Universitat Aut\u00f2noma de Barcelona (UAB)<\/p><\/div>\n<p>&nbsp;<\/p>\n<p>La segona pon\u00e8ncia de la jornada ha estat a c\u00e0rrec de Neus Vidal Barrantes sota el t\u00edtol \u2018Sensibilitat gen\u00e8tica a l\u2019ambient psicosocial advers i protector: implicacions per a la comprensi\u00f3 causal dels trastorns i els tractaments\u2019. Barrantes ha presentat resultats en exclusiva en aquesta jornada que avalen \u201cla import\u00e0ncia radical d\u2019invertir fons p\u00fablics en fer tractaments psicoterap\u00e8utics des de la gen\u00e8tica\u201d, segons ha explicat la mateixa ponent.<\/p>\n<p>Finalment, Martin Debban\u00e9 ha tancat la I Jornada d\u2019Innovaci\u00f3 en Psicoter\u00e0pia amb la seva pon\u00e8ncia titulada \u2018Atenci\u00f3 i emocions: un enfocament des del model del <a href=\"https:\/\/www.annafreud.org\/\">Tractament Basat en la Mentalitzaci\u00f3 (MBT)<\/a> per a adolescents amb TDAH. On ha explicat diferents recerques que es duen a terme i diferents intervencions basades en la mentalitzaci\u00f3 que poden ser un complement a all\u00f2 que ja existeix en l\u2019\u00e0mbit del TDAH.<\/p>\n<div id=\"attachment_17270\" style=\"width: 235px\" class=\"wp-caption aligncenter\"><img loading=\"lazy\" decoding=\"async\" aria-describedby=\"caption-attachment-17270\" class=\"wp-image-17270 size-medium\" src=\"https:\/\/www.fvb.cat\/wp-content\/uploads\/2025\/07\/MARTIN-DEBBANE_A_FVB-225x300.jpg\" alt=\"\" width=\"225\" height=\"300\" srcset=\"https:\/\/www.fvb.cat\/wp-content\/uploads\/2025\/07\/MARTIN-DEBBANE_A_FVB-225x300.jpg 225w, https:\/\/www.fvb.cat\/wp-content\/uploads\/2025\/07\/MARTIN-DEBBANE_A_FVB-768x1024.jpg 768w, https:\/\/www.fvb.cat\/wp-content\/uploads\/2025\/07\/MARTIN-DEBBANE_A_FVB-1152x1536.jpg 1152w, https:\/\/www.fvb.cat\/wp-content\/uploads\/2025\/07\/MARTIN-DEBBANE_A_FVB-1536x2048.jpg 1536w, https:\/\/www.fvb.cat\/wp-content\/uploads\/2025\/07\/MARTIN-DEBBANE_A_FVB-320x427.jpg 320w, https:\/\/www.fvb.cat\/wp-content\/uploads\/2025\/07\/MARTIN-DEBBANE_A_FVB-480x640.jpg 480w, https:\/\/www.fvb.cat\/wp-content\/uploads\/2025\/07\/MARTIN-DEBBANE_A_FVB-800x1067.jpg 800w, https:\/\/www.fvb.cat\/wp-content\/uploads\/2025\/07\/MARTIN-DEBBANE_A_FVB-600x800.jpg 600w, https:\/\/www.fvb.cat\/wp-content\/uploads\/2025\/07\/MARTIN-DEBBANE_A_FVB-scaled.jpg 1920w\" sizes=\"(max-width: 225px) 100vw, 225px\" \/><p id=\"caption-attachment-17270\" class=\"wp-caption-text\">Martin Debban\u00e9, professor de Psicopatologia al Departament de Recerca de Psicologia Cl\u00ednica, Educativa i de la Salut, University College London<\/p><\/div>\n<p>&nbsp;<\/p>\n<h5 style=\"text-align: center;\">Recupera la I Jornada d&#8217;Innovaci\u00f3 en Psicoter\u00e0pia completa<\/h5>\n<p>&nbsp;","protected":false},"excerpt":{"rendered":"<p>El Palau Macaya de Barcelona ha acollit el 4 de juliol la&#8230;<\/p>\n","protected":false},"author":33,"featured_media":17266,"comment_status":"closed","ping_status":"closed","sticky":false,"template":"","format":"standard","meta":{"footnotes":""},"categories":[56],"tags":[52,51,581,216,584,585,583,582,232],"yoast_head":"<!-- This site is optimized with the Yoast SEO plugin v22.6 - https:\/\/yoast.com\/wordpress\/plugins\/seo\/ -->\n<title>M\u00e9s de 150 persones assisteixen a la I Jornada d\u2019Innovaci\u00f3 en Psicoter\u00e0pia de la Fundaci\u00f3 Vidal i Barraquer - Fundaci\u00f3 Vidal i Barraquer<\/title>\n<meta name=\"robots\" content=\"index, follow, max-snippet:-1, max-image-preview:large, max-video-preview:-1\" \/>\n<link rel=\"canonical\" href=\"https:\/\/www.fvb.cat\/ca\/?p=17264\" \/>\n<meta property=\"og:locale\" content=\"ca_ES\" \/>\n<meta property=\"og:type\" content=\"article\" \/>\n<meta property=\"og:title\" content=\"[:ca]M\u00e9s de 150 persones assisteixen a la I Jornada d\u2019Innovaci\u00f3 en Psicoter\u00e0pia de la Fundaci\u00f3 Vidal i Barraquer[:es]M\u00e1s de 150 personas asisten a la I Jornada de Innovaci\u00f3n en Psicoterapia de la Fundaci\u00f3n Vidal i Barraquer [:] - Fundaci\u00f3 Vidal i Barraquer\" \/>\n<meta property=\"og:description\" content=\"El Palau Macaya de Barcelona ha acollit el 4 de juliol la...\" \/>\n<meta property=\"og:url\" content=\"https:\/\/www.fvb.cat\/ca\/?p=17264\" \/>\n<meta property=\"og:site_name\" content=\"Fundaci\u00f3 Vidal i Barraquer\" \/>\n<meta property=\"article:published_time\" content=\"2025-07-10T09:22:20+00:00\" \/>\n<meta property=\"article:modified_time\" content=\"2025-07-10T09:25:44+00:00\" \/>\n<meta property=\"og:image\" content=\"https:\/\/www.fvb.cat\/wp-content\/uploads\/2025\/07\/IMG-PORTADA-JORNADA_A_FVB-scaled.jpg\" \/>\n\t<meta property=\"og:image:width\" content=\"2560\" \/>\n\t<meta property=\"og:image:height\" content=\"1920\" \/>\n\t<meta property=\"og:image:type\" content=\"image\/jpeg\" \/>\n<meta name=\"author\" content=\"Incidencies FVB\" \/>\n<meta name=\"twitter:card\" content=\"summary_large_image\" \/>\n<meta name=\"twitter:label1\" content=\"Escrit per\" \/>\n\t<meta name=\"twitter:data1\" content=\"Incidencies FVB\" \/>\n\t<meta name=\"twitter:label2\" content=\"Temps estimat de lectura\" \/>\n\t<meta name=\"twitter:data2\" content=\"5 minuts\" \/>\n<script type=\"application\/ld+json\" class=\"yoast-schema-graph\">{\"@context\":\"https:\/\/schema.org\",\"@graph\":[{\"@type\":\"Article\",\"@id\":\"https:\/\/www.fvb.cat\/ca\/?p=17264#article\",\"isPartOf\":{\"@id\":\"https:\/\/www.fvb.cat\/ca\/?p=17264\"},\"author\":{\"name\":\"Incidencies FVB\",\"@id\":\"https:\/\/www.fvb.cat\/es\/#\/schema\/person\/83a51a8cdae04bb9ed05ac117cc725eb\"},\"headline\":\"M\u00e9s de 150 persones assisteixen a la I Jornada d\u2019Innovaci\u00f3 en Psicoter\u00e0pia de la Fundaci\u00f3 Vidal i Barraquer\",\"datePublished\":\"2025-07-10T09:22:20+00:00\",\"dateModified\":\"2025-07-10T09:25:44+00:00\",\"mainEntityOfPage\":{\"@id\":\"https:\/\/www.fvb.cat\/ca\/?p=17264\"},\"wordCount\":1616,\"publisher\":{\"@id\":\"https:\/\/www.fvb.cat\/es\/#organization\"},\"image\":{\"@id\":\"https:\/\/www.fvb.cat\/ca\/?p=17264#primaryimage\"},\"thumbnailUrl\":\"https:\/\/www.fvb.cat\/wp-content\/uploads\/2025\/07\/IMG-PORTADA-JORNADA_A_FVB-scaled.jpg\",\"keywords\":[\"adolesc\u00e8ncia\",\"inf\u00e0ncia\",\"innovaci\u00f3\",\"jornada\",\"mppc\",\"mpppia\",\"perinatalitat\",\"psicoanal\u00edtica\",\"psicoterapia\"],\"articleSection\":[\"Actualitat\"],\"inLanguage\":\"ca\"},{\"@type\":\"WebPage\",\"@id\":\"https:\/\/www.fvb.cat\/ca\/?p=17264\",\"url\":\"https:\/\/www.fvb.cat\/ca\/?p=17264\",\"name\":\"[:ca]M\u00e9s de 150 persones assisteixen a la I Jornada d\u2019Innovaci\u00f3 en Psicoter\u00e0pia de la Fundaci\u00f3 Vidal i Barraquer[:es]M\u00e1s de 150 personas asisten a la I Jornada de Innovaci\u00f3n en Psicoterapia de la Fundaci\u00f3n Vidal i Barraquer [:] - Fundaci\u00f3 Vidal i Barraquer\",\"isPartOf\":{\"@id\":\"https:\/\/www.fvb.cat\/es\/#website\"},\"primaryImageOfPage\":{\"@id\":\"https:\/\/www.fvb.cat\/ca\/?p=17264#primaryimage\"},\"image\":{\"@id\":\"https:\/\/www.fvb.cat\/ca\/?p=17264#primaryimage\"},\"thumbnailUrl\":\"https:\/\/www.fvb.cat\/wp-content\/uploads\/2025\/07\/IMG-PORTADA-JORNADA_A_FVB-scaled.jpg\",\"datePublished\":\"2025-07-10T09:22:20+00:00\",\"dateModified\":\"2025-07-10T09:25:44+00:00\",\"breadcrumb\":{\"@id\":\"https:\/\/www.fvb.cat\/ca\/?p=17264#breadcrumb\"},\"inLanguage\":\"ca\",\"potentialAction\":[{\"@type\":\"ReadAction\",\"target\":[\"https:\/\/www.fvb.cat\/ca\/?p=17264\"]}]},{\"@type\":\"ImageObject\",\"inLanguage\":\"ca\",\"@id\":\"https:\/\/www.fvb.cat\/ca\/?p=17264#primaryimage\",\"url\":\"https:\/\/www.fvb.cat\/wp-content\/uploads\/2025\/07\/IMG-PORTADA-JORNADA_A_FVB-scaled.jpg\",\"contentUrl\":\"https:\/\/www.fvb.cat\/wp-content\/uploads\/2025\/07\/IMG-PORTADA-JORNADA_A_FVB-scaled.jpg\",\"width\":2560,\"height\":1920},{\"@type\":\"BreadcrumbList\",\"@id\":\"https:\/\/www.fvb.cat\/ca\/?p=17264#breadcrumb\",\"itemListElement\":[{\"@type\":\"ListItem\",\"position\":1,\"name\":\"Inici\",\"item\":\"https:\/\/www.fvb.cat\/es\/\"},{\"@type\":\"ListItem\",\"position\":2,\"name\":\"M\u00e9s de 150 persones assisteixen a la I Jornada d\u2019Innovaci\u00f3 en Psicoter\u00e0pia de la Fundaci\u00f3 Vidal i Barraquer\"}]},{\"@type\":\"WebSite\",\"@id\":\"https:\/\/www.fvb.cat\/es\/#website\",\"url\":\"https:\/\/www.fvb.cat\/es\/\",\"name\":\"Fundaci\u00f3 Vidal i Barraquer\",\"description\":\"Assist\u00e8ncia, doc\u00e8ncia i recerca en la salut mental\",\"publisher\":{\"@id\":\"https:\/\/www.fvb.cat\/es\/#organization\"},\"potentialAction\":[{\"@type\":\"SearchAction\",\"target\":{\"@type\":\"EntryPoint\",\"urlTemplate\":\"https:\/\/www.fvb.cat\/es\/?s={search_term_string}\"},\"query-input\":\"required name=search_term_string\"}],\"inLanguage\":\"ca\"},{\"@type\":\"Organization\",\"@id\":\"https:\/\/www.fvb.cat\/es\/#organization\",\"name\":\"Fundaci\u00f3 Vidal i Barraquer\",\"url\":\"https:\/\/www.fvb.cat\/es\/\",\"logo\":{\"@type\":\"ImageObject\",\"inLanguage\":\"ca\",\"@id\":\"https:\/\/www.fvb.cat\/es\/#\/schema\/logo\/image\/\",\"url\":\"https:\/\/www.fvb.cat\/wp-content\/uploads\/2024\/05\/logo-vidal-i-barrauqer-60-aniversari.jpg\",\"contentUrl\":\"https:\/\/www.fvb.cat\/wp-content\/uploads\/2024\/05\/logo-vidal-i-barrauqer-60-aniversari.jpg\",\"width\":2125,\"height\":703,\"caption\":\"Fundaci\u00f3 Vidal i Barraquer\"},\"image\":{\"@id\":\"https:\/\/www.fvb.cat\/es\/#\/schema\/logo\/image\/\"}},{\"@type\":\"Person\",\"@id\":\"https:\/\/www.fvb.cat\/es\/#\/schema\/person\/83a51a8cdae04bb9ed05ac117cc725eb\",\"name\":\"Incidencies FVB\",\"image\":{\"@type\":\"ImageObject\",\"inLanguage\":\"ca\",\"@id\":\"https:\/\/www.fvb.cat\/es\/#\/schema\/person\/image\/\",\"url\":\"https:\/\/secure.gravatar.com\/avatar\/e273473f44d68622f3c121bdf3d64154?s=96&d=mm&r=g\",\"contentUrl\":\"https:\/\/secure.gravatar.com\/avatar\/e273473f44d68622f3c121bdf3d64154?s=96&d=mm&r=g\",\"caption\":\"Incidencies FVB\"},\"url\":\"https:\/\/www.fvb.cat\/ca\/author\/incidencies-fvb\/\"}]}<\/script>\n<!-- \/ Yoast SEO plugin. -->","yoast_head_json":{"title":"[:ca]M\u00e9s de 150 persones assisteixen a la I Jornada d\u2019Innovaci\u00f3 en Psicoter\u00e0pia de la Fundaci\u00f3 Vidal i Barraquer[:es]M\u00e1s de 150 personas asisten a la I Jornada de Innovaci\u00f3n en Psicoterapia de la Fundaci\u00f3n Vidal i Barraquer [:] - Fundaci\u00f3 Vidal i Barraquer","robots":{"index":"index","follow":"follow","max-snippet":"max-snippet:-1","max-image-preview":"max-image-preview:large","max-video-preview":"max-video-preview:-1"},"canonical":"https:\/\/www.fvb.cat\/ca\/?p=17264","og_locale":"ca_ES","og_type":"article","og_title":"[:ca]M\u00e9s de 150 persones assisteixen a la I Jornada d\u2019Innovaci\u00f3 en Psicoter\u00e0pia de la Fundaci\u00f3 Vidal i Barraquer[:es]M\u00e1s de 150 personas asisten a la I Jornada de Innovaci\u00f3n en Psicoterapia de la Fundaci\u00f3n Vidal i Barraquer [:] - Fundaci\u00f3 Vidal i Barraquer","og_description":"El Palau Macaya de Barcelona ha acollit el 4 de juliol la...","og_url":"https:\/\/www.fvb.cat\/ca\/?p=17264","og_site_name":"Fundaci\u00f3 Vidal i Barraquer","article_published_time":"2025-07-10T09:22:20+00:00","article_modified_time":"2025-07-10T09:25:44+00:00","og_image":[{"width":2560,"height":1920,"url":"https:\/\/www.fvb.cat\/wp-content\/uploads\/2025\/07\/IMG-PORTADA-JORNADA_A_FVB-scaled.jpg","type":"image\/jpeg"}],"author":"Incidencies FVB","twitter_card":"summary_large_image","twitter_misc":{"Escrit per":"Incidencies FVB","Temps estimat de lectura":"5 minuts"},"schema":{"@context":"https:\/\/schema.org","@graph":[{"@type":"Article","@id":"https:\/\/www.fvb.cat\/ca\/?p=17264#article","isPartOf":{"@id":"https:\/\/www.fvb.cat\/ca\/?p=17264"},"author":{"name":"Incidencies FVB","@id":"https:\/\/www.fvb.cat\/es\/#\/schema\/person\/83a51a8cdae04bb9ed05ac117cc725eb"},"headline":"M\u00e9s de 150 persones assisteixen a la I Jornada d\u2019Innovaci\u00f3 en Psicoter\u00e0pia de la Fundaci\u00f3 Vidal i Barraquer","datePublished":"2025-07-10T09:22:20+00:00","dateModified":"2025-07-10T09:25:44+00:00","mainEntityOfPage":{"@id":"https:\/\/www.fvb.cat\/ca\/?p=17264"},"wordCount":1616,"publisher":{"@id":"https:\/\/www.fvb.cat\/es\/#organization"},"image":{"@id":"https:\/\/www.fvb.cat\/ca\/?p=17264#primaryimage"},"thumbnailUrl":"https:\/\/www.fvb.cat\/wp-content\/uploads\/2025\/07\/IMG-PORTADA-JORNADA_A_FVB-scaled.jpg","keywords":["adolesc\u00e8ncia","inf\u00e0ncia","innovaci\u00f3","jornada","mppc","mpppia","perinatalitat","psicoanal\u00edtica","psicoterapia"],"articleSection":["Actualitat"],"inLanguage":"ca"},{"@type":"WebPage","@id":"https:\/\/www.fvb.cat\/ca\/?p=17264","url":"https:\/\/www.fvb.cat\/ca\/?p=17264","name":"[:ca]M\u00e9s de 150 persones assisteixen a la I Jornada d\u2019Innovaci\u00f3 en Psicoter\u00e0pia de la Fundaci\u00f3 Vidal i Barraquer[:es]M\u00e1s de 150 personas asisten a la I Jornada de Innovaci\u00f3n en Psicoterapia de la Fundaci\u00f3n Vidal i Barraquer [:] - Fundaci\u00f3 Vidal i Barraquer","isPartOf":{"@id":"https:\/\/www.fvb.cat\/es\/#website"},"primaryImageOfPage":{"@id":"https:\/\/www.fvb.cat\/ca\/?p=17264#primaryimage"},"image":{"@id":"https:\/\/www.fvb.cat\/ca\/?p=17264#primaryimage"},"thumbnailUrl":"https:\/\/www.fvb.cat\/wp-content\/uploads\/2025\/07\/IMG-PORTADA-JORNADA_A_FVB-scaled.jpg","datePublished":"2025-07-10T09:22:20+00:00","dateModified":"2025-07-10T09:25:44+00:00","breadcrumb":{"@id":"https:\/\/www.fvb.cat\/ca\/?p=17264#breadcrumb"},"inLanguage":"ca","potentialAction":[{"@type":"ReadAction","target":["https:\/\/www.fvb.cat\/ca\/?p=17264"]}]},{"@type":"ImageObject","inLanguage":"ca","@id":"https:\/\/www.fvb.cat\/ca\/?p=17264#primaryimage","url":"https:\/\/www.fvb.cat\/wp-content\/uploads\/2025\/07\/IMG-PORTADA-JORNADA_A_FVB-scaled.jpg","contentUrl":"https:\/\/www.fvb.cat\/wp-content\/uploads\/2025\/07\/IMG-PORTADA-JORNADA_A_FVB-scaled.jpg","width":2560,"height":1920},{"@type":"BreadcrumbList","@id":"https:\/\/www.fvb.cat\/ca\/?p=17264#breadcrumb","itemListElement":[{"@type":"ListItem","position":1,"name":"Inici","item":"https:\/\/www.fvb.cat\/es\/"},{"@type":"ListItem","position":2,"name":"M\u00e9s de 150 persones assisteixen a la I Jornada d\u2019Innovaci\u00f3 en Psicoter\u00e0pia de la Fundaci\u00f3 Vidal i Barraquer"}]},{"@type":"WebSite","@id":"https:\/\/www.fvb.cat\/es\/#website","url":"https:\/\/www.fvb.cat\/es\/","name":"Fundaci\u00f3 Vidal i Barraquer","description":"Assist\u00e8ncia, doc\u00e8ncia i recerca en la salut mental","publisher":{"@id":"https:\/\/www.fvb.cat\/es\/#organization"},"potentialAction":[{"@type":"SearchAction","target":{"@type":"EntryPoint","urlTemplate":"https:\/\/www.fvb.cat\/es\/?s={search_term_string}"},"query-input":"required name=search_term_string"}],"inLanguage":"ca"},{"@type":"Organization","@id":"https:\/\/www.fvb.cat\/es\/#organization","name":"Fundaci\u00f3 Vidal i Barraquer","url":"https:\/\/www.fvb.cat\/es\/","logo":{"@type":"ImageObject","inLanguage":"ca","@id":"https:\/\/www.fvb.cat\/es\/#\/schema\/logo\/image\/","url":"https:\/\/www.fvb.cat\/wp-content\/uploads\/2024\/05\/logo-vidal-i-barrauqer-60-aniversari.jpg","contentUrl":"https:\/\/www.fvb.cat\/wp-content\/uploads\/2024\/05\/logo-vidal-i-barrauqer-60-aniversari.jpg","width":2125,"height":703,"caption":"Fundaci\u00f3 Vidal i Barraquer"},"image":{"@id":"https:\/\/www.fvb.cat\/es\/#\/schema\/logo\/image\/"}},{"@type":"Person","@id":"https:\/\/www.fvb.cat\/es\/#\/schema\/person\/83a51a8cdae04bb9ed05ac117cc725eb","name":"Incidencies FVB","image":{"@type":"ImageObject","inLanguage":"ca","@id":"https:\/\/www.fvb.cat\/es\/#\/schema\/person\/image\/","url":"https:\/\/secure.gravatar.com\/avatar\/e273473f44d68622f3c121bdf3d64154?s=96&d=mm&r=g","contentUrl":"https:\/\/secure.gravatar.com\/avatar\/e273473f44d68622f3c121bdf3d64154?s=96&d=mm&r=g","caption":"Incidencies FVB"},"url":"https:\/\/www.fvb.cat\/ca\/author\/incidencies-fvb\/"}]}},"_links":{"self":[{"href":"https:\/\/www.fvb.cat\/ca\/wp-json\/wp\/v2\/posts\/17264"}],"collection":[{"href":"https:\/\/www.fvb.cat\/ca\/wp-json\/wp\/v2\/posts"}],"about":[{"href":"https:\/\/www.fvb.cat\/ca\/wp-json\/wp\/v2\/types\/post"}],"author":[{"embeddable":true,"href":"https:\/\/www.fvb.cat\/ca\/wp-json\/wp\/v2\/users\/33"}],"replies":[{"embeddable":true,"href":"https:\/\/www.fvb.cat\/ca\/wp-json\/wp\/v2\/comments?post=17264"}],"version-history":[{"count":1,"href":"https:\/\/www.fvb.cat\/ca\/wp-json\/wp\/v2\/posts\/17264\/revisions"}],"predecessor-version":[{"id":17273,"href":"https:\/\/www.fvb.cat\/ca\/wp-json\/wp\/v2\/posts\/17264\/revisions\/17273"}],"wp:featuredmedia":[{"embeddable":true,"href":"https:\/\/www.fvb.cat\/ca\/wp-json\/wp\/v2\/media\/17266"}],"wp:attachment":[{"href":"https:\/\/www.fvb.cat\/ca\/wp-json\/wp\/v2\/media?parent=17264"}],"wp:term":[{"taxonomy":"category","embeddable":true,"href":"https:\/\/www.fvb.cat\/ca\/wp-json\/wp\/v2\/categories?post=17264"},{"taxonomy":"post_tag","embeddable":true,"href":"https:\/\/www.fvb.cat\/ca\/wp-json\/wp\/v2\/tags?post=17264"}],"curies":[{"name":"wp","href":"https:\/\/api.w.org\/{rel}","templated":true}]}}