{"id":14098,"date":"2024-04-08T12:17:58","date_gmt":"2024-04-08T11:17:58","guid":{"rendered":"https:\/\/www.fvb.cat\/es\/?p=14098"},"modified":"2024-04-18T16:11:08","modified_gmt":"2024-04-18T15:11:08","slug":"la-fvb-sadhereix-al-programa-pilot-daprofitament-de-material-del-coib","status":"publish","type":"post","link":"https:\/\/www.fvb.cat\/ca\/la-fvb-sadhereix-al-programa-pilot-daprofitament-de-material-del-coib\/","title":{"rendered":"La FVB s\u2019adhereix al programa pilot d\u2019aprofitament de material del COIB"},"content":{"rendered":"<h3 style=\"text-align: center;\">El CSMA Sant Andreu ja ha entregat material sobrant de l\u2019administraci\u00f3 d\u2019injectables al Col\u00b7legi Oficial d\u2019Infermeres i Infermers de Barcelona, per l\u2019aprofitament en zones m\u00e9s necessitades<\/h3>\n<p><!--more--><\/p>\n<p>El passat mes de novembre, el<a href=\"https:\/\/www.coib.cat\/ca-es\/inici.html\"> Col\u00b7legi Oficial d\u2019Infermeres i Infermers de Barcelona (COIB)<\/a>, va iniciar un programa pilot d\u2019<strong>Aprofitament de Material Sobrant de l\u2019Administraci\u00f3 d\u2019Injectables.<\/strong> Es tracta de conservar, recollir i enviar aquest material sobrant a centres sanitaris de zones del m\u00f3n desprove\u00efdes. Amb aquest petit gra de sorra es contribueix a l\u2019abastiment per millorar l\u2019administraci\u00f3 de medicaci\u00f3 a la poblaci\u00f3 que ho necessita.<\/p>\n<p>El <a href=\"https:\/\/www.fvb.cat\/assistencia-publica\/ssm-sant-andreu-2\/\">Centre de Salut Mental d\u2019Adults de Sant Andreu de la Fundaci\u00f3 Vidal i Barraquer<\/a> s\u2019ha adherit a aquest programa pilot. Al desembre es va fer l\u2019entrega de tres caixes amb un total de 1.137 agulles que s\u2019han enviat al <a href=\"https:\/\/casalcubabarcelona.wordpress.com\/\">Casal Amistat de Cuba a Barcelona<\/a> perqu\u00e8 ho reparteixin per diferents centres sanitaris del pa\u00eds. Aquest mes de mar\u00e7 s\u2019ha fet una segona donaci\u00f3 de cinc caixes amb un total de 538 agulles de diverses mides; una b\u00e0scula corporal electr\u00f2nica, aparells de TA de bra\u00e7, entre altres coses.<\/p>\n<blockquote>\n<p style=\"text-align: center;\">\u201cSaber que d\u2019alguna manera estem col\u00b7laborant amb pa\u00efsos m\u00e9s desfavorits ens motiva a continuar\u201d<\/p>\n<\/blockquote>\n<p>Per tal de tenir-ho tot comptabilitzat, les infermeres del CSMA han recollit tot el material en caixes de cartr\u00f3 i les han etiquetat amb les dates de caducitat corresponents. Totes les agulles de pot donades tenen la funci\u00f3 de tractar l\u2019esquizofr\u00e8nia i altres tipus de trastorns, com el trastorn bipolar.<\/p>\n<p>Des del Centre de Salut Mental d\u2019Adults Sant Andreu es valora molt positivament la iniciativa del COIB. \u201cSaber que d\u2019alguna manera estem col\u00b7laborant amb companys i companyes, que estan fent la nostra tasca en altres pa\u00efsos m\u00e9s desfavorits, ens motiva a continuar\u201d comenta <strong>Conxi Aguilera<\/strong>, infermera del CSMA Sant Andreu.<\/p>\n<p>Aquest projecte pilot d\u2019aprofitament de material sobrant, ha tingut una acollida tant bona, que des de la <a href=\"https:\/\/www.fvb.cat\/\">Fundaci\u00f3 Vidal i Barraquer<\/a> ja s\u2019est\u00e0 tornant a fer una reserva de material per enviar a una zona del m\u00f3n on sigui necess\u00e0ria aquesta col\u00b7laboraci\u00f3.<\/p>\n<p>&nbsp;","protected":false},"excerpt":{"rendered":"<p>El CSMA Sant Andreu ja ha entregat material sobrant de l\u2019administraci\u00f3 d\u2019injectables&#8230;<\/p>\n","protected":false},"author":33,"featured_media":14102,"comment_status":"closed","ping_status":"closed","sticky":false,"template":"","format":"standard","meta":{"footnotes":""},"categories":[56],"tags":[],"yoast_head":"<!-- This site is optimized with the Yoast SEO plugin v22.6 - https:\/\/yoast.com\/wordpress\/plugins\/seo\/ -->\n<title>La FVB s\u2019adhereix al programa pilot d\u2019aprofitament de material del COIB<\/title>\n<meta name=\"description\" content=\"El CSMA Sant Andreu ha entregat material sobrant de l\u2019administraci\u00f3 d\u2019injectables al COIB, per l\u2019aprofitament en zones m\u00e9s necessitades.\" \/>\n<meta name=\"robots\" content=\"index, follow, max-snippet:-1, max-image-preview:large, max-video-preview:-1\" \/>\n<link rel=\"canonical\" href=\"https:\/\/www.fvb.cat\/ca\/?p=14098\" \/>\n<meta property=\"og:locale\" content=\"ca_ES\" \/>\n<meta property=\"og:type\" content=\"article\" \/>\n<meta property=\"og:title\" content=\"La FVB s\u2019adhereix al programa pilot d\u2019aprofitament de material del COIB\" \/>\n<meta property=\"og:description\" content=\"El CSMA Sant Andreu ha entregat material sobrant de l\u2019administraci\u00f3 d\u2019injectables al COIB, per l\u2019aprofitament en zones m\u00e9s necessitades.\" \/>\n<meta property=\"og:url\" content=\"https:\/\/www.fvb.cat\/ca\/?p=14098\" \/>\n<meta property=\"og:site_name\" content=\"Fundaci\u00f3 Vidal i Barraquer\" \/>\n<meta property=\"article:published_time\" content=\"2024-04-08T11:17:58+00:00\" \/>\n<meta property=\"article:modified_time\" content=\"2024-04-18T15:11:08+00:00\" \/>\n<meta property=\"og:image\" content=\"https:\/\/www.fvb.cat\/wp-content\/uploads\/2024\/04\/23022024_AGULLA_INJECTABLE_A_FREEPICK-scaled.jpg\" \/>\n\t<meta property=\"og:image:width\" content=\"2560\" \/>\n\t<meta property=\"og:image:height\" content=\"1707\" \/>\n\t<meta property=\"og:image:type\" content=\"image\/jpeg\" \/>\n<meta name=\"author\" content=\"Incidencies FVB\" \/>\n<meta name=\"twitter:card\" content=\"summary_large_image\" \/>\n<meta name=\"twitter:label1\" content=\"Escrit per\" \/>\n\t<meta name=\"twitter:data1\" content=\"Incidencies FVB\" \/>\n\t<meta name=\"twitter:label2\" content=\"Temps estimat de lectura\" \/>\n\t<meta name=\"twitter:data2\" content=\"4 minuts\" \/>\n<script type=\"application\/ld+json\" class=\"yoast-schema-graph\">{\"@context\":\"https:\/\/schema.org\",\"@graph\":[{\"@type\":\"Article\",\"@id\":\"https:\/\/www.fvb.cat\/ca\/?p=14098#article\",\"isPartOf\":{\"@id\":\"https:\/\/www.fvb.cat\/ca\/?p=14098\"},\"author\":{\"name\":\"Incidencies FVB\",\"@id\":\"https:\/\/www.fvb.cat\/es\/#\/schema\/person\/83a51a8cdae04bb9ed05ac117cc725eb\"},\"headline\":\"La FVB s\u2019adhereix al programa pilot d\u2019aprofitament de material del COIB\",\"datePublished\":\"2024-04-08T11:17:58+00:00\",\"dateModified\":\"2024-04-18T15:11:08+00:00\",\"mainEntityOfPage\":{\"@id\":\"https:\/\/www.fvb.cat\/ca\/?p=14098\"},\"wordCount\":772,\"publisher\":{\"@id\":\"https:\/\/www.fvb.cat\/es\/#organization\"},\"image\":{\"@id\":\"https:\/\/www.fvb.cat\/ca\/?p=14098#primaryimage\"},\"thumbnailUrl\":\"https:\/\/www.fvb.cat\/wp-content\/uploads\/2024\/04\/23022024_AGULLA_INJECTABLE_A_FREEPICK-scaled.jpg\",\"articleSection\":[\"Actualitat\"],\"inLanguage\":\"ca\"},{\"@type\":\"WebPage\",\"@id\":\"https:\/\/www.fvb.cat\/ca\/?p=14098\",\"url\":\"https:\/\/www.fvb.cat\/ca\/?p=14098\",\"name\":\"La FVB s\u2019adhereix al programa pilot d\u2019aprofitament de material del COIB\",\"isPartOf\":{\"@id\":\"https:\/\/www.fvb.cat\/es\/#website\"},\"primaryImageOfPage\":{\"@id\":\"https:\/\/www.fvb.cat\/ca\/?p=14098#primaryimage\"},\"image\":{\"@id\":\"https:\/\/www.fvb.cat\/ca\/?p=14098#primaryimage\"},\"thumbnailUrl\":\"https:\/\/www.fvb.cat\/wp-content\/uploads\/2024\/04\/23022024_AGULLA_INJECTABLE_A_FREEPICK-scaled.jpg\",\"datePublished\":\"2024-04-08T11:17:58+00:00\",\"dateModified\":\"2024-04-18T15:11:08+00:00\",\"description\":\"El CSMA Sant Andreu ha entregat material sobrant de l\u2019administraci\u00f3 d\u2019injectables al COIB, per l\u2019aprofitament en zones m\u00e9s necessitades.\",\"breadcrumb\":{\"@id\":\"https:\/\/www.fvb.cat\/ca\/?p=14098#breadcrumb\"},\"inLanguage\":\"ca\",\"potentialAction\":[{\"@type\":\"ReadAction\",\"target\":[\"https:\/\/www.fvb.cat\/ca\/?p=14098\"]}]},{\"@type\":\"ImageObject\",\"inLanguage\":\"ca\",\"@id\":\"https:\/\/www.fvb.cat\/ca\/?p=14098#primaryimage\",\"url\":\"https:\/\/www.fvb.cat\/wp-content\/uploads\/2024\/04\/23022024_AGULLA_INJECTABLE_A_FREEPICK-scaled.jpg\",\"contentUrl\":\"https:\/\/www.fvb.cat\/wp-content\/uploads\/2024\/04\/23022024_AGULLA_INJECTABLE_A_FREEPICK-scaled.jpg\",\"width\":2560,\"height\":1707},{\"@type\":\"BreadcrumbList\",\"@id\":\"https:\/\/www.fvb.cat\/ca\/?p=14098#breadcrumb\",\"itemListElement\":[{\"@type\":\"ListItem\",\"position\":1,\"name\":\"Inici\",\"item\":\"https:\/\/www.fvb.cat\/es\/\"},{\"@type\":\"ListItem\",\"position\":2,\"name\":\"La FVB s\u2019adhereix al programa pilot d\u2019aprofitament de material del COIB\"}]},{\"@type\":\"WebSite\",\"@id\":\"https:\/\/www.fvb.cat\/es\/#website\",\"url\":\"https:\/\/www.fvb.cat\/es\/\",\"name\":\"Fundaci\u00f3 Vidal i Barraquer\",\"description\":\"Assist\u00e8ncia, doc\u00e8ncia i recerca en la salut mental\",\"publisher\":{\"@id\":\"https:\/\/www.fvb.cat\/es\/#organization\"},\"potentialAction\":[{\"@type\":\"SearchAction\",\"target\":{\"@type\":\"EntryPoint\",\"urlTemplate\":\"https:\/\/www.fvb.cat\/es\/?s={search_term_string}\"},\"query-input\":\"required name=search_term_string\"}],\"inLanguage\":\"ca\"},{\"@type\":\"Organization\",\"@id\":\"https:\/\/www.fvb.cat\/es\/#organization\",\"name\":\"Fundaci\u00f3 Vidal i Barraquer\",\"url\":\"https:\/\/www.fvb.cat\/es\/\",\"logo\":{\"@type\":\"ImageObject\",\"inLanguage\":\"ca\",\"@id\":\"https:\/\/www.fvb.cat\/es\/#\/schema\/logo\/image\/\",\"url\":\"https:\/\/www.fvb.cat\/wp-content\/uploads\/2024\/05\/logo-vidal-i-barrauqer-60-aniversari.jpg\",\"contentUrl\":\"https:\/\/www.fvb.cat\/wp-content\/uploads\/2024\/05\/logo-vidal-i-barrauqer-60-aniversari.jpg\",\"width\":2125,\"height\":703,\"caption\":\"Fundaci\u00f3 Vidal i Barraquer\"},\"image\":{\"@id\":\"https:\/\/www.fvb.cat\/es\/#\/schema\/logo\/image\/\"}},{\"@type\":\"Person\",\"@id\":\"https:\/\/www.fvb.cat\/es\/#\/schema\/person\/83a51a8cdae04bb9ed05ac117cc725eb\",\"name\":\"Incidencies FVB\",\"image\":{\"@type\":\"ImageObject\",\"inLanguage\":\"ca\",\"@id\":\"https:\/\/www.fvb.cat\/es\/#\/schema\/person\/image\/\",\"url\":\"https:\/\/secure.gravatar.com\/avatar\/e273473f44d68622f3c121bdf3d64154?s=96&d=mm&r=g\",\"contentUrl\":\"https:\/\/secure.gravatar.com\/avatar\/e273473f44d68622f3c121bdf3d64154?s=96&d=mm&r=g\",\"caption\":\"Incidencies FVB\"},\"url\":\"https:\/\/www.fvb.cat\/ca\/author\/incidencies-fvb\/\"}]}<\/script>\n<!-- \/ Yoast SEO plugin. -->","yoast_head_json":{"title":"La FVB s\u2019adhereix al programa pilot d\u2019aprofitament de material del COIB","description":"El CSMA Sant Andreu ha entregat material sobrant de l\u2019administraci\u00f3 d\u2019injectables al COIB, per l\u2019aprofitament en zones m\u00e9s necessitades.","robots":{"index":"index","follow":"follow","max-snippet":"max-snippet:-1","max-image-preview":"max-image-preview:large","max-video-preview":"max-video-preview:-1"},"canonical":"https:\/\/www.fvb.cat\/ca\/?p=14098","og_locale":"ca_ES","og_type":"article","og_title":"La FVB s\u2019adhereix al programa pilot d\u2019aprofitament de material del COIB","og_description":"El CSMA Sant Andreu ha entregat material sobrant de l\u2019administraci\u00f3 d\u2019injectables al COIB, per l\u2019aprofitament en zones m\u00e9s necessitades.","og_url":"https:\/\/www.fvb.cat\/ca\/?p=14098","og_site_name":"Fundaci\u00f3 Vidal i Barraquer","article_published_time":"2024-04-08T11:17:58+00:00","article_modified_time":"2024-04-18T15:11:08+00:00","og_image":[{"width":2560,"height":1707,"url":"https:\/\/www.fvb.cat\/wp-content\/uploads\/2024\/04\/23022024_AGULLA_INJECTABLE_A_FREEPICK-scaled.jpg","type":"image\/jpeg"}],"author":"Incidencies FVB","twitter_card":"summary_large_image","twitter_misc":{"Escrit per":"Incidencies FVB","Temps estimat de lectura":"4 minuts"},"schema":{"@context":"https:\/\/schema.org","@graph":[{"@type":"Article","@id":"https:\/\/www.fvb.cat\/ca\/?p=14098#article","isPartOf":{"@id":"https:\/\/www.fvb.cat\/ca\/?p=14098"},"author":{"name":"Incidencies FVB","@id":"https:\/\/www.fvb.cat\/es\/#\/schema\/person\/83a51a8cdae04bb9ed05ac117cc725eb"},"headline":"La FVB s\u2019adhereix al programa pilot d\u2019aprofitament de material del COIB","datePublished":"2024-04-08T11:17:58+00:00","dateModified":"2024-04-18T15:11:08+00:00","mainEntityOfPage":{"@id":"https:\/\/www.fvb.cat\/ca\/?p=14098"},"wordCount":772,"publisher":{"@id":"https:\/\/www.fvb.cat\/es\/#organization"},"image":{"@id":"https:\/\/www.fvb.cat\/ca\/?p=14098#primaryimage"},"thumbnailUrl":"https:\/\/www.fvb.cat\/wp-content\/uploads\/2024\/04\/23022024_AGULLA_INJECTABLE_A_FREEPICK-scaled.jpg","articleSection":["Actualitat"],"inLanguage":"ca"},{"@type":"WebPage","@id":"https:\/\/www.fvb.cat\/ca\/?p=14098","url":"https:\/\/www.fvb.cat\/ca\/?p=14098","name":"La FVB s\u2019adhereix al programa pilot d\u2019aprofitament de material del COIB","isPartOf":{"@id":"https:\/\/www.fvb.cat\/es\/#website"},"primaryImageOfPage":{"@id":"https:\/\/www.fvb.cat\/ca\/?p=14098#primaryimage"},"image":{"@id":"https:\/\/www.fvb.cat\/ca\/?p=14098#primaryimage"},"thumbnailUrl":"https:\/\/www.fvb.cat\/wp-content\/uploads\/2024\/04\/23022024_AGULLA_INJECTABLE_A_FREEPICK-scaled.jpg","datePublished":"2024-04-08T11:17:58+00:00","dateModified":"2024-04-18T15:11:08+00:00","description":"El CSMA Sant Andreu ha entregat material sobrant de l\u2019administraci\u00f3 d\u2019injectables al COIB, per l\u2019aprofitament en zones m\u00e9s necessitades.","breadcrumb":{"@id":"https:\/\/www.fvb.cat\/ca\/?p=14098#breadcrumb"},"inLanguage":"ca","potentialAction":[{"@type":"ReadAction","target":["https:\/\/www.fvb.cat\/ca\/?p=14098"]}]},{"@type":"ImageObject","inLanguage":"ca","@id":"https:\/\/www.fvb.cat\/ca\/?p=14098#primaryimage","url":"https:\/\/www.fvb.cat\/wp-content\/uploads\/2024\/04\/23022024_AGULLA_INJECTABLE_A_FREEPICK-scaled.jpg","contentUrl":"https:\/\/www.fvb.cat\/wp-content\/uploads\/2024\/04\/23022024_AGULLA_INJECTABLE_A_FREEPICK-scaled.jpg","width":2560,"height":1707},{"@type":"BreadcrumbList","@id":"https:\/\/www.fvb.cat\/ca\/?p=14098#breadcrumb","itemListElement":[{"@type":"ListItem","position":1,"name":"Inici","item":"https:\/\/www.fvb.cat\/es\/"},{"@type":"ListItem","position":2,"name":"La FVB s\u2019adhereix al programa pilot d\u2019aprofitament de material del COIB"}]},{"@type":"WebSite","@id":"https:\/\/www.fvb.cat\/es\/#website","url":"https:\/\/www.fvb.cat\/es\/","name":"Fundaci\u00f3 Vidal i Barraquer","description":"Assist\u00e8ncia, doc\u00e8ncia i recerca en la salut mental","publisher":{"@id":"https:\/\/www.fvb.cat\/es\/#organization"},"potentialAction":[{"@type":"SearchAction","target":{"@type":"EntryPoint","urlTemplate":"https:\/\/www.fvb.cat\/es\/?s={search_term_string}"},"query-input":"required name=search_term_string"}],"inLanguage":"ca"},{"@type":"Organization","@id":"https:\/\/www.fvb.cat\/es\/#organization","name":"Fundaci\u00f3 Vidal i Barraquer","url":"https:\/\/www.fvb.cat\/es\/","logo":{"@type":"ImageObject","inLanguage":"ca","@id":"https:\/\/www.fvb.cat\/es\/#\/schema\/logo\/image\/","url":"https:\/\/www.fvb.cat\/wp-content\/uploads\/2024\/05\/logo-vidal-i-barrauqer-60-aniversari.jpg","contentUrl":"https:\/\/www.fvb.cat\/wp-content\/uploads\/2024\/05\/logo-vidal-i-barrauqer-60-aniversari.jpg","width":2125,"height":703,"caption":"Fundaci\u00f3 Vidal i Barraquer"},"image":{"@id":"https:\/\/www.fvb.cat\/es\/#\/schema\/logo\/image\/"}},{"@type":"Person","@id":"https:\/\/www.fvb.cat\/es\/#\/schema\/person\/83a51a8cdae04bb9ed05ac117cc725eb","name":"Incidencies FVB","image":{"@type":"ImageObject","inLanguage":"ca","@id":"https:\/\/www.fvb.cat\/es\/#\/schema\/person\/image\/","url":"https:\/\/secure.gravatar.com\/avatar\/e273473f44d68622f3c121bdf3d64154?s=96&d=mm&r=g","contentUrl":"https:\/\/secure.gravatar.com\/avatar\/e273473f44d68622f3c121bdf3d64154?s=96&d=mm&r=g","caption":"Incidencies FVB"},"url":"https:\/\/www.fvb.cat\/ca\/author\/incidencies-fvb\/"}]}},"_links":{"self":[{"href":"https:\/\/www.fvb.cat\/ca\/wp-json\/wp\/v2\/posts\/14098"}],"collection":[{"href":"https:\/\/www.fvb.cat\/ca\/wp-json\/wp\/v2\/posts"}],"about":[{"href":"https:\/\/www.fvb.cat\/ca\/wp-json\/wp\/v2\/types\/post"}],"author":[{"embeddable":true,"href":"https:\/\/www.fvb.cat\/ca\/wp-json\/wp\/v2\/users\/33"}],"replies":[{"embeddable":true,"href":"https:\/\/www.fvb.cat\/ca\/wp-json\/wp\/v2\/comments?post=14098"}],"version-history":[{"count":3,"href":"https:\/\/www.fvb.cat\/ca\/wp-json\/wp\/v2\/posts\/14098\/revisions"}],"predecessor-version":[{"id":14840,"href":"https:\/\/www.fvb.cat\/ca\/wp-json\/wp\/v2\/posts\/14098\/revisions\/14840"}],"wp:featuredmedia":[{"embeddable":true,"href":"https:\/\/www.fvb.cat\/ca\/wp-json\/wp\/v2\/media\/14102"}],"wp:attachment":[{"href":"https:\/\/www.fvb.cat\/ca\/wp-json\/wp\/v2\/media?parent=14098"}],"wp:term":[{"taxonomy":"category","embeddable":true,"href":"https:\/\/www.fvb.cat\/ca\/wp-json\/wp\/v2\/categories?post=14098"},{"taxonomy":"post_tag","embeddable":true,"href":"https:\/\/www.fvb.cat\/ca\/wp-json\/wp\/v2\/tags?post=14098"}],"curies":[{"name":"wp","href":"https:\/\/api.w.org\/{rel}","templated":true}]}}